{"id":356098,"date":"2026-04-29T10:50:49","date_gmt":"2026-04-29T08:50:49","guid":{"rendered":"https:\/\/www.elche.es\/2026\/04\/elx-amplia-el-sistema-dalarmes-per-a-avisar-a-la-poblacio-davant-emergencies\/"},"modified":"2026-04-29T10:50:58","modified_gmt":"2026-04-29T08:50:58","slug":"elx-amplia-el-sistema-dalarmes-per-a-avisar-a-la-poblacio-davant-emergencies","status":"publish","type":"post","link":"https:\/\/www.elche.es\/va\/2026\/04\/elx-amplia-el-sistema-dalarmes-per-a-avisar-a-la-poblacio-davant-emergencies\/","title":{"rendered":"Elx \u00e0mplia el sistema d&#8217;alarmes per a avisar a la poblaci\u00f3 davant emerg\u00e8ncies"},"content":{"rendered":"<div class=\"wpb-content-wrapper\"><p>[vc_row el_id=&#8221;SUBTITULAR_NOTICIA&#8221;][vc_column][vc_column_text css=&#8221;&#8221;]<\/p>\n<hr \/>\n<p><strong>\u00a0Les noves sirenes s&#8217;instal\u00b7laran en el barranc de Sant Antoni, els Arcs i el Grifo a m\u00e9s del llit del riu Vinalop\u00f3 i estaran operatives abans del mes de setembre<\/strong><\/p>\n<hr \/>\n<p>[\/vc_column_text][\/vc_column][\/vc_row][vc_row el_id=&#8221;TEXTO_NOTICIA&#8221;][vc_column][vc_column_text css=&#8221;&#8221;]L&#8217;Ajuntament d&#8217;Elx avan\u00e7a en el desplegament del sistema d&#8217;alertes davant emerg\u00e8ncies amb la instal\u00b7laci\u00f3 de noves sirenes i c\u00e0meres en punts especialment sensibles del municipi per a alertar a la poblaci\u00f3 que es troba en els voltants i reduir els riscos derivats de les inundacions.<\/p>\n<p>L&#8217;edil d&#8217;Espais P\u00fablics, Claudio Guilabert, ha explicat que despr\u00e9s de la instal\u00b7laci\u00f3 del sistema d&#8217;alerta a l&#8217;entorn de l&#8217;estadi Mart\u00ednez Valero al costat del barranc de Sant Antoni, la nova fase del projecte contempla el subministrament i posada en marxa de c\u00e0meres multisensor amb visi\u00f3 360 graus i sirenes d&#8217;alerta primerenca d&#8217;alta pot\u00e8ncia. Este sistema es pret\u00e9n instal\u00b7lar en el barranc de Sant Antoni, al costat del Ventorrillo Dur\u00e1; en la zona de desembocadura del riu Vinalop\u00f3, en la zona de la urbanitzaci\u00f3 de Santa Fe, a m\u00e9s de les zones m\u00e9s urbanitzades al costat dels barrancs dels Arcs i del Grifo.<\/p>\n<p>Esta nova fase s&#8217;ha adjudicat a la mercantil Sabico Seguretat SA per un import de 142.836 euros, finan\u00e7at de manera \u00edntegra per l&#8217;Ajuntament.<\/p>\n<p>\u201cEsta \u00e9s una ferramenta clau per a millorar la seguretat en el moment en qu\u00e8 existisquen riscos per a la poblaci\u00f3, amb la incorporaci\u00f3 de nous sistemes de videovigil\u00e0ncia i megafonia espec\u00edfics per a l&#8217;alerta primerenca davant inundacions\u201d, ha assegurat Guilabert, que ha apuntat que estes sirenes permetran el CECOPAL quan es constitu\u00efsca \u201cenviar l&#8217;emissi\u00f3 d&#8217;avisos sonors clars, audibles i diferenciats, orientats a alertar a la poblaci\u00f3 que es trobe en els voltants\u201d.[\/vc_column_text][\/vc_column][\/vc_row][vc_row el_id=&#8221;DESTACADO_NOTICIA&#8221;][vc_column][vc_column_text css=&#8221;&#8221; el_class=&#8221;cuadronoticia&#8221;]<\/p>\n<h5><strong>Segons l&#8217;edil d&#8217;Espais P\u00fablics, Claudio Guilabert, \u201c\u00e9s un comprom\u00eds d&#8217;este Ajuntament invertir en les alertes primerenques per a reduir els riscos derivats de les inundacions\u201d <\/strong><\/h5>\n<p>[\/vc_column_text][\/vc_column][\/vc_row][vc_row el_id=&#8221;TEXTO_FIN_NOTICIA&#8221;][vc_column][vc_column_text css=&#8221;&#8221;]Amb esta actuaci\u00f3, ha dit, l&#8217;Ajuntament \u201cconsolida i completa el sistema d&#8217;alertes municipals per a l&#8217;emerg\u00e8ncia, refor\u00e7a les pol\u00edtiques de protecci\u00f3 civil i la prevenci\u00f3 de riscos i seguretat p\u00fablica\u201d.<\/p>\n<p>Aix\u00ed mateix, ha assenyalat que \u201csense les c\u00e0meres el CECOPAL est\u00e0 cec, i amb estes s&#8217;evitar\u00e0 el despla\u00e7ament d&#8217;operatius per a seguir-ne amb el control dels barrancs i els passos de carreteres\u201d.<\/p>\n<p>Guilabert ha indicat que estes c\u00e0meres tamb\u00e9 tenen autonomia absoluta en cas que existisquen talls de llum, alhora que poden continuar amb l&#8217;emissi\u00f3 del senyal malgrat que existisquen problemes de fibra \u00f2ptica. \u201c\u00c9s un comprom\u00eds d&#8217;este Ajuntament invertir en les alertes primerenques per a reduir els riscos derivats de les inundacions\u201d.<\/p>\n<p>D&#8217;altra banda, ha destacat la col\u00b7laboraci\u00f3 amb Aig\u00fces d\u2019Elx que tamb\u00e9 posar\u00e0 en marxa un sistema de mesuraments del cabal en els diferents barrancs i que estar\u00e0 operatiu, igual que les noves c\u00e0meres i sirenes abans del mes de setembre.<\/p>\n<hr \/>\n<p>[\/vc_column_text][\/vc_column][\/vc_row][vc_row][vc_column width=&#8221;1\/6&#8243;][\/vc_column][vc_column width=&#8221;2\/3&#8243;]<audio class=\"sc_audio\" src=\"https:\/\/soundcloud.com\/ayuntamiento-de-elche\/elche-amplia-el-sistema-de?si=f8916312eb484bab8360f6e1fc99bdb3&#038;utm_source=clipboard&#038;utm_medium=text&#038;utm_campaign=social_sharing\" width=\"\" height=\"\" style=\"````\"><\/audio>[\/vc_column][vc_column width=&#8221;1\/6&#8243;][\/vc_column][\/vc_row]<\/p>\n<\/div>","protected":false},"excerpt":{"rendered":"<p>[vc_row el_id=&#8221;SUBTITULAR_NOTICIA&#8221;][vc_column][vc_column_text css=&#8221;&#8221;] \u00a0Les noves sirenes s&#8217;instal\u00b7laran en el barranc de Sant Antoni, els Arcs i el Grifo a m\u00e9s del llit del riu Vinalop\u00f3 i estaran operatives abans del [&hellip;]<\/p>\n","protected":false},"author":167,"featured_media":356038,"comment_status":"closed","ping_status":"closed","sticky":false,"template":"","format":"standard","meta":{"footnotes":""},"categories":[391,1312,1277],"tags":[],"class_list":["post-356098","post","type-post","status-publish","format-standard","has-post-thumbnail","hentry","category-home-va","category-noticias-va","category-via-publica-va"],"_links":{"self":[{"href":"https:\/\/www.elche.es\/va\/wp-json\/wp\/v2\/posts\/356098","targetHints":{"allow":["GET"]}}],"collection":[{"href":"https:\/\/www.elche.es\/va\/wp-json\/wp\/v2\/posts"}],"about":[{"href":"https:\/\/www.elche.es\/va\/wp-json\/wp\/v2\/types\/post"}],"author":[{"embeddable":true,"href":"https:\/\/www.elche.es\/va\/wp-json\/wp\/v2\/users\/167"}],"replies":[{"embeddable":true,"href":"https:\/\/www.elche.es\/va\/wp-json\/wp\/v2\/comments?post=356098"}],"version-history":[{"count":2,"href":"https:\/\/www.elche.es\/va\/wp-json\/wp\/v2\/posts\/356098\/revisions"}],"predecessor-version":[{"id":356100,"href":"https:\/\/www.elche.es\/va\/wp-json\/wp\/v2\/posts\/356098\/revisions\/356100"}],"wp:featuredmedia":[{"embeddable":true,"href":"https:\/\/www.elche.es\/va\/wp-json\/wp\/v2\/media\/356038"}],"wp:attachment":[{"href":"https:\/\/www.elche.es\/va\/wp-json\/wp\/v2\/media?parent=356098"}],"wp:term":[{"taxonomy":"category","embeddable":true,"href":"https:\/\/www.elche.es\/va\/wp-json\/wp\/v2\/categories?post=356098"},{"taxonomy":"post_tag","embeddable":true,"href":"https:\/\/www.elche.es\/va\/wp-json\/wp\/v2\/tags?post=356098"}],"curies":[{"name":"wp","href":"https:\/\/api.w.org\/{rel}","templated":true}]}}