{"id":356104,"date":"2026-04-29T11:08:51","date_gmt":"2026-04-29T09:08:51","guid":{"rendered":"https:\/\/www.elche.es\/2026\/04\/deu-empreses-concorren-a-les-obres-durbanitzacio-dels-voltants-del-martinez-valero\/"},"modified":"2026-04-29T11:09:00","modified_gmt":"2026-04-29T09:09:00","slug":"deu-empreses-concorren-a-les-obres-durbanitzacio-dels-voltants-del-martinez-valero","status":"publish","type":"post","link":"https:\/\/www.elche.es\/va\/2026\/04\/deu-empreses-concorren-a-les-obres-durbanitzacio-dels-voltants-del-martinez-valero\/","title":{"rendered":"Deu empreses concorren a les obres d&#8217;urbanitzaci\u00f3 dels voltants del Mart\u00ednez Valero"},"content":{"rendered":"<div class=\"wpb-content-wrapper\"><p>[vc_row el_id=&#8221;SUBTITULAR_NOTICIA&#8221;][vc_column][vc_column_text css=&#8221;&#8221;]<\/p>\n<hr \/>\n<h4><strong>Una actuaci\u00f3 clau valorada en 4,1 milions d&#8217;euros que inclou ampliaci\u00f3 de voreres, m\u00e9s carrils de circulaci\u00f3, dos noves glorietes i nous aparcaments en l\u00ednia<\/strong><\/h4>\n<hr \/>\n<p>[\/vc_column_text][\/vc_column][\/vc_row][vc_row el_id=&#8221;TEXTO_NOTICIA&#8221;][vc_column][vc_column_text css=&#8221;&#8221;]L&#8217;Ajuntament d&#8217;Elx avan\u00e7a en un dels projectes m\u00e9s estrat\u00e8gics per a la ciutat despr\u00e9s que un total de deu empreses s&#8217;hagen presentat per a dur a terme la urbanitzaci\u00f3 dels voltants de l&#8217;estadi Mart\u00ednez Valero, la qual cosa reflectix la rellev\u00e0ncia d&#8217;esta actuaci\u00f3.<\/p>\n<p>\u201c\u00c9s important veure l&#8217;inter\u00e9s per una obra que \u00e9s fonamental per a una zona en ampliaci\u00f3 de la nostra ciutat, amb sectors urban\u00edstics nous i sobretot per a donar servici a totes eixes persones que cada quinze dies van a l&#8217;estadi\u201d ha subratllat el regidor d&#8217;Estrat\u00e8gia Municipal, Francisco Soler.<\/p>\n<p>El projecte, amb un pressupost de 4,1 milions d&#8217;euros i un termini d&#8217;execuci\u00f3 de cinc mesos, permetr\u00e0 la transformaci\u00f3 integral d&#8217;este espai clau per a la ciutat. Est\u00e0 previst que les obres comencen este mateix estiu, una vegada finalitzada la lliga de futbol, amb l&#8217;objectiu d&#8217;evitar mol\u00e8sties als usuaris habituals de l&#8217;estadi.[\/vc_column_text][\/vc_column][\/vc_row][vc_row el_id=&#8221;DESTACADO_NOTICIA&#8221;][vc_column][vc_column_text css=&#8221;&#8221; el_class=&#8221;cuadronoticia&#8221;]<\/p>\n<h5>Est\u00e0 previst que les obres comencen este estiu quan finalitze la temporada de futbol<\/h5>\n<p>[\/vc_column_text][\/vc_column][\/vc_row][vc_row el_id=&#8221;TEXTO_FIN_NOTICIA&#8221;][vc_column][vc_column_text css=&#8221;&#8221;]L&#8217;actuaci\u00f3 abasta una superf\u00edcie de 24.490 metres quadrats i inclou la renovaci\u00f3 de 400 metres de l&#8217;avinguda Manuel Mart\u00ednez Valero i 500 metres de l&#8217;avinguda Jos\u00e9 Esquitino Sempere. Les dos vies passaran a comptar amb seccions de 26 metres, quatre carrils de circulaci\u00f3, mitjanes centrals, voreres m\u00e9s amples i zones d&#8217;arbratge que afavoriran la generaci\u00f3 d&#8217;ombra.<\/p>\n<p>A m\u00e9s, s&#8217;executaran dos noves glorietes en la intersecci\u00f3 de Manuel Mart\u00ednez Valero amb Jos\u00e9 Esquitino Sempere i en el l\u00edmit entre els sectors AR-78 i E-24, es millorar\u00e0 la il\u00b7luminaci\u00f3 i s&#8217;habilitaran zones d&#8217;aparcament en l\u00ednia de 2,20 metres per cotxe.<\/p>\n<p>El projecte contempla tamb\u00e9 treballs de demolici\u00f3, moviment de terres, pavimentaci\u00f3, xarxes d&#8217;aigua potable i drenatge, enllumenat p\u00fablic, jardineria, reg, mobiliari urb\u00e0 i senyalitzaci\u00f3, amb l&#8217;objectiu de modernitzar tot l&#8217;entorn.<\/p>\n<hr \/>\n<p>[\/vc_column_text][\/vc_column][\/vc_row][vc_row][vc_column width=&#8221;1\/6&#8243;][\/vc_column][vc_column width=&#8221;2\/3&#8243;]<audio class=\"sc_audio\" src=\"https:\/\/soundcloud.com\/ayuntamiento-de-elche\/diez-empresas-concurren-a-las?si=0c447c9ef51244829d937ee45a9740d4&#038;utm_source=clipboard&#038;utm_medium=text&#038;utm_campaign=social_sharing\" width=\"\" height=\"\" style=\"````\"><\/audio>[\/vc_column][vc_column width=&#8221;1\/6&#8243;][\/vc_column][\/vc_row]<\/p>\n<\/div>","protected":false},"excerpt":{"rendered":"<p>[vc_row el_id=&#8221;SUBTITULAR_NOTICIA&#8221;][vc_column][vc_column_text css=&#8221;&#8221;] Una actuaci\u00f3 clau valorada en 4,1 milions d&#8217;euros que inclou ampliaci\u00f3 de voreres, m\u00e9s carrils de circulaci\u00f3, dos noves glorietes i nous aparcaments en l\u00ednia [\/vc_column_text][\/vc_column][\/vc_row][vc_row el_id=&#8221;TEXTO_NOTICIA&#8221;][vc_column][vc_column_text [&hellip;]<\/p>\n","protected":false},"author":167,"featured_media":356059,"comment_status":"closed","ping_status":"closed","sticky":false,"template":"","format":"standard","meta":{"footnotes":""},"categories":[391,1312,210],"tags":[],"class_list":["post-356104","post","type-post","status-publish","format-standard","has-post-thumbnail","hentry","category-home-va","category-noticias-va","category-urbanisme-va"],"_links":{"self":[{"href":"https:\/\/www.elche.es\/va\/wp-json\/wp\/v2\/posts\/356104","targetHints":{"allow":["GET"]}}],"collection":[{"href":"https:\/\/www.elche.es\/va\/wp-json\/wp\/v2\/posts"}],"about":[{"href":"https:\/\/www.elche.es\/va\/wp-json\/wp\/v2\/types\/post"}],"author":[{"embeddable":true,"href":"https:\/\/www.elche.es\/va\/wp-json\/wp\/v2\/users\/167"}],"replies":[{"embeddable":true,"href":"https:\/\/www.elche.es\/va\/wp-json\/wp\/v2\/comments?post=356104"}],"version-history":[{"count":2,"href":"https:\/\/www.elche.es\/va\/wp-json\/wp\/v2\/posts\/356104\/revisions"}],"predecessor-version":[{"id":356106,"href":"https:\/\/www.elche.es\/va\/wp-json\/wp\/v2\/posts\/356104\/revisions\/356106"}],"wp:featuredmedia":[{"embeddable":true,"href":"https:\/\/www.elche.es\/va\/wp-json\/wp\/v2\/media\/356059"}],"wp:attachment":[{"href":"https:\/\/www.elche.es\/va\/wp-json\/wp\/v2\/media?parent=356104"}],"wp:term":[{"taxonomy":"category","embeddable":true,"href":"https:\/\/www.elche.es\/va\/wp-json\/wp\/v2\/categories?post=356104"},{"taxonomy":"post_tag","embeddable":true,"href":"https:\/\/www.elche.es\/va\/wp-json\/wp\/v2\/tags?post=356104"}],"curies":[{"name":"wp","href":"https:\/\/api.w.org\/{rel}","templated":true}]}}