{"id":356124,"date":"2026-04-29T13:53:58","date_gmt":"2026-04-29T11:53:58","guid":{"rendered":"https:\/\/www.elche.es\/2026\/04\/elx-forma-part-de-la-xarxa-de-ciutats-compromeses-en-la-lluita-contra-lodi-en-lesport\/"},"modified":"2026-04-29T13:54:06","modified_gmt":"2026-04-29T11:54:06","slug":"elx-forma-part-de-la-xarxa-de-ciutats-compromeses-en-la-lluita-contra-lodi-en-lesport","status":"publish","type":"post","link":"https:\/\/www.elche.es\/va\/2026\/04\/elx-forma-part-de-la-xarxa-de-ciutats-compromeses-en-la-lluita-contra-lodi-en-lesport\/","title":{"rendered":"Elx forma part de la xarxa de ciutats compromeses en la lluita contra l&#8217;odi en l&#8217;esport"},"content":{"rendered":"<div class=\"wpb-content-wrapper\"><p>[vc_row el_id=&#8221;SUBTITULAR_NOTICIA&#8221;][vc_column][vc_column_text css=&#8221;&#8221;]<\/p>\n<hr \/>\n<h4>L&#8217;edil de l&#8217;\u00e0rea, J. Antonio Rom\u00e1n participa en l&#8217;esdeveniment impulsat per LaLiga i la Federaci\u00f3 Espanyola de Municipis i Prov\u00edncies<\/h4>\n<hr \/>\n<p>[\/vc_column_text][\/vc_column][\/vc_row][vc_row el_id=&#8221;TEXTO_NOTICIA&#8221;][vc_column][vc_column_text css=&#8221;&#8221;]<strong>L&#8217;edil d&#8217;Esports, Jos\u00e9 Antonio Rom\u00e1n<\/strong>, ha participat en la presentaci\u00f3 de la nova iniciativa impulsada per <strong>LaLiga i la Federaci\u00f3 Espanyola de Municipis i Prov\u00edncies (FEMP)<\/strong> per a la creaci\u00f3 d&#8217;una xarxa de ciutats compromeses en la<strong> lluita contra l&#8217;odi en l&#8217;esport.<\/strong><\/p>\n<p>Esta participaci\u00f3 s&#8217;emmarca dins de l&#8217;estrat\u00e8gia global d&#8217;Elx com a Capital Mediterr\u00e0nia de l&#8217;Esport 2026, i consolida aix\u00ed el paper de la ciutat com a organitzadora d&#8217;esdeveniments esportius, per\u00f2 tamb\u00e9 com a referent en valors i conviv\u00e8ncia.<\/p>\n<p>A m\u00e9s, esta acci\u00f3 dona continu\u00eftat al <strong>Congr\u00e9s contra la Viol\u00e8ncia en l&#8217;Esport,<\/strong> celebrat dimecres passat 22 d&#8217;abril en el Centre de Congressos Ciutat d&#8217;Elx, on experts, institucions i professionals van abordar els reptes actuals en mat\u00e8ria de viol\u00e8ncia i comportament en l&#8217;\u00e0mbit esportiu.<\/p>\n<p>L&#8217;esport \u00e9s un dels principals espais de formaci\u00f3 social dels j\u00f3vens, per\u00f2 tamb\u00e9 \u00e9s un entorn on poden apar\u00e9ixer conductes com l&#8217;odi, el racisme, la intoler\u00e0ncia o la viol\u00e8ncia verbal. D&#8217;esta manera, <strong>Elx aposta per actuar no sols des de la competici\u00f3, sin\u00f3 tamb\u00e9 des de l&#8217;educaci\u00f3, la prevenci\u00f3 i la conscienciaci\u00f3.<\/strong>[\/vc_column_text][\/vc_column][\/vc_row][vc_row el_id=&#8221;DESTACADO_NOTICIA&#8221;][vc_column][vc_column_text css=&#8221;&#8221; el_class=&#8221;cuadronoticia&#8221;]<\/p>\n<h5>Esta iniciativa s&#8217;emmarca dins de l&#8217;estrat\u00e8gia global com a Capital Mediterr\u00e0nia de l&#8217;Esport en 2026<\/h5>\n<p>[\/vc_column_text][\/vc_column][\/vc_row][vc_row el_id=&#8221;TEXTO_FIN_NOTICIA&#8221;][vc_column][vc_column_text css=&#8221;&#8221;]<strong>La incorporaci\u00f3 a esta xarxa permetr\u00e0 desenrotllar a Elx programes educatius en clubs i esport base<\/strong>, accions de sensibilitzaci\u00f3 dirigides a j\u00f3vens, formaci\u00f3 per a entrenadors i personal esportiu, aix\u00ed com activitats que promoguen el respecte i el joc net.<\/p>\n<p>Tot aix\u00f2 s&#8217;integra en una l\u00ednia de treball ja iniciada a la ciutat, on l&#8217;esport s&#8217;ent\u00e9n com un sistema que va m\u00e9s enll\u00e0 de la pr\u00e0ctica f\u00edsica. La Capital Mediterr\u00e0nia de l&#8217;Esport combina l&#8217;organitzaci\u00f3 de grans esdeveniments i competicions amb l&#8217;impuls de congressos, jornades t\u00e8cniques i espais de reflexi\u00f3, per a<strong> refor\u00e7ar \u00a0el paper de l&#8217;esport com a ferramenta de cohesi\u00f3 social.<\/strong><\/p>\n<p>Elx continua aix\u00ed avan\u00e7ant en un model esportiu que no sols fomenta l&#8217;activitat f\u00edsica, sin\u00f3 que tamb\u00e9 <strong>contribu\u00efx a la construcci\u00f3 d&#8217;una societat m\u00e9s respectuosa, inclusiva i cohesionada<\/strong><\/p>\n<hr \/>\n<p>[\/vc_column_text][\/vc_column][\/vc_row]<\/p>\n<\/div>","protected":false},"excerpt":{"rendered":"<p>[vc_row el_id=&#8221;SUBTITULAR_NOTICIA&#8221;][vc_column][vc_column_text css=&#8221;&#8221;] L&#8217;edil de l&#8217;\u00e0rea, J. Antonio Rom\u00e1n participa en l&#8217;esdeveniment impulsat per LaLiga i la Federaci\u00f3 Espanyola de Municipis i Prov\u00edncies [\/vc_column_text][\/vc_column][\/vc_row][vc_row el_id=&#8221;TEXTO_NOTICIA&#8221;][vc_column][vc_column_text css=&#8221;&#8221;]L&#8217;edil d&#8217;Esports, Jos\u00e9 Antonio Rom\u00e1n, [&hellip;]<\/p>\n","protected":false},"author":167,"featured_media":356119,"comment_status":"closed","ping_status":"closed","sticky":false,"template":"","format":"standard","meta":{"footnotes":""},"categories":[187,391,1312],"tags":[],"class_list":["post-356124","post","type-post","status-publish","format-standard","has-post-thumbnail","hentry","category-esports","category-home-va","category-noticias-va"],"_links":{"self":[{"href":"https:\/\/www.elche.es\/va\/wp-json\/wp\/v2\/posts\/356124","targetHints":{"allow":["GET"]}}],"collection":[{"href":"https:\/\/www.elche.es\/va\/wp-json\/wp\/v2\/posts"}],"about":[{"href":"https:\/\/www.elche.es\/va\/wp-json\/wp\/v2\/types\/post"}],"author":[{"embeddable":true,"href":"https:\/\/www.elche.es\/va\/wp-json\/wp\/v2\/users\/167"}],"replies":[{"embeddable":true,"href":"https:\/\/www.elche.es\/va\/wp-json\/wp\/v2\/comments?post=356124"}],"version-history":[{"count":2,"href":"https:\/\/www.elche.es\/va\/wp-json\/wp\/v2\/posts\/356124\/revisions"}],"predecessor-version":[{"id":356126,"href":"https:\/\/www.elche.es\/va\/wp-json\/wp\/v2\/posts\/356124\/revisions\/356126"}],"wp:featuredmedia":[{"embeddable":true,"href":"https:\/\/www.elche.es\/va\/wp-json\/wp\/v2\/media\/356119"}],"wp:attachment":[{"href":"https:\/\/www.elche.es\/va\/wp-json\/wp\/v2\/media?parent=356124"}],"wp:term":[{"taxonomy":"category","embeddable":true,"href":"https:\/\/www.elche.es\/va\/wp-json\/wp\/v2\/categories?post=356124"},{"taxonomy":"post_tag","embeddable":true,"href":"https:\/\/www.elche.es\/va\/wp-json\/wp\/v2\/tags?post=356124"}],"curies":[{"name":"wp","href":"https:\/\/api.w.org\/{rel}","templated":true}]}}