{"id":356158,"date":"2026-04-30T07:46:48","date_gmt":"2026-04-30T05:46:48","guid":{"rendered":"https:\/\/www.elche.es\/2026\/04\/lstreet-food-market-torna-a-elx-del-8-al-10-de-maig-amb-gastronomia-musica-i-oci-familiar\/"},"modified":"2026-04-30T07:47:10","modified_gmt":"2026-04-30T05:47:10","slug":"lstreet-food-market-torna-a-elx-del-8-al-10-de-maig-amb-gastronomia-musica-i-oci-familiar","status":"publish","type":"post","link":"https:\/\/www.elche.es\/va\/2026\/04\/lstreet-food-market-torna-a-elx-del-8-al-10-de-maig-amb-gastronomia-musica-i-oci-familiar\/","title":{"rendered":"L&#8217;Street Food Market torna a Elx del 8 al 10 de maig amb gastronomia, m\u00fasica i oci familiar"},"content":{"rendered":"<div class=\"wpb-content-wrapper\"><p>[vc_row el_id=&#8221;SUBTITULAR_NOTICIA&#8221;][vc_column][vc_column_text css=&#8221;&#8221;]<\/p>\n<hr \/>\n<h4>El passeig de l&#8217;Estaci\u00f3 acollir\u00e0 l&#8217;onzena edici\u00f3 amb prop d&#8217;una quinzena de <em>food<\/em> <em>trucks<\/em>, trenta paradetes de mercat artesanal i concerts durant tot el cap de setmana<\/h4>\n<hr \/>\n<p>[\/vc_column_text][\/vc_column][\/vc_row][vc_row el_id=&#8221;TEXTO_NOTICIA&#8221;][vc_column][vc_column_text css=&#8221;&#8221;]L&#8217;Ajuntament d&#8217;Elx, a trav\u00e9s de la Regidoria de Comer\u00e7, ha presentat una nova edici\u00f3 de \u2018Street Food Market\u2019 que tindr\u00e0 lloc en el passeig de l&#8217;Estaci\u00f3 el cap de setmana del 8 al 10 de maig.<\/p>\n<p>L&#8217;edil de l&#8217;\u00e0rea, Caridad Mart\u00ednez, ha convidat la ciutadania a acudir i ha assegurat que l&#8217;objectiu \u00e9s \u201cportar activitats tots els caps de setmana a la ciutat que atraguen tant locals com gent de municipis confrontants per a incentivar, a m\u00e9s, la nostra hostaleria i el nostre comer\u00e7\u201d.[\/vc_column_text][\/vc_column][\/vc_row][vc_row el_id=&#8221;DESTACADO_NOTICIA&#8221;][vc_column][vc_column_text css=&#8221;&#8221; el_class=&#8221;cuadronoticia&#8221;]<\/p>\n<h5>La iniciativa busca atraure tant il\u00b7licitans com visitants de localitats pr\u00f2ximes per a impulsar el comer\u00e7 local<\/h5>\n<p>[\/vc_column_text][\/vc_column][\/vc_row][vc_row source=&#8221;media_library&#8221; image=&#8221;&#8221; img_size=&#8221;full&#8221; external_img_size=&#8221;&#8221; add_caption=&#8221;&#8221; alignment=&#8221;left&#8221; style=&#8221;&#8221; external_style=&#8221;&#8221; border_color=&#8221;grey&#8221; external_border_color=&#8221;grey&#8221; onclick=&#8221;link_image&#8221; img_link_target=&#8221;_self&#8221; el_class=&#8221;fotounicanoticia&#8221; title=&#8221;&#8221; custom_src=&#8221;&#8221; caption=&#8221;&#8221; link=&#8221;&#8221; img_link_large=&#8221;&#8221;][vc_column][vc_single_image image=&#8221;356127&#8243; img_size=&#8221;full&#8221; onclick=&#8221;link_image&#8221; css=&#8221;&#8221; el_class=&#8221;fotounicanoticia&#8221;][\/vc_column][\/vc_row][vc_row el_id=&#8221;TEXTO_FIN_NOTICIA&#8221;][vc_column][vc_column_text css=&#8221;&#8221;]Esta onzena edici\u00f3 comptar\u00e0 amb prop d&#8217;una quinzena de <em>food<\/em> <em>trucks<\/em> amb menjar nacional i internacional, un mercat ambulant de disseny amb una trentena de paradetes d&#8217;artesania, moda i disseny, i diversos concerts durant tot el cap de setmana de grups com <em>La Habitaci\u00f3n Roja<\/em>, <em>The Liverpool Band<\/em> tribut a <em>The Beatles<\/em>, tribut a <em>Estopa<\/em> o tribut a <em>Mecano<\/em>, entre altres. A m\u00e9s, de gastronomia i m\u00fasica en directe, hi haur\u00e0 contacontes, xous d&#8217;humor i concerts per als xiquets entre altres activitats.<\/p>\n<p>Per part seua, Rafael Baeza, organitzador de l&#8217;\u2018Street Food Market\u2019 d&#8217;Elx ha destacat que amb esta onzena edici\u00f3 este esdeveniment \u201cja est\u00e0 totalment consolidat en l&#8217;agenda del municipi\u201d i ha apuntat que \u201c\u00e9s un format complet on poder vindre a comprar, menjar, sopar, veure un concert, que els xiquets gaudisquen d&#8217;un espectacle infantil i passar un dia en fam\u00edlia\u201d.<\/p>\n<p>L&#8217;horari d&#8217;obertura ser\u00e0 el divendres 8 de maig de 18.00 a 00.00 hores, el dissabte 9 de 12.00 a 00.00 hores i el diumenge 10 de maig de 12.00 a 23.00 hores i l&#8217;entrada \u00e9s gratu\u00efta.<\/p>\n<hr \/>\n<p>[\/vc_column_text][\/vc_column][\/vc_row][vc_row][vc_column width=&#8221;1\/6&#8243;][\/vc_column][vc_column width=&#8221;2\/3&#8243;]<audio class=\"sc_audio\" src=\"https:\/\/soundcloud.com\/ayuntamiento-de-elche\/el-street-food-market-regresa?si=a7833b0a6f8547c5b4b56053a00f4dec&#038;utm_source=clipboard&#038;utm_medium=text&#038;utm_campaign=social_sharing\" width=\"\" height=\"\" style=\"````\"><\/audio>[\/vc_column][vc_column width=&#8221;1\/6&#8243;][\/vc_column][\/vc_row]<\/p>\n<\/div>","protected":false},"excerpt":{"rendered":"<p>[vc_row el_id=&#8221;SUBTITULAR_NOTICIA&#8221;][vc_column][vc_column_text css=&#8221;&#8221;] El passeig de l&#8217;Estaci\u00f3 acollir\u00e0 l&#8217;onzena edici\u00f3 amb prop d&#8217;una quinzena de food trucks, trenta paradetes de mercat artesanal i concerts durant tot el cap de setmana [&hellip;]<\/p>\n","protected":false},"author":167,"featured_media":356123,"comment_status":"closed","ping_status":"closed","sticky":false,"template":"","format":"standard","meta":{"footnotes":""},"categories":[2636,391,1312],"tags":[],"class_list":["post-356158","post","type-post","status-publish","format-standard","has-post-thumbnail","hentry","category-comerc-va","category-home-va","category-noticias-va"],"_links":{"self":[{"href":"https:\/\/www.elche.es\/va\/wp-json\/wp\/v2\/posts\/356158","targetHints":{"allow":["GET"]}}],"collection":[{"href":"https:\/\/www.elche.es\/va\/wp-json\/wp\/v2\/posts"}],"about":[{"href":"https:\/\/www.elche.es\/va\/wp-json\/wp\/v2\/types\/post"}],"author":[{"embeddable":true,"href":"https:\/\/www.elche.es\/va\/wp-json\/wp\/v2\/users\/167"}],"replies":[{"embeddable":true,"href":"https:\/\/www.elche.es\/va\/wp-json\/wp\/v2\/comments?post=356158"}],"version-history":[{"count":2,"href":"https:\/\/www.elche.es\/va\/wp-json\/wp\/v2\/posts\/356158\/revisions"}],"predecessor-version":[{"id":356160,"href":"https:\/\/www.elche.es\/va\/wp-json\/wp\/v2\/posts\/356158\/revisions\/356160"}],"wp:featuredmedia":[{"embeddable":true,"href":"https:\/\/www.elche.es\/va\/wp-json\/wp\/v2\/media\/356123"}],"wp:attachment":[{"href":"https:\/\/www.elche.es\/va\/wp-json\/wp\/v2\/media?parent=356158"}],"wp:term":[{"taxonomy":"category","embeddable":true,"href":"https:\/\/www.elche.es\/va\/wp-json\/wp\/v2\/categories?post=356158"},{"taxonomy":"post_tag","embeddable":true,"href":"https:\/\/www.elche.es\/va\/wp-json\/wp\/v2\/tags?post=356158"}],"curies":[{"name":"wp","href":"https:\/\/api.w.org\/{rel}","templated":true}]}}