{"id":356162,"date":"2026-04-30T08:08:30","date_gmt":"2026-04-30T06:08:30","guid":{"rendered":"https:\/\/www.elche.es\/2026\/04\/elx-celebra-el-dia-del-comerc-just-el-proxim-9-de-maig\/"},"modified":"2026-04-30T08:08:37","modified_gmt":"2026-04-30T06:08:37","slug":"elx-celebra-el-dia-del-comerc-just-el-proxim-9-de-maig","status":"publish","type":"post","link":"https:\/\/www.elche.es\/va\/2026\/04\/elx-celebra-el-dia-del-comerc-just-el-proxim-9-de-maig\/","title":{"rendered":"Elx celebra el Dia del Comer\u00e7 Just el pr\u00f2xim 9 de maig"},"content":{"rendered":"<div class=\"wpb-content-wrapper\"><p>[vc_row el_id=&#8221;SUBTITULAR_NOTICIA&#8221;][vc_column][vc_column_text css=&#8221;&#8221;]<\/p>\n<hr \/>\n<h4>La jornada comptar\u00e0 amb una fira que reunir\u00e0 diferents organitzacions compromeses amb la promoci\u00f3 de pr\u00e0ctiques comercials \u00e8tiques i sostenibles<\/h4>\n<hr \/>\n<p>[\/vc_column_text][\/vc_column][\/vc_row][vc_row el_id=&#8221;TEXTO_NOTICIA&#8221;][vc_column][vc_column_text css=&#8221;&#8221;]L&#8217;Ajuntament d&#8217;Elx, a trav\u00e9s de la Regidoria de Cooperaci\u00f3 i Acci\u00f3 Social, i en coordinaci\u00f3 amb la Coordinadora Valenciana d&#8217;ONGD, celebrar\u00e0 dissabte que ve, 9 de maig, el Dia del Comer\u00e7 Just en la pla\u00e7a dels Algeps, en horari de 10.30 a 14.30 hores.<\/p>\n<p>La jornada comptar\u00e0 amb la fira \u201cCOMBOI JUST\u201d, que durant tot el mat\u00ed reunir\u00e0 diverses organitzacions compromeses amb la promoci\u00f3 de pr\u00e0ctiques comercials \u00e8tiques i sostenibles. L&#8217;objectiu \u00e9s visibilitzar el treball de les ONGD de cooperaci\u00f3 internacional, generar un espai de trobada l\u00fadica al costat d&#8217;altres agents de transformaci\u00f3 social i compartir amb la ciutadania l&#8217;ampli ventall d&#8217;alternatives de consum i activisme que impulsen estes entitats.[\/vc_column_text][\/vc_column][\/vc_row][vc_row el_id=&#8221;DESTACADO_NOTICIA&#8221;][vc_column][vc_column_text css=&#8221;&#8221; el_class=&#8221;cuadronoticia&#8221;]<\/p>\n<h5>Tamb\u00e9 inclour\u00e0 activitats com jocs i tallers, estands informatius, degustacions, exhibici\u00f3 de capoeira, concert musical i actuaci\u00f3 teatral<\/h5>\n<p>[\/vc_column_text][\/vc_column][\/vc_row][vc_row source=&#8221;media_library&#8221; image=&#8221;&#8221; img_size=&#8221;full&#8221; external_img_size=&#8221;&#8221; add_caption=&#8221;&#8221; alignment=&#8221;left&#8221; style=&#8221;&#8221; external_style=&#8221;&#8221; border_color=&#8221;grey&#8221; external_border_color=&#8221;grey&#8221; onclick=&#8221;link_image&#8221; img_link_target=&#8221;_self&#8221; el_class=&#8221;fotounicanoticia&#8221; title=&#8221;&#8221; custom_src=&#8221;&#8221; caption=&#8221;&#8221; link=&#8221;&#8221; img_link_large=&#8221;&#8221;][vc_column][vc_single_image image=&#8221;356143&#8243; img_size=&#8221;full&#8221; onclick=&#8221;link_image&#8221; css=&#8221;&#8221; el_class=&#8221;fotounicanoticia&#8221;][\/vc_column][\/vc_row][vc_row el_id=&#8221;TEXTO_FIN_NOTICIA&#8221;][vc_column][vc_column_text css=&#8221;&#8221;]Durant la jornada, els assistents podran con\u00e9ixer de primera m\u00e0 productes elaborats sota criteris de comer\u00e7 just, que garantixen condicions laborals dignes i respecte pel medi ambient. A m\u00e9s, les entitats participants oferiran informaci\u00f3 sobre els seus projectes i accions encaminades a fer costat a productors i artesans en pa\u00efsos en vies de desenrotllament.<\/p>\n<p>Esta jornada tamb\u00e9 inclour\u00e0 activitats paral\u00b7leles com jocs i tallers, estands informatius, degustacions, exhibici\u00f3 de capoeira, concert musical i actuaci\u00f3 teatral.<\/p>\n<p>L&#8217;esdeveniment est\u00e0 dirigit a tota la ciutadania i suposa una oportunitat per a promoure el consum conscient i enfortir les xarxes locals i internacionals de comer\u00e7 just.<\/p>\n<hr \/>\n<p>[\/vc_column_text][\/vc_column][\/vc_row]<\/p>\n<\/div>","protected":false},"excerpt":{"rendered":"<p>[vc_row el_id=&#8221;SUBTITULAR_NOTICIA&#8221;][vc_column][vc_column_text css=&#8221;&#8221;] La jornada comptar\u00e0 amb una fira que reunir\u00e0 diferents organitzacions compromeses amb la promoci\u00f3 de pr\u00e0ctiques comercials \u00e8tiques i sostenibles [\/vc_column_text][\/vc_column][\/vc_row][vc_row el_id=&#8221;TEXTO_NOTICIA&#8221;][vc_column][vc_column_text css=&#8221;&#8221;]L&#8217;Ajuntament d&#8217;Elx, a trav\u00e9s de [&hellip;]<\/p>\n","protected":false},"author":167,"featured_media":356141,"comment_status":"closed","ping_status":"closed","sticky":false,"template":"","format":"standard","meta":{"footnotes":""},"categories":[524,190,391],"tags":[],"class_list":["post-356162","post","type-post","status-publish","format-standard","has-post-thumbnail","hentry","category-cooperacio","category-drets-socials","category-home-va"],"_links":{"self":[{"href":"https:\/\/www.elche.es\/va\/wp-json\/wp\/v2\/posts\/356162","targetHints":{"allow":["GET"]}}],"collection":[{"href":"https:\/\/www.elche.es\/va\/wp-json\/wp\/v2\/posts"}],"about":[{"href":"https:\/\/www.elche.es\/va\/wp-json\/wp\/v2\/types\/post"}],"author":[{"embeddable":true,"href":"https:\/\/www.elche.es\/va\/wp-json\/wp\/v2\/users\/167"}],"replies":[{"embeddable":true,"href":"https:\/\/www.elche.es\/va\/wp-json\/wp\/v2\/comments?post=356162"}],"version-history":[{"count":2,"href":"https:\/\/www.elche.es\/va\/wp-json\/wp\/v2\/posts\/356162\/revisions"}],"predecessor-version":[{"id":356164,"href":"https:\/\/www.elche.es\/va\/wp-json\/wp\/v2\/posts\/356162\/revisions\/356164"}],"wp:featuredmedia":[{"embeddable":true,"href":"https:\/\/www.elche.es\/va\/wp-json\/wp\/v2\/media\/356141"}],"wp:attachment":[{"href":"https:\/\/www.elche.es\/va\/wp-json\/wp\/v2\/media?parent=356162"}],"wp:term":[{"taxonomy":"category","embeddable":true,"href":"https:\/\/www.elche.es\/va\/wp-json\/wp\/v2\/categories?post=356162"},{"taxonomy":"post_tag","embeddable":true,"href":"https:\/\/www.elche.es\/va\/wp-json\/wp\/v2\/tags?post=356162"}],"curies":[{"name":"wp","href":"https:\/\/api.w.org\/{rel}","templated":true}]}}