{"id":356165,"date":"2026-04-30T08:12:39","date_gmt":"2026-04-30T06:12:39","guid":{"rendered":"https:\/\/www.elche.es\/2026\/04\/elx-se-suma-a-la-commemoracio-del-dia-mundial-de-persones-sense-diagnostic\/"},"modified":"2026-04-30T08:12:46","modified_gmt":"2026-04-30T06:12:46","slug":"elx-se-suma-a-la-commemoracio-del-dia-mundial-de-persones-sense-diagnostic","status":"publish","type":"post","link":"https:\/\/www.elche.es\/va\/2026\/04\/elx-se-suma-a-la-commemoracio-del-dia-mundial-de-persones-sense-diagnostic\/","title":{"rendered":"Elx se suma a la commemoraci\u00f3 del Dia Mundial de Persones Sense Diagn\u00f2stic"},"content":{"rendered":"<div class=\"wpb-content-wrapper\"><p>[vc_row el_id=&#8221;SUBTITULAR_NOTICIA&#8221;][vc_column][vc_column_text css=&#8221;&#8221;]<\/p>\n<hr \/>\n<h4>El Sal\u00f3 de Plens ha acollit l&#8217;acte institucional que ha posat el focus en la incertesa i les dificultats que afronten milers de persones sense una resposta m\u00e8dica<\/h4>\n<hr \/>\n<p>[\/vc_column_text][\/vc_column][\/vc_row][vc_row el_id=&#8221;TEXTO_NOTICIA&#8221;][vc_column][vc_column_text css=&#8221;&#8221;]L&#8217;Ajuntament d&#8217;Elx ha acollit este dimecres, 29 d&#8217;abril, la lectura del manifest amb motiu del Dia Mundial de les Persones Sense Diagn\u00f2stic, un acte celebrat en el Sal\u00f3 de Plens amb l&#8217;objectiu de donar visibilitat a una realitat que afecta milers de persones que conviuen amb s\u00edmptomes sense un diagn\u00f2stic m\u00e8dic clar.<\/p>\n<p>L&#8217;acte, moderat per l&#8217;edil de Discapacitat, Mar\u00eda Bonmat\u00ed, ha comptat amb la lectura del manifest a c\u00e0rrec de la presidenta de l&#8217;Associaci\u00f3 Objectiu Diagn\u00f2stic, Carmen S\u00e1ez, en el qual s&#8217;ha posat en relleu l&#8217;anomenada \u201codissea diagn\u00f2stica que patixen estes persones, amb una mitjana de m\u00e9s de sis anys d&#8217;espera per a obtindre un diagn\u00f2stic, en molts casos sense arribar a aconseguir-lo\u201d.[\/vc_column_text][\/vc_column][\/vc_row][vc_row el_id=&#8221;DESTACADO_NOTICIA&#8221;][vc_column][vc_column_text css=&#8221;&#8221; el_class=&#8221;cuadronoticia&#8221;]<\/p>\n<h5>En la lectura de manifest s&#8217;ha reivindicat m\u00e9s investigaci\u00f3, recursos i una atenci\u00f3 integral per a millorar la qualitat de vida dels pacients<\/h5>\n<p>[\/vc_column_text][\/vc_column][\/vc_row][vc_row el_id=&#8221;TEXTO_FIN_NOTICIA&#8221;][vc_column][vc_column_text css=&#8221;&#8221;]El manifest ha incidit en l&#8217;impacte no sols sanitari, sin\u00f3 tamb\u00e9 psicol\u00f2gic, social i econ\u00f2mic que suposa viure sense diagn\u00f2stic, aix\u00ed com en la necessitat de refor\u00e7ar els sistemes de salut per a fer-los m\u00e9s \u00e0gils, coordinats i sensibles a esta realitat.<\/p>\n<p>\u201cViure sense diagn\u00f2stic no \u00e9s nom\u00e9s una situaci\u00f3 m\u00e8dica. \u00c9s una experi\u00e8ncia que travessa tots els \u00e0mbits de la vida. \u00c9s acudir a consulta rere consulta sense obtindre respostes. \u00c9s sotmetre&#8217;s a proves, tractaments i valoracions que no sempre condu\u00efxen a una soluci\u00f3. \u00c9s conviure amb el dubte, amb la por i, moltes vegades, amb la incomprensi\u00f3\u201d ha continuat Sa\u00e9z amb el manifest.<\/p>\n<p>Per part seua, Mar\u00eda Bonmat\u00ed, durant la seua intervenci\u00f3 ha destacat que \u201ccal lluitar per totes les persones sense diagn\u00f2stic perqu\u00e8, si ja \u00e9s dif\u00edcil enfrontar-se a un proc\u00e9s de malaltia, m\u00e9s dif\u00edcil \u00e9s enfrontar-se a aix\u00f2 mateix sense saber qu\u00e8 \u00e9s\u201d.<\/p>\n<hr \/>\n<p>[\/vc_column_text][\/vc_column][\/vc_row]<\/p>\n<\/div>","protected":false},"excerpt":{"rendered":"<p>[vc_row el_id=&#8221;SUBTITULAR_NOTICIA&#8221;][vc_column][vc_column_text css=&#8221;&#8221;] El Sal\u00f3 de Plens ha acollit l&#8217;acte institucional que ha posat el focus en la incertesa i les dificultats que afronten milers de persones sense una resposta [&hellip;]<\/p>\n","protected":false},"author":167,"featured_media":356150,"comment_status":"closed","ping_status":"closed","sticky":false,"template":"","format":"standard","meta":{"footnotes":""},"categories":[3319,391,1312],"tags":[],"class_list":["post-356165","post","type-post","status-publish","format-standard","has-post-thumbnail","hentry","category-discapacitat","category-home-va","category-noticias-va"],"_links":{"self":[{"href":"https:\/\/www.elche.es\/va\/wp-json\/wp\/v2\/posts\/356165","targetHints":{"allow":["GET"]}}],"collection":[{"href":"https:\/\/www.elche.es\/va\/wp-json\/wp\/v2\/posts"}],"about":[{"href":"https:\/\/www.elche.es\/va\/wp-json\/wp\/v2\/types\/post"}],"author":[{"embeddable":true,"href":"https:\/\/www.elche.es\/va\/wp-json\/wp\/v2\/users\/167"}],"replies":[{"embeddable":true,"href":"https:\/\/www.elche.es\/va\/wp-json\/wp\/v2\/comments?post=356165"}],"version-history":[{"count":2,"href":"https:\/\/www.elche.es\/va\/wp-json\/wp\/v2\/posts\/356165\/revisions"}],"predecessor-version":[{"id":356167,"href":"https:\/\/www.elche.es\/va\/wp-json\/wp\/v2\/posts\/356165\/revisions\/356167"}],"wp:featuredmedia":[{"embeddable":true,"href":"https:\/\/www.elche.es\/va\/wp-json\/wp\/v2\/media\/356150"}],"wp:attachment":[{"href":"https:\/\/www.elche.es\/va\/wp-json\/wp\/v2\/media?parent=356165"}],"wp:term":[{"taxonomy":"category","embeddable":true,"href":"https:\/\/www.elche.es\/va\/wp-json\/wp\/v2\/categories?post=356165"},{"taxonomy":"post_tag","embeddable":true,"href":"https:\/\/www.elche.es\/va\/wp-json\/wp\/v2\/tags?post=356165"}],"curies":[{"name":"wp","href":"https:\/\/api.w.org\/{rel}","templated":true}]}}