{"id":356170,"date":"2026-04-30T08:28:48","date_gmt":"2026-04-30T06:28:48","guid":{"rendered":"https:\/\/www.elche.es\/2026\/04\/pas-definitiu-per-a-les-obres-de-reforma-integral-dels-mercats-de-placa-madrid-i-placa-barcelona\/"},"modified":"2026-04-30T08:28:57","modified_gmt":"2026-04-30T06:28:57","slug":"pas-definitiu-per-a-les-obres-de-reforma-integral-dels-mercats-de-placa-madrid-i-placa-barcelona","status":"publish","type":"post","link":"https:\/\/www.elche.es\/va\/2026\/04\/pas-definitiu-per-a-les-obres-de-reforma-integral-dels-mercats-de-placa-madrid-i-placa-barcelona\/","title":{"rendered":"Pas definitiu per a les obres de reforma integral dels mercats de pla\u00e7a Madrid i pla\u00e7a Barcelona"},"content":{"rendered":"<div class=\"wpb-content-wrapper\"><p>[vc_row el_id=&#8221;SUBTITULAR_NOTICIA&#8221;][vc_column][vc_column_text css=&#8221;&#8221;]<\/p>\n<p>&nbsp;<\/p>\n<hr \/>\n<h4>L&#8217;import dels dos projectes ascendix a 4,5 milions d&#8217;euros i els treballs comen\u00e7aran la primera quinzena del mes de juny<\/h4>\n<hr \/>\n<p>[\/vc_column_text][\/vc_column][\/vc_row][vc_row el_id=&#8221;TEXTO_NOTICIA&#8221;][vc_column][vc_column_text css=&#8221;&#8221;]L&#8217;Ajuntament d&#8217;Elx ha fet un pas definitiu per al futur dels mercats de pla\u00e7a Madrid i pla\u00e7a Barcelona. La Junta de Govern Local aprova esta setmana l&#8217;adjudicaci\u00f3 de les obres de reforma integral dels dos espais, que est\u00e0 previst que comencen la primera quinzena del mes de juny.<\/p>\n<p>L&#8217;edil de Mercats, Loli Serna, ha assenyalat que en el cas del mercat de pla\u00e7a Madrid, l&#8217;actuaci\u00f3 s&#8217;ha adjudicat a la mercantil UTE ACSA-PROMED per un import de 2,512 milions d&#8217;euros i un termini d&#8217;execuci\u00f3 de 10 mesos.[\/vc_column_text][\/vc_column][\/vc_row][vc_row type=&#8221;flexslider_slide&#8221; interval=&#8221;5&#8243; source=&#8221;media_library&#8221; images=&#8221;&#8221; img_size=&#8221;full&#8221; external_img_size=&#8221;&#8221; onclick=&#8221;link_image&#8221; custom_links_target=&#8221;_self&#8221; el_class=&#8221;galerianoticia&#8221; title=&#8221;&#8221; custom_srcs=&#8221;&#8221; custom_links=&#8221;&#8221;][vc_column][vc_gallery type=&#8221;flexslider_slide&#8221; interval=&#8221;5&#8243; images=&#8221;325248,315304,315302,315306&#8243; img_size=&#8221;full&#8221; css=&#8221;&#8221; el_class=&#8221;galerianoticia&#8221;][\/vc_column][\/vc_row][vc_row][vc_column][vc_column_text css=&#8221;&#8221;]El projecte contempla la reforma integral, condicionament i millora de l&#8217;efici\u00e8ncia energ\u00e8tica del mercat. L&#8217;actuaci\u00f3 se centrar\u00e0 en la reforma exterior amb la millora de les fa\u00e7anes i cobertes, a m\u00e9s dels canvis en s\u00f2ls, tancaments, il\u00b7luminaci\u00f3 o sistemes de ventilaci\u00f3. A difer\u00e8ncia del de la pla\u00e7a Barcelona, el mercat de la pla\u00e7a de Madrid ocupar\u00e0 les dos plantes de l&#8217;edifici, amb els llocs redistribu\u00efts per a millorar l&#8217;accessibilitat i comoditat de venedors i clients.<\/p>\n<p>El nou espai es concep com una gran pla\u00e7a coberta conformada pels llocs de venda, que passen a situar-se en el per\u00edmetre de l&#8217;edifici entorn a un vest\u00edbul central que comunica les dos plantes visualment, atmosf\u00e8rica i arquitect\u00f2nica i un buit vertical que il\u00b7lumina zenitalment el centre del mercat.<\/p>\n<p>D&#8217;esta manera, \u201ces busca una integraci\u00f3 amb l&#8217;entorn urb\u00e0 de la pla\u00e7a, amb tancaments envidrats en la fa\u00e7ana, contemplant la possibilitat d&#8217;usos de restauraci\u00f3 vinculats al mercat i llocs que podran obrir cap al carrer\u201d.<\/p>\n<p>Este edifici data de 1970 i va ser en 1994 quan se&#8217;n va realitzar la primera reforma. En l&#8217;actualitat s\u00f3n 8 les parades situades en l&#8217;edifici i despr\u00e9s de la reforma, el m\u00e0xim ser\u00e0 al voltant de les 20.[\/vc_column_text][\/vc_column][\/vc_row][vc_row el_id=&#8221;DESTACADO_NOTICIA&#8221;][vc_column][vc_column_text css=&#8221;&#8221; el_class=&#8221;cuadronoticia&#8221;]<\/p>\n<h5>Segons l&#8217;edil de Mercats, Loli Serna \u201ceste \u00e9s un pas en l&#8217;aposta ferma d&#8217;este govern municipal per impulsar el comer\u00e7 i millorar la qualitat de vida dels ve\u00efns i ve\u00efnes de Carr\u00fas\u201d<\/h5>\n<p>[\/vc_column_text][\/vc_column][\/vc_row][vc_row el_id=&#8221;TEXTO_FIN_NOTICIA&#8221;][vc_column][vc_column_text css=&#8221;&#8221;]En el cas del mercat de pla\u00e7a Barcelona les obres s&#8217;adjudiquen a la mercantil Bin\u00e0ria Companyia General de Construccions, S.L per un import d&#8217;1,942 milions d&#8217;euros i un termini d&#8217;execuci\u00f3 de 10 mesos.<\/p>\n<p>El projecte proposa \u201ccompatibilitzar l&#8217;\u00fas comercial i l&#8217;administratiu, per a la qual cosa s&#8217;empraran les diferents plantes\u201d. Amb eixa premissa es disposa dels espais comercials en la planta baixa i les oficines municipals se situen en la planta superior, a les quals s&#8217;accedix a trav\u00e9s d&#8217;una escala situada en l&#8217;acc\u00e9s.<\/p>\n<p>D&#8217;esta manera, es tracta de recuperar l&#8217;ess\u00e8ncia del mercat amb l&#8217;actualitzaci\u00f3 de les instal\u00b7lacions i l&#8217;adaptaci\u00f3 d&#8217;estes als nous requeriments funcionals, socials, comercials, de sostenibilitat ambiental i accessibilitat, cosa que refor\u00e7ar\u00e0 el car\u00e0cter de lloc de trobada i fomentar\u00e0 l&#8217;activitat comercial de proximitat.<\/p>\n<p>En la planta baixa se situaran tots les parades, un total de 12. La planta primera disposar\u00e0 d&#8217;oficines municipals amb espais de treball col\u00b7laboratiu i despatxos individuals.<\/p>\n<p>El mercat de la pla\u00e7a de Barcelona es va construir en 1967 i va ser en 1992 quan es va realitzar la millora de l&#8217;espai. Actualment hi ha 7 parades en la planta baixa i 5 en la primera.<\/p>\n<p>Serna ha recordat que estes reformes han sigut consensuades amb els mateixos placers, ja que era un comprom\u00eds d&#8217;este govern municipal.<\/p>\n<p>\u201cEs tracta de fer un pas m\u00e9s en l&#8217;aposta ferma d&#8217;este govern municipal per impulsar el comer\u00e7 i millorar la qualitat de vida dels ve\u00efns i ve\u00efnes de Carr\u00fas\u201d, ha afegit.<\/p>\n<hr \/>\n<p>[\/vc_column_text][\/vc_column][\/vc_row][vc_row][vc_column width=&#8221;1\/6&#8243;][\/vc_column][vc_column width=&#8221;2\/3&#8243;]<audio class=\"sc_audio\" src=\"https:\/\/soundcloud.com\/ayuntamiento-de-elche\/paso-definitivo-para-las-obras?si=25d570a08e7a4c4588ec9f8abe0e330e&#038;utm_source=clipboard&#038;utm_medium=text&#038;utm_campaign=social_sharing\" width=\"\" height=\"\" style=\"````\"><\/audio>[\/vc_column][vc_column width=&#8221;1\/6&#8243;][\/vc_column][\/vc_row]<\/p>\n<\/div>","protected":false},"excerpt":{"rendered":"<p>[vc_row el_id=&#8221;SUBTITULAR_NOTICIA&#8221;][vc_column][vc_column_text css=&#8221;&#8221;] &nbsp; L&#8217;import dels dos projectes ascendix a 4,5 milions d&#8217;euros i els treballs comen\u00e7aran la primera quinzena del mes de juny [\/vc_column_text][\/vc_column][\/vc_row][vc_row el_id=&#8221;TEXTO_NOTICIA&#8221;][vc_column][vc_column_text css=&#8221;&#8221;]L&#8217;Ajuntament d&#8217;Elx ha fet [&hellip;]<\/p>\n","protected":false},"author":167,"featured_media":356154,"comment_status":"closed","ping_status":"closed","sticky":false,"template":"","format":"standard","meta":{"footnotes":""},"categories":[391,3013,1312],"tags":[],"class_list":["post-356170","post","type-post","status-publish","format-standard","has-post-thumbnail","hentry","category-home-va","category-mercats","category-noticias-va"],"_links":{"self":[{"href":"https:\/\/www.elche.es\/va\/wp-json\/wp\/v2\/posts\/356170","targetHints":{"allow":["GET"]}}],"collection":[{"href":"https:\/\/www.elche.es\/va\/wp-json\/wp\/v2\/posts"}],"about":[{"href":"https:\/\/www.elche.es\/va\/wp-json\/wp\/v2\/types\/post"}],"author":[{"embeddable":true,"href":"https:\/\/www.elche.es\/va\/wp-json\/wp\/v2\/users\/167"}],"replies":[{"embeddable":true,"href":"https:\/\/www.elche.es\/va\/wp-json\/wp\/v2\/comments?post=356170"}],"version-history":[{"count":2,"href":"https:\/\/www.elche.es\/va\/wp-json\/wp\/v2\/posts\/356170\/revisions"}],"predecessor-version":[{"id":356172,"href":"https:\/\/www.elche.es\/va\/wp-json\/wp\/v2\/posts\/356170\/revisions\/356172"}],"wp:featuredmedia":[{"embeddable":true,"href":"https:\/\/www.elche.es\/va\/wp-json\/wp\/v2\/media\/356154"}],"wp:attachment":[{"href":"https:\/\/www.elche.es\/va\/wp-json\/wp\/v2\/media?parent=356170"}],"wp:term":[{"taxonomy":"category","embeddable":true,"href":"https:\/\/www.elche.es\/va\/wp-json\/wp\/v2\/categories?post=356170"},{"taxonomy":"post_tag","embeddable":true,"href":"https:\/\/www.elche.es\/va\/wp-json\/wp\/v2\/tags?post=356170"}],"curies":[{"name":"wp","href":"https:\/\/api.w.org\/{rel}","templated":true}]}}