{"id":356173,"date":"2026-04-30T08:34:48","date_gmt":"2026-04-30T06:34:48","guid":{"rendered":"https:\/\/www.elche.es\/2026\/04\/elx-obte-la-distincio-ciutat-de-la-ciencia-i-la-innovacio\/"},"modified":"2026-04-30T08:34:55","modified_gmt":"2026-04-30T06:34:55","slug":"elx-obte-la-distincio-ciutat-de-la-ciencia-i-la-innovacio","status":"publish","type":"post","link":"https:\/\/www.elche.es\/va\/2026\/04\/elx-obte-la-distincio-ciutat-de-la-ciencia-i-la-innovacio\/","title":{"rendered":"Elx obt\u00e9 la distinci\u00f3 \u2018Ciutat de la Ci\u00e8ncia i la Innovaci\u00f3\u2019"},"content":{"rendered":"<div class=\"wpb-content-wrapper\"><p>[vc_row el_id=&#8221;SUBTITULAR_NOTICIA&#8221;][vc_column][vc_column_text css=&#8221;&#8221;]<\/p>\n<hr \/>\n<h4>El reconeixement del Ministeri de Ci\u00e8ncia, Innovaci\u00f3 i Universitats, situa Elx entre les ciutats espanyoles que m\u00e9s aposten per pol\u00edtiques innovadores i sostenibles<\/h4>\n<hr \/>\n<p>[\/vc_column_text][\/vc_column][\/vc_row][vc_row el_id=&#8221;TEXTO_NOTICIA&#8221;][vc_column][vc_column_text css=&#8221;&#8221;]Elx ha rebut la distinci\u00f3 com a \u2018Ciutat de la Ci\u00e8ncia i la Innovaci\u00f3\u2019, un reconeixement atorgat pel Ministeri de Ci\u00e8ncia, Innovaci\u00f3 i Universitats que posa en valor el comprom\u00eds del municipi amb el desenrotllament de pol\u00edtiques p\u00fabliques innovadores i sostenibles.<\/p>\n<p>Amb esta distinci\u00f3, Elx passa a formar part de la Xarxa de Ciutats de la Ci\u00e8ncia i la Innovaci\u00f3, la qual cosa es coneix com a Xarxa Innpulso, un f\u00f2rum que reunix municipis de tota Espanya que destaquen per la seua aposta per la investigaci\u00f3, el desenrotllament i la innovaci\u00f3 com a ferramentes clau per a millorar la qualitat de vida de la ciutadania.[\/vc_column_text][\/vc_column][\/vc_row][vc_row el_id=&#8221;DESTACADO_NOTICIA&#8221;][vc_column][vc_column_text css=&#8221;&#8221; el_class=&#8221;cuadronoticia&#8221;]<\/p>\n<h5>La incorporaci\u00f3 a la Xarxa Innpulso permetr\u00e0 accedir a finan\u00e7ament, projectes estrat\u00e8gics i col\u00b7laboraci\u00f3 amb altres municipis<\/h5>\n<p>[\/vc_column_text][\/vc_column][\/vc_row][vc_row el_id=&#8221;TEXTO_FIN_NOTICIA&#8221;][vc_column][vc_column_text css=&#8221;&#8221;]La incorporaci\u00f3 a la Xarxa Innpulso permetr\u00e0 a l&#8217;Ajuntament d&#8217;Elx accedir a noves oportunitats de finan\u00e7ament, programes de formaci\u00f3 i projectes de col\u00b7laboraci\u00f3, aix\u00ed com participar en iniciatives com la compra p\u00fablica innovadora o el desenrotllament de laboratoris urbans.<\/p>\n<p>La candidatura presentada per l&#8217;Ajuntament ha posat en valor l&#8217;estrat\u00e8gia municipal basada en la innovaci\u00f3 amb iniciatives centrades en la digitalitzaci\u00f3 dels servicis p\u00fablics, l&#8217;impuls de projectes de transformaci\u00f3 digital, la sostenibilitat urbana i el desenrotllament econ\u00f2mic.<\/p>\n<p>Aix\u00ed mateix, s&#8217;ha destacat l&#8217;estreta col\u00b7laboraci\u00f3 amb l&#8217;entorn acad\u00e8mic i cient\u00edfic, aix\u00ed com el paper d&#8217;Elx Parc Empresarial com a motor econ\u00f2mic i d&#8217;innovaci\u00f3, on conviuen empreses tecnol\u00f2giques i sectors tradicionals en proc\u00e9s de transformaci\u00f3.<\/p>\n<p>Este reconeixement situa Elx entre les ciutats espanyoles de m\u00e9s de 100.000 habitants que lideren la transformaci\u00f3 urbana a trav\u00e9s de la innovaci\u00f3, juntament amb altres municipis com Alacant, C\u00f2rdova, Pal\u00e8ncia o Torrevella, entre altres. Tots ells han destacat per les seues iniciatives en mat\u00e8ria de sostenibilitat, digitalitzaci\u00f3 i desenrotllament econ\u00f2mic.<\/p>\n<hr \/>\n<p>[\/vc_column_text][\/vc_column][\/vc_row]<\/p>\n<\/div>","protected":false},"excerpt":{"rendered":"<p>[vc_row el_id=&#8221;SUBTITULAR_NOTICIA&#8221;][vc_column][vc_column_text css=&#8221;&#8221;] El reconeixement del Ministeri de Ci\u00e8ncia, Innovaci\u00f3 i Universitats, situa Elx entre les ciutats espanyoles que m\u00e9s aposten per pol\u00edtiques innovadores i sostenibles [\/vc_column_text][\/vc_column][\/vc_row][vc_row el_id=&#8221;TEXTO_NOTICIA&#8221;][vc_column][vc_column_text css=&#8221;&#8221;]Elx ha [&hellip;]<\/p>\n","protected":false},"author":167,"featured_media":329006,"comment_status":"closed","ping_status":"closed","sticky":false,"template":"","format":"standard","meta":{"footnotes":""},"categories":[391,1312],"tags":[],"class_list":["post-356173","post","type-post","status-publish","format-standard","has-post-thumbnail","hentry","category-home-va","category-noticias-va"],"_links":{"self":[{"href":"https:\/\/www.elche.es\/va\/wp-json\/wp\/v2\/posts\/356173","targetHints":{"allow":["GET"]}}],"collection":[{"href":"https:\/\/www.elche.es\/va\/wp-json\/wp\/v2\/posts"}],"about":[{"href":"https:\/\/www.elche.es\/va\/wp-json\/wp\/v2\/types\/post"}],"author":[{"embeddable":true,"href":"https:\/\/www.elche.es\/va\/wp-json\/wp\/v2\/users\/167"}],"replies":[{"embeddable":true,"href":"https:\/\/www.elche.es\/va\/wp-json\/wp\/v2\/comments?post=356173"}],"version-history":[{"count":2,"href":"https:\/\/www.elche.es\/va\/wp-json\/wp\/v2\/posts\/356173\/revisions"}],"predecessor-version":[{"id":356175,"href":"https:\/\/www.elche.es\/va\/wp-json\/wp\/v2\/posts\/356173\/revisions\/356175"}],"wp:featuredmedia":[{"embeddable":true,"href":"https:\/\/www.elche.es\/va\/wp-json\/wp\/v2\/media\/329006"}],"wp:attachment":[{"href":"https:\/\/www.elche.es\/va\/wp-json\/wp\/v2\/media?parent=356173"}],"wp:term":[{"taxonomy":"category","embeddable":true,"href":"https:\/\/www.elche.es\/va\/wp-json\/wp\/v2\/categories?post=356173"},{"taxonomy":"post_tag","embeddable":true,"href":"https:\/\/www.elche.es\/va\/wp-json\/wp\/v2\/tags?post=356173"}],"curies":[{"name":"wp","href":"https:\/\/api.w.org\/{rel}","templated":true}]}}