{"id":356258,"date":"2026-04-30T13:40:05","date_gmt":"2026-04-30T11:40:05","guid":{"rendered":"https:\/\/www.elche.es\/2026\/04\/esdeveniments-amb-talls-de-carrer-o-limitacio-destacionament-previstos-de-l1-al-7-de-maig-de-2026\/"},"modified":"2026-04-30T13:40:05","modified_gmt":"2026-04-30T11:40:05","slug":"esdeveniments-amb-talls-de-carrer-o-limitacio-destacionament-previstos-de-l1-al-7-de-maig-de-2026","status":"publish","type":"post","link":"https:\/\/www.elche.es\/va\/2026\/04\/esdeveniments-amb-talls-de-carrer-o-limitacio-destacionament-previstos-de-l1-al-7-de-maig-de-2026\/","title":{"rendered":"Esdeveniments amb talls de carrer o limitaci\u00f3 d&#8217;estacionament previstos de l&#8217;1 al 7 de maig de 2026"},"content":{"rendered":"<p># MANIFESTACI\u00d3<br \/>\n&#x1f4c6;1 de maig<br \/>\n&#x23f0; 11:00<br \/>\n&#x1f4cd;Itinerari: pla\u00e7a de Bacelona, passeig Nit de l\u2019Alb\u00e0, av. de la Llibertat, Jordi Joan, Reina Vict\u00f2ria, pont de Canalejas, pla\u00e7a de Baix, Corredora, carrer Ample, passeig de les Eres de Santa Ll\u00facia, Portell de Granyana, passeig de l&#8217;Estaci\u00f3<br \/>\n&#x1f6ab;Des de les 07:00 en tot el recorregut<br \/>\n&#x26d4;&#xfe0f; Cap a l&#8217;esdeveniment<\/p>\n<p># OFRENA DE FLORS TORRELLANO<br \/>\n&#x1f4c6;1 de maig<br \/>\n&#x23f0; 11:30<br \/>\n&#x1f4cd;Itinerari: la Pau, cantonada Consueta, Consueta, Pur\u00edssima a parr\u00f2quia<br \/>\n&#x26d4;&#xfe0f; Cap a l&#8217;esdeveniment<\/p>\n<p># ROMERIA<br \/>\n&#x1f4c6; 2 de maig<br \/>\n&#x23f0; De 17:30 a 20:00<br \/>\n&#x1f4cd;Itinerari: des de la partida de la Marina N. 2091 fins a la parr\u00f2quia de Sant Francesc en l&#8217;av. de l&#8217;Alegria<br \/>\n&#x1f6ab; Des de les 15:00 a les 22:00 en l&#8217;av. de l&#8217;Alegria, tot el recorregut de la romeria, tots dos costats<br \/>\n&#x26d4;&#xfe0f; Cap a l&#8217;esdeveniment<\/p>\n<p># MUNTATGE CONCERT<br \/>\n&#x1f4c6; Del 5 al 7 de maig<br \/>\n&#x23f0; Des de les 07.00<br \/>\n&#x1f4cd;Carrer Sax, entre les dos escoletes<br \/>\n&#x1f6ab;Des de les 07:00 del 5 de maig fins a finalitzaci\u00f3 de l&#8217;esdeveniment<\/p>\n","protected":false},"excerpt":{"rendered":"<p># MANIFESTACI\u00d3 &#x1f4c6;1 de maig &#x23f0; 11:00 &#x1f4cd;Itinerari: pla\u00e7a de Bacelona, passeig Nit de l\u2019Alb\u00e0, av. de la Llibertat, Jordi Joan, Reina Vict\u00f2ria, pont de Canalejas, pla\u00e7a de Baix, Corredora, [&hellip;]<\/p>\n","protected":false},"author":139,"featured_media":356249,"comment_status":"closed","ping_status":"closed","sticky":false,"template":"","format":"standard","meta":{"footnotes":""},"categories":[882,3475],"tags":[],"class_list":["post-356258","post","type-post","status-publish","format-standard","has-post-thumbnail","hentry","category-incidencies-i-avisos","category-talls-de-carrer"],"_links":{"self":[{"href":"https:\/\/www.elche.es\/va\/wp-json\/wp\/v2\/posts\/356258","targetHints":{"allow":["GET"]}}],"collection":[{"href":"https:\/\/www.elche.es\/va\/wp-json\/wp\/v2\/posts"}],"about":[{"href":"https:\/\/www.elche.es\/va\/wp-json\/wp\/v2\/types\/post"}],"author":[{"embeddable":true,"href":"https:\/\/www.elche.es\/va\/wp-json\/wp\/v2\/users\/139"}],"replies":[{"embeddable":true,"href":"https:\/\/www.elche.es\/va\/wp-json\/wp\/v2\/comments?post=356258"}],"version-history":[{"count":0,"href":"https:\/\/www.elche.es\/va\/wp-json\/wp\/v2\/posts\/356258\/revisions"}],"wp:featuredmedia":[{"embeddable":true,"href":"https:\/\/www.elche.es\/va\/wp-json\/wp\/v2\/media\/356249"}],"wp:attachment":[{"href":"https:\/\/www.elche.es\/va\/wp-json\/wp\/v2\/media?parent=356258"}],"wp:term":[{"taxonomy":"category","embeddable":true,"href":"https:\/\/www.elche.es\/va\/wp-json\/wp\/v2\/categories?post=356258"},{"taxonomy":"post_tag","embeddable":true,"href":"https:\/\/www.elche.es\/va\/wp-json\/wp\/v2\/tags?post=356258"}],"curies":[{"name":"wp","href":"https:\/\/api.w.org\/{rel}","templated":true}]}}