{"id":356278,"date":"2026-04-30T14:09:29","date_gmt":"2026-04-30T12:09:29","guid":{"rendered":"https:\/\/www.elche.es\/2026\/04\/elx-celebra-la-xxxv-romeria-de-la-verge-del-rocio-amb-una-amplia-programacio\/"},"modified":"2026-04-30T14:09:38","modified_gmt":"2026-04-30T12:09:38","slug":"elx-celebra-la-xxxv-romeria-de-la-verge-del-rocio-amb-una-amplia-programacio","status":"publish","type":"post","link":"https:\/\/www.elche.es\/va\/2026\/04\/elx-celebra-la-xxxv-romeria-de-la-verge-del-rocio-amb-una-amplia-programacio\/","title":{"rendered":"Elx celebra la XXXV Romeria de la Verge del Roc\u00edo amb una \u00e0mplia programaci\u00f3"},"content":{"rendered":"<div class=\"wpb-content-wrapper\"><p>[vc_row el_id=&#8221;SUBTITULAR_NOTICIA&#8221;][vc_column][vc_column_text css=&#8221;&#8221;]<\/p>\n<hr \/>\n<h4>Els actes es desenrotllaran durant el mes de maig amb misses, tridu, preg\u00f3 i la tradicional romeria fins al Pant\u00e0<\/h4>\n<hr \/>\n<p>[\/vc_column_text][\/vc_column][\/vc_row][vc_row el_id=&#8221;TEXTO_NOTICIA&#8221;][vc_column][vc_column_text css=&#8221;&#8221;]Elx acull enguany a XXXV edici\u00f3 de la Romeria en honor a Nostra Senyora del Roc\u00edo, organitzada per la Casa d&#8217;Andalusia amb la col\u00b7laboraci\u00f3 de l&#8217;Ajuntament, amb una completa programaci\u00f3 que es desenrotllar\u00e0 al llarg del mes de maig i que culminar\u00e0 amb la finalitat de setmana gran de la tradicional romeria fins al Pant\u00e0.<\/p>\n<p>L&#8217;edil de Festejos, Inma Mora, ha destacat la import\u00e0ncia d&#8217;esta celebraci\u00f3 en el calendari festiu il\u00b7licit\u00e0 i ha assenyalat que \u201cla Casa d&#8217;Andalusia ha preparat un programa replet d&#8217;activitats durant tot el mes de maig perqu\u00e8 ve\u00efns i visitants puguen gaudir d&#8217;una tradici\u00f3 molt arrelada a la ciutat\u201d.<\/p>\n<p>Els actes comen\u00e7aran el dissabte 9 de maig amb la Missa de la Creu a les 20.00 hores, cantada pel cor Gramaseca, seguida del preg\u00f3 de la romeria a les 20.45 en la parr\u00f2quia del Sagrada Cor de Jes\u00fas, que enguany ser\u00e0 a c\u00e0rrec de Germ\u00e1n Mart\u00ednez L\u00f3pez.<\/p>\n<p>Els dies 19, 20 i 21 de maig se celebrar\u00e0 el tradicional tridu en honor a la Verge del Roc\u00edo en la mateixa parr\u00f2quia, amb actes lit\u00fargics a partir de les 19.00 hores i la Santa Missa a les 20.00 hores.[\/vc_column_text][\/vc_column][\/vc_row][vc_row el_id=&#8221;DESTACADO_NOTICIA&#8221;][vc_column][vc_column_text css=&#8221;&#8221; el_class=&#8221;cuadronoticia&#8221;]<\/p>\n<h5>La programaci\u00f3 inclou com a novetat enguany una recollida d&#8217;aliments en benefici de la Fundaci\u00f3 Consciencia&#8217;t<\/h5>\n<p>[\/vc_column_text][\/vc_column][\/vc_row][vc_row el_id=&#8221;TEXTO_FIN_NOTICIA&#8221;][vc_column][vc_column_text css=&#8221;&#8221;]El divendres 29 de maig tindr\u00e0 lloc un dels moments m\u00e9s esperats amb l&#8217;eixida en romeria des de la parr\u00f2quia fins al Pant\u00e0, despr\u00e9s de la presentaci\u00f3 dels <em>Simpecados<\/em> i la benedicci\u00f3 dels pelegrins. L&#8217;eixida de la romeria seria sobre les 16.30 hores en la parr\u00f2quia del Sagrat Cor de Jes\u00fas. Ja en el recinte, a mitjanit, se celebrar\u00e0 la tradicional Salve rociera davant la <em>Blanca Paloma.<\/em><\/p>\n<p>El dissabte 30 de maig comen\u00e7ar\u00e0 amb el Rosari de l&#8217;Aurora a les 6.00 hores i a les 20.00 tindr\u00e0 lloc la missa rociera. La jornada festiva inclour\u00e0 l&#8217;actuaci\u00f3 en directe del grup Candela i culminar\u00e0 a mitjanit amb el salt de la reixa i la process\u00f3 de la Verge del Roc\u00edo, un dels moments m\u00e9s emotius de la romeria.<\/p>\n<p>El diumenge 31 de maig es posar\u00e0 el fermall final amb el lliurament de crespons en record de la romeria, el retorn en romeria a la parr\u00f2quia a les 17.00 hores i l&#8217;entrada de la Verge a les 22.00 hores.<\/p>\n<p>Per part seua, el president de la Casa d&#8217;Andalusia, Juan Jos\u00e9 J\u00e1imez, ha destacat com a novetat \u201cla recollida solid\u00e0ria d&#8217;aliments durant els dies 29, 30 i 31 de maig en el propi Pant\u00e0, en col\u00b7laboraci\u00f3 amb la Fundaci\u00f3 Consciencia&#8217;t, per a ajudar als qui m\u00e9s ho necessiten\u201d.<\/p>\n<hr \/>\n<p>[\/vc_column_text][\/vc_column][\/vc_row][vc_row][vc_column width=&#8221;1\/6&#8243;][\/vc_column][vc_column width=&#8221;2\/3&#8243;]<audio class=\"sc_audio\" src=\"https:\/\/soundcloud.com\/ayuntamiento-de-elche\/elche-celebra-la-xxxv-romeria\" width=\"\" height=\"\" style=\"````\"><\/audio>[\/vc_column][vc_column width=&#8221;1\/6&#8243;][\/vc_column][\/vc_row]<\/p>\n<\/div>","protected":false},"excerpt":{"rendered":"<p>[vc_row el_id=&#8221;SUBTITULAR_NOTICIA&#8221;][vc_column][vc_column_text css=&#8221;&#8221;] Els actes es desenrotllaran durant el mes de maig amb misses, tridu, preg\u00f3 i la tradicional romeria fins al Pant\u00e0 [\/vc_column_text][\/vc_column][\/vc_row][vc_row el_id=&#8221;TEXTO_NOTICIA&#8221;][vc_column][vc_column_text css=&#8221;&#8221;]Elx acull enguany a XXXV [&hellip;]<\/p>\n","protected":false},"author":203,"featured_media":356277,"comment_status":"closed","ping_status":"closed","sticky":false,"template":"","format":"standard","meta":{"footnotes":""},"categories":[191,391,1312],"tags":[],"class_list":["post-356278","post","type-post","status-publish","format-standard","has-post-thumbnail","hentry","category-festes-va","category-home-va","category-noticias-va"],"_links":{"self":[{"href":"https:\/\/www.elche.es\/va\/wp-json\/wp\/v2\/posts\/356278","targetHints":{"allow":["GET"]}}],"collection":[{"href":"https:\/\/www.elche.es\/va\/wp-json\/wp\/v2\/posts"}],"about":[{"href":"https:\/\/www.elche.es\/va\/wp-json\/wp\/v2\/types\/post"}],"author":[{"embeddable":true,"href":"https:\/\/www.elche.es\/va\/wp-json\/wp\/v2\/users\/203"}],"replies":[{"embeddable":true,"href":"https:\/\/www.elche.es\/va\/wp-json\/wp\/v2\/comments?post=356278"}],"version-history":[{"count":2,"href":"https:\/\/www.elche.es\/va\/wp-json\/wp\/v2\/posts\/356278\/revisions"}],"predecessor-version":[{"id":356280,"href":"https:\/\/www.elche.es\/va\/wp-json\/wp\/v2\/posts\/356278\/revisions\/356280"}],"wp:featuredmedia":[{"embeddable":true,"href":"https:\/\/www.elche.es\/va\/wp-json\/wp\/v2\/media\/356277"}],"wp:attachment":[{"href":"https:\/\/www.elche.es\/va\/wp-json\/wp\/v2\/media?parent=356278"}],"wp:term":[{"taxonomy":"category","embeddable":true,"href":"https:\/\/www.elche.es\/va\/wp-json\/wp\/v2\/categories?post=356278"},{"taxonomy":"post_tag","embeddable":true,"href":"https:\/\/www.elche.es\/va\/wp-json\/wp\/v2\/tags?post=356278"}],"curies":[{"name":"wp","href":"https:\/\/api.w.org\/{rel}","templated":true}]}}