{"id":356281,"date":"2026-04-30T14:22:35","date_gmt":"2026-04-30T12:22:35","guid":{"rendered":"https:\/\/www.elche.es\/2026\/04\/llum-verda-a-les-obres-de-condicionament-de-lhort-del-gat\/"},"modified":"2026-04-30T14:22:44","modified_gmt":"2026-04-30T12:22:44","slug":"llum-verda-a-les-obres-de-condicionament-de-lhort-del-gat","status":"publish","type":"post","link":"https:\/\/www.elche.es\/va\/2026\/04\/llum-verda-a-les-obres-de-condicionament-de-lhort-del-gat\/","title":{"rendered":"Llum verda a les obres de condicionament de l\u2019Hort del Gat"},"content":{"rendered":"<div class=\"wpb-content-wrapper\"><p>[vc_row el_id=&#8221;SUBTITULAR_NOTICIA&#8221;][vc_column][vc_column_text css=&#8221;&#8221;]<\/p>\n<hr \/>\n<h4>L&#8217;actuaci\u00f3 contempla la recuperaci\u00f3 integral de l&#8217;hort com a espai patrimonial, agr\u00edcola i tur\u00edstic vinculat al futur Centre d&#8217;Interpretaci\u00f3 del Palmerar<\/h4>\n<hr \/>\n<p>[\/vc_column_text][\/vc_column][\/vc_row][vc_row el_id=&#8221;TEXTO_NOTICIA&#8221;][vc_column][vc_column_text css=&#8221;&#8221;]La Junta de Govern Local ha adjudicat el contracte d&#8217;obres de condicionament de l\u2019Hort del Gat, finan\u00e7at amb fons Next Generation-EU, dins del Pla de Sostenibilitat Tur\u00edstica. Una actuaci\u00f3 que dur\u00e0 a terme la mercantil OBRAS Y SERVICIOS P. SELVA SL, per un import de 634.823,38 euros i un termini d&#8217;execuci\u00f3 2 mesos.<\/p>\n<p>La portaveu Inma Mora ha assenyalat que l&#8217;actuaci\u00f3 abastar\u00e0 una superf\u00edcie aproximada de 10.021 metres quadrats on es contempla la recuperaci\u00f3 integral de l&#8217;hort com a espai patrimonial, agr\u00edcola i tur\u00edstic vinculat al futur Centre d&#8217;Interpretaci\u00f3 del Palmerar que se situar\u00e0 a la casa de l\u2019Hort del Gat.<\/p>\n<p>El projecte inclou la pavimentaci\u00f3 amb pedra natural a l&#8217;entorn de la casa per a millorar l&#8217;accessibilitat, la creaci\u00f3 de noves zones enjardinades amb esp\u00e8cies tradicionals, la reubicaci\u00f3 i restauraci\u00f3 d&#8217;escultures hist\u00f2riques i la instal\u00b7laci\u00f3 d&#8217;enllumenat solar. Tamb\u00e9 es milloraran els accessos amb un nou vial que connectar\u00e0 l&#8217;entrada principal amb l&#8217;aparcament situat en la part posterior d&#8217;hort, millora del tancat perimetral i la substituci\u00f3 del mur al costat de l&#8217;IES Sixto Marco per un nou tancament amb mur i tanca met\u00e0l\u00b7lica.<\/p>\n<p>En la reuni\u00f3 d&#8217;este dijous 30 d&#8217;abril tamb\u00e9 s&#8217;ha adjudicat a la mercantil CINNIA TECH per un import de 180.062 euros el contracte de producci\u00f3, subministrament i instal\u00b7laci\u00f3 dels elements de senyalitzaci\u00f3 tur\u00edstica intel\u00b7ligent de car\u00e0cter patrimonial d&#8217;Elx, finan\u00e7at amb Fons Next Generation-EU.<\/p>\n<p>El termini s&#8217;establix en 2 mesos a partir de la formalitzaci\u00f3 del contracte i els treballs hauran de finalitzar abans del 20 de juny.<\/p>\n<p>Este pla de senyalitzaci\u00f3 tur\u00edstica, que forma part del Pla de Sostenibilitat Tur\u00edstica en Destins contempla la instal\u00b7laci\u00f3 de nous suports informatius en m\u00e9s de 20 localitzacions del centre hist\u00f2ric entre les quals destaquen la bas\u00edlica de Santa Maria, el Palau d&#8217;Altamira, la Calaforra o el Parc Municipal.<\/p>\n<p>Estos senyals, que estaran presentades en format t\u00f2tem, taula, panell o faristol, facilitaran l&#8217;orientaci\u00f3 dels visitants i ajudaran a moure&#8217;s i descobrir els principals atractius de la ciutat.<\/p>\n<p>Cada senyal incorporar\u00e0 codis QR que permetran accedir des del dispositiu m\u00f2bil a informaci\u00f3 ampliada disponible en castell\u00e0, valenci\u00e0, angl\u00e9s i franc\u00e9s, aix\u00ed com a rutes culturals i tur\u00edstiques que connecten amb altres plataformes com Wikiloc. A m\u00e9s, el sistema inclour\u00e0 tecnologia Navilens, dissenyada per a millorar l&#8217;accessibilitat de les persones amb discapacitat.[\/vc_column_text][\/vc_column][\/vc_row][vc_row el_id=&#8221;DESTACADO_NOTICIA&#8221;][vc_column][vc_column_text css=&#8221;&#8221; el_class=&#8221;cuadronoticia&#8221;]<\/p>\n<h5>La Junta de Govern Local aprova la instal\u00b7laci\u00f3 de senyalitzaci\u00f3 tur\u00edstica intel\u00b7ligent de car\u00e0cter patrimonial en una vintena de punts<\/h5>\n<p>[\/vc_column_text][\/vc_column][\/vc_row][vc_row el_id=&#8221;TEXTO_FIN_NOTICIA&#8221;][vc_column][vc_column_text css=&#8221;&#8221;]Un altre dels punts aprovats \u00e9s la classificaci\u00f3 d&#8217;ofertes presentades a la licitaci\u00f3 del contracte de servici de poda de palmeres en horts municipals. A la licitaci\u00f3 ha concorregut un \u00fanic licitador, la mercantil Mart\u00edn y Paco Carbonell SL, que \u00e9s la proposta per a l&#8217;adjudicaci\u00f3.<\/p>\n<p>El termini d&#8217;execuci\u00f3 \u00e9s de 5 mesos i un pressupost de 307.408 euros.<\/p>\n<p>Tamb\u00e9 s&#8217;han aprovat les bases de la convocat\u00f2ria d&#8217;ajudes econ\u00f2miques a entitats culturals sense \u00e0nim de lucre per a dur a terme activitats culturals en 2026.<\/p>\n<p>Els projectes que se subvencionaran contindran la realitzaci\u00f3 d&#8217;activitats relacionades amb cicles de confer\u00e8ncies culturals; cert\u00e0mens i concursos culturals; projectes de m\u00fasica pintura, literatura, teatre o dansa; exposicions de pintura, fotografia, arqueol\u00f2giques, etnogr\u00e0fiques; projectes de divulgaci\u00f3 cultural o altres que fomenten el coneixement del patrimoni cultural i altres projectes d&#8217;especial inter\u00e9s cultural.<\/p>\n<p>Este dijous 30 d&#8217;abril s&#8217;han aprovat diversos convenis de col\u00b7laboraci\u00f3. D&#8217;una banda, amb la Venerable i Sacramental Majordomia del Sant\u00edssim Corpus Christi d&#8217;Elx, 10.000 euros i en l&#8217;\u00e0rea de Medi Ambient amb l\u2019 Associaci\u00f3 per al Desenvolupament Rural del Camp d&#8217;Elx (ADR), 25.000 euros; Associaci\u00f3 d&#8217;empreses productores de plantes de viver de la Prov\u00edncia d&#8217;Alacant (VAME), 8.000 euros; Uni\u00f3 de Llauradors i Ramaders d\u2019Elx, 10.000 euros; Comunitat de Regants de Carrissars d&#8217;Elx, 5.000 euros; Associaci\u00f3 de Productors de D\u00e0til d&#8217;Elx, 15.000 euros i Associaci\u00f3 Agr\u00e0ria de J\u00f3vens Agricultors (ASAJA), 25.000 euros.<\/p>\n<p>A m\u00e9s del conveni amb l&#8217;Associaci\u00f3 Festera de Moros i Cristians per un import de 101.875 euros i la cessi\u00f3 d&#8217;\u00fas de l&#8217;immoble municipal al carrer Trinquet, on es troba la seu, i la depend\u00e8ncia al Parc Municipal denominada \u2018Centre de Visitants\u2019 per al seu \u00fas com a sala expositiva expositiva i muse\u00edstica.<\/p>\n<p>D&#8217;altra banda, s&#8217;ha iniciat l&#8217;expedient per a l&#8217;adjudicaci\u00f3 del contracte d&#8217;obres per a la instal\u00b7laci\u00f3 de tendals vela en la pista de petanca del Parc d&#8217;Andalusia.<\/p>\n<p>Segons Mora, des de la Regidoria de Transpar\u00e8ncia, Participaci\u00f3, Districtes, Biblioteques, Mercats i Mercats ambulants, s&#8217;ha proposat la instal\u00b7laci\u00f3 d&#8217;ombres mitjan\u00e7ant la instal\u00b7laci\u00f3 d&#8217;estos tendals vela en les pistes de petanca com a mesura correctiva de manera que permeta un millor i major \u00fas de la instal\u00b7laci\u00f3 municipal pels ve\u00efns del municipi. El pressupost base de licitaci\u00f3 ascendix a 46.258 euros i el termini d&#8217;execuci\u00f3 de les obres \u00e9s d&#8217;1 mes.<\/p>\n<p>Aix\u00ed mateix, s&#8217;ha reconegut el dret a la mercantil Autobusos Urbans d&#8217;Elx a la revisi\u00f3 del cost per quil\u00f2metre inicial per a este exercici 2026 per la prestaci\u00f3 del servici de Transport Col\u00b7lectiu Urb\u00e0 de Viatgers, que ascendix a 4\u2019497 euros\/quil\u00f2metre davant dels 4\u20192 de l&#8217;any anterior, per\u00f2 no implica de cap manera l&#8217;augment de tarifes per als usuaris.<\/p>\n<hr \/>\n<p>[\/vc_column_text][\/vc_column][\/vc_row][vc_row][vc_column width=&#8221;1\/6&#8243;][\/vc_column][vc_column width=&#8221;2\/3&#8243;]<audio class=\"sc_audio\" src=\"https:\/\/soundcloud.com\/ayuntamiento-de-elche\/luz-verde-a-las-obras-de?si=afe4c3240ab146348a778e747f536889&#038;utm_source=clipboard&#038;utm_medium=text&#038;utm_campaign=social_sharing\" width=\"\" height=\"\" style=\"````\"><\/audio>[\/vc_column][vc_column width=&#8221;1\/6&#8243;][\/vc_column][\/vc_row]<\/p>\n<\/div>","protected":false},"excerpt":{"rendered":"<p>[vc_row el_id=&#8221;SUBTITULAR_NOTICIA&#8221;][vc_column][vc_column_text css=&#8221;&#8221;] L&#8217;actuaci\u00f3 contempla la recuperaci\u00f3 integral de l&#8217;hort com a espai patrimonial, agr\u00edcola i tur\u00edstic vinculat al futur Centre d&#8217;Interpretaci\u00f3 del Palmerar [\/vc_column_text][\/vc_column][\/vc_row][vc_row el_id=&#8221;TEXTO_NOTICIA&#8221;][vc_column][vc_column_text css=&#8221;&#8221;]La Junta de Govern [&hellip;]<\/p>\n","protected":false},"author":167,"featured_media":356260,"comment_status":"closed","ping_status":"closed","sticky":false,"template":"","format":"standard","meta":{"footnotes":""},"categories":[391,3085,1312],"tags":[],"class_list":["post-356281","post","type-post","status-publish","format-standard","has-post-thumbnail","hentry","category-home-va","category-junta-de-govern-local","category-noticias-va"],"_links":{"self":[{"href":"https:\/\/www.elche.es\/va\/wp-json\/wp\/v2\/posts\/356281","targetHints":{"allow":["GET"]}}],"collection":[{"href":"https:\/\/www.elche.es\/va\/wp-json\/wp\/v2\/posts"}],"about":[{"href":"https:\/\/www.elche.es\/va\/wp-json\/wp\/v2\/types\/post"}],"author":[{"embeddable":true,"href":"https:\/\/www.elche.es\/va\/wp-json\/wp\/v2\/users\/167"}],"replies":[{"embeddable":true,"href":"https:\/\/www.elche.es\/va\/wp-json\/wp\/v2\/comments?post=356281"}],"version-history":[{"count":2,"href":"https:\/\/www.elche.es\/va\/wp-json\/wp\/v2\/posts\/356281\/revisions"}],"predecessor-version":[{"id":356283,"href":"https:\/\/www.elche.es\/va\/wp-json\/wp\/v2\/posts\/356281\/revisions\/356283"}],"wp:featuredmedia":[{"embeddable":true,"href":"https:\/\/www.elche.es\/va\/wp-json\/wp\/v2\/media\/356260"}],"wp:attachment":[{"href":"https:\/\/www.elche.es\/va\/wp-json\/wp\/v2\/media?parent=356281"}],"wp:term":[{"taxonomy":"category","embeddable":true,"href":"https:\/\/www.elche.es\/va\/wp-json\/wp\/v2\/categories?post=356281"},{"taxonomy":"post_tag","embeddable":true,"href":"https:\/\/www.elche.es\/va\/wp-json\/wp\/v2\/tags?post=356281"}],"curies":[{"name":"wp","href":"https:\/\/api.w.org\/{rel}","templated":true}]}}