{"id":356284,"date":"2026-04-30T14:26:18","date_gmt":"2026-04-30T12:26:18","guid":{"rendered":"https:\/\/www.elche.es\/2026\/04\/elx-inicia-la-modificacio-urbanistica-per-a-facilitar-nous-comercos-en-la-carretera-de-crevillent\/"},"modified":"2026-04-30T14:26:28","modified_gmt":"2026-04-30T12:26:28","slug":"elx-inicia-la-modificacio-urbanistica-per-a-facilitar-nous-comercos-en-la-carretera-de-crevillent","status":"publish","type":"post","link":"https:\/\/www.elche.es\/va\/2026\/04\/elx-inicia-la-modificacio-urbanistica-per-a-facilitar-nous-comercos-en-la-carretera-de-crevillent\/","title":{"rendered":"Elx inicia la modificaci\u00f3 urban\u00edstica per a facilitar nous comer\u00e7os en la carretera de Crevillent"},"content":{"rendered":"<div class=\"wpb-content-wrapper\"><p>[vc_row el_id=&#8221;SUBTITULAR_NOTICIA&#8221;][vc_column][vc_column_text css=&#8221;&#8221;]<\/p>\n<hr \/>\n<h4>El canvi en el Pla General, permetr\u00e0 passar d&#8217;\u00fas industrial a terciari en diversos sectors per a adaptar-se a la realitat comercial de la zona<\/h4>\n<hr \/>\n<p>[\/vc_column_text][\/vc_column][\/vc_row][vc_row el_id=&#8221;TEXTO_NOTICIA&#8221;][vc_column][vc_column_text css=&#8221;&#8221;]L&#8217;Ajuntament d&#8217;Elx ha iniciat la modificaci\u00f3 puntual n\u00famero 48 del Pla General amb l&#8217;objectiu de canviar l&#8217;\u00fas predominant del s\u00f2l a l&#8217;entorn de la carretera de Crevillent, passant d&#8217;industrial a terciari en diversos sectors. Una actuaci\u00f3 que permetr\u00e0 consolidar el car\u00e0cter comercial que ja presenta la zona.<\/p>\n<p>L&#8217;\u00e0mbit d&#8217;actuaci\u00f3 inclou diversos sectors pr\u00f2xims al nucli urb\u00e0, entre els sectors E-27, E-8, E-9, E-10, E-29, E-32, E-38 i E-41, aix\u00ed com diferents \u00e0rees de repartiment. Es tracta d&#8217;espais que ja compten amb activitat comercial consolidada, bona accessibilitat i connexi\u00f3 mitjan\u00e7ant transport p\u00fablic.<\/p>\n<p>El regidor d&#8217;Estrat\u00e8gia Municipal, Francisco Soler, ha explicat que \u201cl&#8217;objectiu \u00e9s ordenar una realitat ja existent, consolidar eixe pol d&#8217;atracci\u00f3 comercial i facilitar que noves activitats puguen implantar-se en la zona sense traves administratives ni jur\u00eddiques\u201d. \u00a0En este sentit, Soler ha destacat que \u201chi ha peticions cont\u00ednuament i ara mateix, el que fem \u00e9s avan\u00e7ar-nos a problemes que puguen sorgir a l&#8217;hora de sol\u00b7licitar llic\u00e8ncies comercials en la zona\u201d.[\/vc_column_text][\/vc_column][\/vc_row][vc_row el_id=&#8221;DESTACADO_NOTICIA&#8221;][vc_column][vc_column_text css=&#8221;&#8221; el_class=&#8221;cuadronoticia&#8221;]<\/p>\n<h5>La mesura busca evitar traves administratives i facilitar la implantaci\u00f3 de nous negocis amb major seguretat jur\u00eddica<\/h5>\n<p>[\/vc_column_text][\/vc_column][\/vc_row][vc_row el_id=&#8221;TEXTO_FIN_NOTICIA&#8221;][vc_column][vc_column_text css=&#8221;&#8221;]La modificaci\u00f3 mant\u00e9 el s\u00f2l industrial ja consolidat, per\u00f2 invertix l&#8217;\u00fas predominant per a afavorir el desenrotllament d&#8217;activitats comercials i de servicis. Segons Soler, \u201cno es tracta d&#8217;un projecte concret, sin\u00f3 de planificar amb sentit com\u00fa, d&#8217;adaptar la normativa a la realitat actual i d&#8217;evitar que iniciatives econ\u00f2miques es desplacen a altres municipis\u201d.<\/p>\n<p>El document aprovat correspon a l&#8217;inici del procediment, que ara es remetr\u00e0 a la Conselleria d&#8217;Urbanisme per a la seua corresponent avaluaci\u00f3 ambiental, primer pas necessari abans de continuar amb la tramitaci\u00f3. L&#8217;edil, ha subratllat que esta actuaci\u00f3 \u201cpermetr\u00e0 no sols ordenar el territori, sin\u00f3 tamb\u00e9 millorar els servicis, la mobilitat i la connectivitat d&#8217;una zona amb cada vegada major aflu\u00e8ncia de ciutadans\u201d.<\/p>\n<hr \/>\n<p>[\/vc_column_text][\/vc_column][\/vc_row][vc_row][vc_column width=&#8221;1\/6&#8243;][\/vc_column][vc_column width=&#8221;2\/3&#8243;]<audio class=\"sc_audio\" src=\"https:\/\/soundcloud.com\/ayuntamiento-de-elche\/elche-inicia-la-modificacion?si=bbb2ce5e375e4ed193c3db1bc30fddb8&#038;utm_source=clipboard&#038;utm_medium=text&#038;utm_campaign=social_sharing\" width=\"\" height=\"\" style=\"````\"><\/audio>[\/vc_column][vc_column width=&#8221;1\/6&#8243;][\/vc_column][\/vc_row]<\/p>\n<\/div>","protected":false},"excerpt":{"rendered":"<p>[vc_row el_id=&#8221;SUBTITULAR_NOTICIA&#8221;][vc_column][vc_column_text css=&#8221;&#8221;] El canvi en el Pla General, permetr\u00e0 passar d&#8217;\u00fas industrial a terciari en diversos sectors per a adaptar-se a la realitat comercial de la zona [\/vc_column_text][\/vc_column][\/vc_row][vc_row el_id=&#8221;TEXTO_NOTICIA&#8221;][vc_column][vc_column_text [&hellip;]<\/p>\n","protected":false},"author":167,"featured_media":356271,"comment_status":"closed","ping_status":"closed","sticky":false,"template":"","format":"standard","meta":{"footnotes":""},"categories":[391,1312,210],"tags":[],"class_list":["post-356284","post","type-post","status-publish","format-standard","has-post-thumbnail","hentry","category-home-va","category-noticias-va","category-urbanisme-va"],"_links":{"self":[{"href":"https:\/\/www.elche.es\/va\/wp-json\/wp\/v2\/posts\/356284","targetHints":{"allow":["GET"]}}],"collection":[{"href":"https:\/\/www.elche.es\/va\/wp-json\/wp\/v2\/posts"}],"about":[{"href":"https:\/\/www.elche.es\/va\/wp-json\/wp\/v2\/types\/post"}],"author":[{"embeddable":true,"href":"https:\/\/www.elche.es\/va\/wp-json\/wp\/v2\/users\/167"}],"replies":[{"embeddable":true,"href":"https:\/\/www.elche.es\/va\/wp-json\/wp\/v2\/comments?post=356284"}],"version-history":[{"count":2,"href":"https:\/\/www.elche.es\/va\/wp-json\/wp\/v2\/posts\/356284\/revisions"}],"predecessor-version":[{"id":356286,"href":"https:\/\/www.elche.es\/va\/wp-json\/wp\/v2\/posts\/356284\/revisions\/356286"}],"wp:featuredmedia":[{"embeddable":true,"href":"https:\/\/www.elche.es\/va\/wp-json\/wp\/v2\/media\/356271"}],"wp:attachment":[{"href":"https:\/\/www.elche.es\/va\/wp-json\/wp\/v2\/media?parent=356284"}],"wp:term":[{"taxonomy":"category","embeddable":true,"href":"https:\/\/www.elche.es\/va\/wp-json\/wp\/v2\/categories?post=356284"},{"taxonomy":"post_tag","embeddable":true,"href":"https:\/\/www.elche.es\/va\/wp-json\/wp\/v2\/tags?post=356284"}],"curies":[{"name":"wp","href":"https:\/\/api.w.org\/{rel}","templated":true}]}}