{"id":361587,"date":"2026-07-29T08:52:16","date_gmt":"2026-07-29T06:52:16","guid":{"rendered":"https:\/\/www.elche.es\/2026\/07\/elx-instal%c2%b7la-nous-radars-informatius-per-a-reforcar-la-seguretat-viaria\/"},"modified":"2026-07-29T08:52:32","modified_gmt":"2026-07-29T06:52:32","slug":"elx-instal%c2%b7la-nous-radars-informatius-per-a-reforcar-la-seguretat-viaria","status":"publish","type":"post","link":"https:\/\/www.elche.es\/va\/2026\/07\/elx-instal%c2%b7la-nous-radars-informatius-per-a-reforcar-la-seguretat-viaria\/","title":{"rendered":"Elx instal\u00b7la nous radars informatius per a refor\u00e7ar la seguretat vi\u00e0ria"},"content":{"rendered":"<div class=\"wpb-content-wrapper\"><p>[vc_row el_id=&#8221;SUBTITULAR_NOTICIA&#8221;][vc_column][vc_column_text css=&#8221;&#8221;]<\/p>\n<h4>Els nous panells pedag\u00f2gics informaran els conductors de la velocitat a la qual circulen per a fomentar una conducci\u00f3 m\u00e9s segura, sense car\u00e0cter sancionador<\/h4>\n<p>&nbsp;<\/p>\n<hr \/>\n<p>[\/vc_column_text][\/vc_column][\/vc_row][vc_row el_id=&#8221;TEXTO_NOTICIA&#8221;][vc_column][vc_column_text css=&#8221;&#8221;]L&#8217;Ajuntament d&#8217;Elx continua amb la instal\u00b7laci\u00f3 de prop d&#8217;una vintena de radars pedag\u00f2gics previstos en diferents barris i pedanies del municipi amb l&#8217;objectiu de millorar la seguretat vi\u00e0ria, especialment en els entorns educatius i en els accessos als nuclis urbans en les pedanies.<\/p>\n<p>L&#8217;edil de Districtes, Loli Serna, ha visitat este dimarts un dels dispositius ja instal\u00b7lats, situat al costat del CEIP Jaume I, en l&#8217;avinguda de les Corts Valencianes.<\/p>\n<p>Els treballs continuaran durant les pr\u00f2ximes setmanes fins a completar la instal\u00b7laci\u00f3 i posada en funcionament de tots els panells. Estos dispositius mostren en temps real la velocitat a la qual circulen els vehicles mitjan\u00e7ant un sistema visual, una cara verda somrient quan es respecta el l\u00edmit de 30 quil\u00f2metres per hora i una cara roja quan se supera.[\/vc_column_text][\/vc_column][\/vc_row][vc_row el_id=&#8221;DESTACADO_NOTICIA&#8221;][vc_column][vc_column_text css=&#8221;&#8221; el_class=&#8221;cuadronoticia&#8221;]<\/p>\n<h5>L&#8217;edil de Districtes, Loli Serna, ha visitat el dispositiu ja instal\u00b7lat al costat del CEIP Jaume I, mentres continua la implantaci\u00f3 de la resta de radars en diferents punts del municipi<\/h5>\n<p>[\/vc_column_text][\/vc_column][\/vc_row][vc_row el_id=&#8221;TEXTO_FIN_NOTICIA&#8221;][vc_column][vc_column_text css=&#8221;&#8221;]Serna ha recordat que \u201cestos radars que estem instal\u00b7lant per tot el nostre terme municipal, no multaran. Servixen per a conscienciar els conductors i protegir els vianants especialment en zones sensibles com col\u00b7legis\u201d.<\/p>\n<p>Aix\u00ed mateix, l&#8217;edil ha assenyalat que esta actuaci\u00f3 respon a les peticions traslladades pel ve\u00efnat i ha assegurat que \u201cdes de Districtes i Mobilitat continuem escoltant tota la ciutadania i continuarem treballant per a garantir la seguretat vi\u00e0ria tant en barris com en pedanies\u201d.<\/p>\n<p>Els radars pedag\u00f2gics s&#8217;estan instal\u00b7lant o s&#8217;instal\u00b7laran en les pr\u00f2ximes setmanes en els voltants de diversos centres educatius, entre estos els CEIP l&#8217;Assumpci\u00f3, Jaume I, Francesc Cant\u00f3, Jorge Guill\u00e9n, Lluis Vives, Dama d\u2019Elx, Ferr\u00e1ndez Cruz i Clara Campoamor, a m\u00e9s d&#8217;en els accessos a la Baia, Vallverde, la G\u00e0l\u00b7lia i la Penya de les \u00c0guiles.<\/p>\n<hr \/>\n<p>[\/vc_column_text][\/vc_column][\/vc_row][vc_row][vc_column width=&#8221;1\/6&#8243;][\/vc_column][vc_column width=&#8221;2\/3&#8243;]<audio class=\"sc_audio\" src=\"https:\/\/soundcloud.com\/ayuntamiento-de-elche\/elche-instala-nuevos-radares\" width=\"\" height=\"\" style=\"````\"><\/audio>[\/vc_column][vc_column width=&#8221;1\/6&#8243;][\/vc_column][\/vc_row]<\/p>\n<\/div>","protected":false},"excerpt":{"rendered":"<p>[vc_row el_id=&#8221;SUBTITULAR_NOTICIA&#8221;][vc_column][vc_column_text css=&#8221;&#8221;] Els nous panells pedag\u00f2gics informaran els conductors de la velocitat a la qual circulen per a fomentar una conducci\u00f3 m\u00e9s segura, sense car\u00e0cter sancionador &nbsp; [\/vc_column_text][\/vc_column][\/vc_row][vc_row el_id=&#8221;TEXTO_NOTICIA&#8221;][vc_column][vc_column_text [&hellip;]<\/p>\n","protected":false},"author":203,"featured_media":361558,"comment_status":"closed","ping_status":"closed","sticky":false,"template":"","format":"standard","meta":{"footnotes":""},"categories":[3341,391,1312,1277],"tags":[],"class_list":["post-361587","post","type-post","status-publish","format-standard","has-post-thumbnail","hentry","category-districtes","category-home-va","category-noticias-va","category-via-publica-va"],"_links":{"self":[{"href":"https:\/\/www.elche.es\/va\/wp-json\/wp\/v2\/posts\/361587","targetHints":{"allow":["GET"]}}],"collection":[{"href":"https:\/\/www.elche.es\/va\/wp-json\/wp\/v2\/posts"}],"about":[{"href":"https:\/\/www.elche.es\/va\/wp-json\/wp\/v2\/types\/post"}],"author":[{"embeddable":true,"href":"https:\/\/www.elche.es\/va\/wp-json\/wp\/v2\/users\/203"}],"replies":[{"embeddable":true,"href":"https:\/\/www.elche.es\/va\/wp-json\/wp\/v2\/comments?post=361587"}],"version-history":[{"count":2,"href":"https:\/\/www.elche.es\/va\/wp-json\/wp\/v2\/posts\/361587\/revisions"}],"predecessor-version":[{"id":361589,"href":"https:\/\/www.elche.es\/va\/wp-json\/wp\/v2\/posts\/361587\/revisions\/361589"}],"wp:featuredmedia":[{"embeddable":true,"href":"https:\/\/www.elche.es\/va\/wp-json\/wp\/v2\/media\/361558"}],"wp:attachment":[{"href":"https:\/\/www.elche.es\/va\/wp-json\/wp\/v2\/media?parent=361587"}],"wp:term":[{"taxonomy":"category","embeddable":true,"href":"https:\/\/www.elche.es\/va\/wp-json\/wp\/v2\/categories?post=361587"},{"taxonomy":"post_tag","embeddable":true,"href":"https:\/\/www.elche.es\/va\/wp-json\/wp\/v2\/tags?post=361587"}],"curies":[{"name":"wp","href":"https:\/\/api.w.org\/{rel}","templated":true}]}}