{"id":361590,"date":"2026-07-29T09:00:37","date_gmt":"2026-07-29T07:00:37","guid":{"rendered":"https:\/\/www.elche.es\/2026\/07\/elx-reforca-la-seguretat-davant-inundacions-amb-un-sistema-integral-dalarmes-i-videovigilancia\/"},"modified":"2026-07-29T09:00:46","modified_gmt":"2026-07-29T07:00:46","slug":"elx-reforca-la-seguretat-davant-inundacions-amb-un-sistema-integral-dalarmes-i-videovigilancia","status":"publish","type":"post","link":"https:\/\/www.elche.es\/va\/2026\/07\/elx-reforca-la-seguretat-davant-inundacions-amb-un-sistema-integral-dalarmes-i-videovigilancia\/","title":{"rendered":"Elx refor\u00e7a la seguretat davant inundacions amb un sistema integral d&#8217;alarmes i videovigil\u00e0ncia"},"content":{"rendered":"<div class=\"wpb-content-wrapper\"><p>[vc_row el_id=&#8221;SUBTITULAR_NOTICIA&#8221;][vc_column][vc_column_text css=&#8221;&#8221;]<\/p>\n<h4>L&#8217;Ajuntament ha instal\u00b7lat noves sirenes i cambres en barrancs per a refor\u00e7ar la prevenci\u00f3 i millorar la resposta davant episodis de pluges intenses<\/h4>\n<p>&nbsp;<\/p>\n<hr \/>\n<p>[\/vc_column_text][\/vc_column][\/vc_row][vc_row el_id=&#8221;TEXTO_NOTICIA&#8221;][vc_column][vc_column_text css=&#8221;&#8221;]L&#8217;Ajuntament d&#8217;Elx continua amb el refor\u00e7 del sistema municipal de protecci\u00f3 davant d&#8217;inundacions amb la instal\u00b7laci\u00f3 de noves sirenes d&#8217;emerg\u00e8ncia i c\u00e0meres de vigil\u00e0ncia en els punts de major risc del terme municipal.<\/p>\n<p>L&#8217;alcalde, Pablo Ruz, ha visitat este dimarts una de les noves sirenes situada en el barranc de Sant Antoni, acompanyat pel regidor de Servicis P\u00fablics, Claudio Guilabert, el comissari coordinador d&#8217;Emerg\u00e8ncies de la Policia Local, Jes\u00fas Andreu i la cap de secci\u00f3 de Voluntariat, Formaci\u00f3 i Unitat de Protecci\u00f3 Civil Elx, Pilar Nuria Raja.<\/p>\n<p>Esta actuaci\u00f3 permetr\u00e0 alertar de manera immediata la poblaci\u00f3 davant possibles crescudes de barrancs i oferir al CECOPAL informaci\u00f3 en temps real per a facilitar una resposta r\u00e0pida i coordinada. Tot el sistema estar\u00e0 operatiu abans del mes de setembre.<\/p>\n<p>\u201cContinuem avan\u00e7ant en la implementaci\u00f3 d&#8217;un pla d&#8217;emerg\u00e8ncies basat en la prevenci\u00f3, perqu\u00e8 la millor manera d&#8217;actuar \u00e9s anticipar-se a les situacions de risc, previndre\u201d, ha destacat l&#8217;alcalde, Pablo Ruz. En este sentit, ha explicat que les noves sirenes \u201cs\u00f3n aut\u00f2nomes gr\u00e0cies a l&#8217;alimentaci\u00f3 mitjan\u00e7ant plaques solars, per la qual cosa continuaran funcionant fins i tot si es produ\u00efx un tall de subministrament el\u00e8ctric\u201d.[\/vc_column_text][\/vc_column][\/vc_row][vc_row el_id=&#8221;DESTACADO_NOTICIA&#8221;][vc_column][vc_column_text css=&#8221;&#8221; el_class=&#8221;cuadronoticia&#8221;]<\/p>\n<h5>L&#8217;alcalde, Pablo Ruz, ha visitat al costat del regidor de Servicis P\u00fablics, Claudio Guilabert, Policia Local i Protecci\u00f3 Civil una de les noves sirenes situades en el barranc de Sant Antoni<\/h5>\n<p>[\/vc_column_text][\/vc_column][\/vc_row][vc_row el_id=&#8221;TEXTO_FIN_NOTICIA&#8221;][vc_column][vc_column_text css=&#8221;&#8221;]A m\u00e9s, ha assenyalat que les c\u00e0meres multisensorials instal\u00b7lades en diferents barrancs \u201cpermeten al CECOPAL con\u00e9ixer en temps real l&#8217;estat dels llits sense necessitat de despla\u00e7ar efectius, la qual cosa millora la capacitat de reacci\u00f3 i el control de la situaci\u00f3 durant una emerg\u00e8ncia\u201d.<\/p>\n<p>Per part seua, el regidor de Servicis P\u00fablics, Claudio Guilabert, ha explicat que les noves torres de sirenes \u201coferixen una cobertura entre tres i cinc quil\u00f2metres i, a difer\u00e8ncia de la primera instal\u00b7laci\u00f3, compten amb avisadors orientats a 360 graus per a arribar a tota la poblaci\u00f3 de l&#8217;entorn\u201d.<\/p>\n<p>Aix\u00ed mateix, ha anunciat que este sistema \u201ces completar\u00e0 en les pr\u00f2ximes setmanes amb la instal\u00b7laci\u00f3 de cabal\u00edmetres en els barrancs i senyals lluminosos en els encreuaments m\u00e9s conflictius, que podran activar-se directament des del CECOPAL per a impedir el pas quan existisca risc d&#8217;inundaci\u00f3\u201d.<\/p>\n<p>Les noves instal\u00b7lacions se situen en el barranc de Sant Antoni, la desembocadura del riu Vinalop\u00f3 al costat de la urbanitzaci\u00f3 Santa Fe, el barranc dels Arcs i el barranc del Grifo, ampliant aix\u00ed el sistema ja existent a l&#8217;entorn de l&#8217;estadi Mart\u00ednez Valero.<\/p>\n<p>A m\u00e9s, Aig\u00fces d\u2019Elx implantar\u00e0 un sistema de mesurament del cabal que treballar\u00e0 de manera complement\u00e0ria amb estes c\u00e0meres i sirenes per a millorar la informaci\u00f3 disponible durant els episodis de pluges intenses.<\/p>\n<hr \/>\n<p>[\/vc_column_text][\/vc_column][\/vc_row][vc_row][vc_column width=&#8221;1\/2&#8243;]<audio class=\"sc_audio\" src=\"https:\/\/soundcloud.com\/ayuntamiento-de-elche\/elche-refuerza-la-seguridad\" width=\"\" height=\"\" style=\"````\"><\/audio>[\/vc_column][vc_column width=&#8221;1\/2&#8243;]<audio class=\"sc_audio\" src=\"https:\/\/soundcloud.com\/ayuntamiento-de-elche\/elche-refuerza-la-seguridad-1\" width=\"\" height=\"\" style=\"````\"><\/audio>[\/vc_column][\/vc_row]<\/p>\n<\/div>","protected":false},"excerpt":{"rendered":"<p>[vc_row el_id=&#8221;SUBTITULAR_NOTICIA&#8221;][vc_column][vc_column_text css=&#8221;&#8221;] L&#8217;Ajuntament ha instal\u00b7lat noves sirenes i cambres en barrancs per a refor\u00e7ar la prevenci\u00f3 i millorar la resposta davant episodis de pluges intenses &nbsp; [\/vc_column_text][\/vc_column][\/vc_row][vc_row el_id=&#8221;TEXTO_NOTICIA&#8221;][vc_column][vc_column_text css=&#8221;&#8221;]L&#8217;Ajuntament [&hellip;]<\/p>\n","protected":false},"author":203,"featured_media":361571,"comment_status":"closed","ping_status":"closed","sticky":false,"template":"","format":"standard","meta":{"footnotes":""},"categories":[391,1312,1277],"tags":[],"class_list":["post-361590","post","type-post","status-publish","format-standard","has-post-thumbnail","hentry","category-home-va","category-noticias-va","category-via-publica-va"],"_links":{"self":[{"href":"https:\/\/www.elche.es\/va\/wp-json\/wp\/v2\/posts\/361590","targetHints":{"allow":["GET"]}}],"collection":[{"href":"https:\/\/www.elche.es\/va\/wp-json\/wp\/v2\/posts"}],"about":[{"href":"https:\/\/www.elche.es\/va\/wp-json\/wp\/v2\/types\/post"}],"author":[{"embeddable":true,"href":"https:\/\/www.elche.es\/va\/wp-json\/wp\/v2\/users\/203"}],"replies":[{"embeddable":true,"href":"https:\/\/www.elche.es\/va\/wp-json\/wp\/v2\/comments?post=361590"}],"version-history":[{"count":2,"href":"https:\/\/www.elche.es\/va\/wp-json\/wp\/v2\/posts\/361590\/revisions"}],"predecessor-version":[{"id":361592,"href":"https:\/\/www.elche.es\/va\/wp-json\/wp\/v2\/posts\/361590\/revisions\/361592"}],"wp:featuredmedia":[{"embeddable":true,"href":"https:\/\/www.elche.es\/va\/wp-json\/wp\/v2\/media\/361571"}],"wp:attachment":[{"href":"https:\/\/www.elche.es\/va\/wp-json\/wp\/v2\/media?parent=361590"}],"wp:term":[{"taxonomy":"category","embeddable":true,"href":"https:\/\/www.elche.es\/va\/wp-json\/wp\/v2\/categories?post=361590"},{"taxonomy":"post_tag","embeddable":true,"href":"https:\/\/www.elche.es\/va\/wp-json\/wp\/v2\/tags?post=361590"}],"curies":[{"name":"wp","href":"https:\/\/api.w.org\/{rel}","templated":true}]}}