{"id":361774,"date":"2026-07-31T08:11:48","date_gmt":"2026-07-31T06:11:48","guid":{"rendered":"https:\/\/www.elche.es\/2026\/07\/elx-concedix-el-ram-dor-delx-a-josan-el-pregoner-de-les-festes-2026-delx\/"},"modified":"2026-07-31T08:12:06","modified_gmt":"2026-07-31T06:12:06","slug":"elx-concedix-el-ram-dor-delx-a-josan-el-pregoner-de-les-festes-2026-delx","status":"publish","type":"post","link":"https:\/\/www.elche.es\/va\/2026\/07\/elx-concedix-el-ram-dor-delx-a-josan-el-pregoner-de-les-festes-2026-delx\/","title":{"rendered":"Elx concedix el Ram d\u2019Or d\u2019Elx a Josan, el pregoner de les Festes 2026 d&#8217;Elx"},"content":{"rendered":"<div class=\"wpb-content-wrapper\"><p>[vc_row el_id=&#8221;SUBTITULAR_NOTICIA&#8221;][vc_column][vc_column_text css=&#8221;&#8221;]<\/p>\n<hr \/>\n<h4>El futbolista de l&#8217;Elx CF rebr\u00e0 la m\u00e0xima distinci\u00f3 municipal en l&#8217;acte del preg\u00f3, el pr\u00f2xim 7 d&#8217;agost<\/h4>\n<hr \/>\n<p>[\/vc_column_text][\/vc_column][\/vc_row][vc_row el_id=&#8221;TEXTO_NOTICIA&#8221;][vc_column][vc_column_text css=&#8221;&#8221;]La Junta de Govern Local ha aprovat este dijous concedir el Ram d\u2019Or d\u2019Elx al futbolista de l&#8217;Elx CF, Josan Ferr\u00e1ndez, amb motiu del nomenament d&#8217;este com a pregoner de les Festes d&#8217;Elx 2026.<\/p>\n<p>El portaveu adjunt del govern municipal, Claudio Guilabert, ha assenyalat que \u201cs&#8217;ha decidit concedir el Ram d\u2019Or al futbolista crevillent\u00ed Josan amb motiu de l&#8217;estreta vinculaci\u00f3 que t\u00e9 amb la ciutat i amb el club il\u00b7licit\u00e0\u201d.<\/p>\n<p>L&#8217;Ajuntament reconeix aix\u00ed la traject\u00f2ria esportiva del jugador, convertit en un dels referents recents del club franjaverd despr\u00e9s de disputar 281 partits oficials i contribuir a tres ascensos, un a segona divisi\u00f3 i dos a primera. El lliurament de la distinci\u00f3 tindr\u00e0 lloc el pr\u00f2xim 7 d&#8217;agost, durant l&#8217;acte del preg\u00f3 des del balc\u00f3 de l&#8217;Ajuntament.<\/p>\n<p>D&#8217;altra banda, en la reuni\u00f3 tamb\u00e9 s&#8217;ha aprovat la donaci\u00f3 del fons documental de Felipe Ayala Albadalejo (1922-1991) per part de la fam\u00edlia Ayala V\u00e1zquez, que passar\u00e0 a integrar-se a la Biblioteca Municipal Central Pere Ibarra[\/vc_column_text][\/vc_column][\/vc_row][vc_row el_id=&#8221;DESTACADO_NOTICIA&#8221;][vc_column][vc_column_text css=&#8221;&#8221; el_class=&#8221;cuadronoticia&#8221;]<\/p>\n<h5>La Junta de Govern Local tamb\u00e9 ha aprovat la donaci\u00f3 del fons documental de l&#8217;il\u00b7licit\u00e0 Felipe Ayala a la biblioteca Pere Ibarra<\/h5>\n<p>[\/vc_column_text][\/vc_column][\/vc_row][vc_row el_id=&#8221;TEXTO_FIN_NOTICIA&#8221;][vc_column][vc_column_text css=&#8221;&#8221;]Tal com ha detallat Guilabert, l&#8217;arxiu est\u00e0 compost per 167 t\u00edtols entre llibres, revistes i col\u00b7leccions, a m\u00e9s de 2.229 documents, entre els quals destaquen publicacions infantils i juvenils dels anys 30, revistes cinematogr\u00e0fiques, material escolar de l&#8217;antic Institut de Segona Ensenyan\u00e7a d&#8217;Elx i documentaci\u00f3 personal.<\/p>\n<p>Aix\u00ed mateix, la Junta de Govern Local ha aprovat sol\u00b7licitar l&#8217;adhesi\u00f3 de l&#8217;Ajuntament al Circuit Cultural Valenci\u00e0 2026-2027, en les modalitats de M\u00fasica i Teatre, Dansa i Circ, la qual cosa permetr\u00e0 optar a un finan\u00e7ament de fins a 37.000 euros per a ampliar la programaci\u00f3 cultural en col\u00b7laboraci\u00f3 amb l&#8217;Institut Valenci\u00e0 de Cultura.<\/p>\n<p>D&#8217;altra banda, l&#8217;Ajuntament ha sol\u00b7licitat a la Diputaci\u00f3 d&#8217;Alacant una subvenci\u00f3 de fins a 1.495.455 euros per a desenrotllar la nova edici\u00f3 del Bo Consum. La campanya permetr\u00e0 mobilitzar m\u00e9s de 3 milions d&#8217;euros en el comer\u00e7 local.<\/p>\n<hr \/>\n<p>[\/vc_column_text][\/vc_column][\/vc_row][vc_row][vc_column width=&#8221;1\/6&#8243;][\/vc_column][vc_column width=&#8221;2\/3&#8243;]<audio class=\"sc_audio\" src=\"https:\/\/soundcloud.com\/ayuntamiento-de-elche\/elche-concede-el-ram-dor-delx\" width=\"\" height=\"\" style=\"````\"><\/audio>[\/vc_column][vc_column width=&#8221;1\/6&#8243;][\/vc_column][\/vc_row]<\/p>\n<\/div>","protected":false},"excerpt":{"rendered":"<p>[vc_row el_id=&#8221;SUBTITULAR_NOTICIA&#8221;][vc_column][vc_column_text css=&#8221;&#8221;] El futbolista de l&#8217;Elx CF rebr\u00e0 la m\u00e0xima distinci\u00f3 municipal en l&#8217;acte del preg\u00f3, el pr\u00f2xim 7 d&#8217;agost [\/vc_column_text][\/vc_column][\/vc_row][vc_row el_id=&#8221;TEXTO_NOTICIA&#8221;][vc_column][vc_column_text css=&#8221;&#8221;]La Junta de Govern Local ha aprovat [&hellip;]<\/p>\n","protected":false},"author":203,"featured_media":361766,"comment_status":"closed","ping_status":"closed","sticky":false,"template":"","format":"standard","meta":{"footnotes":""},"categories":[391,3085,1312],"tags":[],"class_list":["post-361774","post","type-post","status-publish","format-standard","has-post-thumbnail","hentry","category-home-va","category-junta-de-govern-local","category-noticias-va"],"_links":{"self":[{"href":"https:\/\/www.elche.es\/va\/wp-json\/wp\/v2\/posts\/361774","targetHints":{"allow":["GET"]}}],"collection":[{"href":"https:\/\/www.elche.es\/va\/wp-json\/wp\/v2\/posts"}],"about":[{"href":"https:\/\/www.elche.es\/va\/wp-json\/wp\/v2\/types\/post"}],"author":[{"embeddable":true,"href":"https:\/\/www.elche.es\/va\/wp-json\/wp\/v2\/users\/203"}],"replies":[{"embeddable":true,"href":"https:\/\/www.elche.es\/va\/wp-json\/wp\/v2\/comments?post=361774"}],"version-history":[{"count":2,"href":"https:\/\/www.elche.es\/va\/wp-json\/wp\/v2\/posts\/361774\/revisions"}],"predecessor-version":[{"id":361776,"href":"https:\/\/www.elche.es\/va\/wp-json\/wp\/v2\/posts\/361774\/revisions\/361776"}],"wp:featuredmedia":[{"embeddable":true,"href":"https:\/\/www.elche.es\/va\/wp-json\/wp\/v2\/media\/361766"}],"wp:attachment":[{"href":"https:\/\/www.elche.es\/va\/wp-json\/wp\/v2\/media?parent=361774"}],"wp:term":[{"taxonomy":"category","embeddable":true,"href":"https:\/\/www.elche.es\/va\/wp-json\/wp\/v2\/categories?post=361774"},{"taxonomy":"post_tag","embeddable":true,"href":"https:\/\/www.elche.es\/va\/wp-json\/wp\/v2\/tags?post=361774"}],"curies":[{"name":"wp","href":"https:\/\/api.w.org\/{rel}","templated":true}]}}