{"id":361777,"date":"2026-07-31T08:17:49","date_gmt":"2026-07-31T06:17:49","guid":{"rendered":"https:\/\/www.elche.es\/2026\/07\/llum-verda-al-contracte-dasfaltat-de-carrers-i-camins-delx\/"},"modified":"2026-07-31T08:17:59","modified_gmt":"2026-07-31T06:17:59","slug":"llum-verda-al-contracte-dasfaltat-de-carrers-i-camins-delx","status":"publish","type":"post","link":"https:\/\/www.elche.es\/va\/2026\/07\/llum-verda-al-contracte-dasfaltat-de-carrers-i-camins-delx\/","title":{"rendered":"Llum verda al contracte d&#8217;asfaltat de carrers i camins d&#8217;Elx"},"content":{"rendered":"<div class=\"wpb-content-wrapper\"><p>[vc_row el_id=&#8221;SUBTITULAR_NOTICIA&#8221;][vc_column][vc_column_text css=&#8221;&#8221;]<\/p>\n<hr \/>\n<h4>La Junta de Govern Local l&#8217;ha adjudicat per un mili\u00f3 d&#8217;euros a l&#8217;empresa Involucra SL i els treballs permetran actuar tant en barris com Carr\u00fas, Altabix i el Pla, com en camins de les pedanies<\/h4>\n<hr \/>\n<p>[\/vc_column_text][\/vc_column][\/vc_row][vc_row el_id=&#8221;TEXTO_NOTICIA&#8221;][vc_column][vc_column_text css=&#8221;&#8221;]La Junta de Govern Local ha adjudicat el contracte de les obres d&#8217;adequaci\u00f3 i manteniment de vials i aparcaments del terme municipal d&#8217;Elx a l&#8217;empresa Involucra SL, per un import d&#8217;1.000.000 d&#8217;euros.<\/p>\n<p>El contracte tindr\u00e0 una duraci\u00f3 d&#8217;un any i permetr\u00e0 executar actuacions d&#8217;asfaltat tant en el nucli urb\u00e0 com en les pedanies. Al procediment van conc\u00f3rrer sis empreses i l&#8217;adjudicat\u00e0ria va obtindre la millora valoraci\u00f3.<\/p>\n<p>El portaveu adjunt del govern municipal, Claudio Guilabert, ha explicat que les actuacions comen\u00e7aran al setembre i que l&#8217;objectiu \u00e9s actuar en nombrosos barris de la ciutat, com Carr\u00fas, el Pla, Sector V i Altabix, sense deixar de costat els camins de les pedanies. \u201cDurant estos anys hem fet un important esfor\u00e7 en camins rurals i ara refor\u00e7arem tamb\u00e9 l&#8217;asfaltat de carrers i avingudes que necessiten renovar-se\u201d ha indicat.[\/vc_column_text][\/vc_column][\/vc_row][vc_row el_id=&#8221;DESTACADO_NOTICIA&#8221;][vc_column][vc_column_text css=&#8221;&#8221; el_class=&#8221;cuadronoticia&#8221;]<\/p>\n<h5>En la Junta tamb\u00e9 s&#8217;han adjudicat la col\u00b7locaci\u00f3 de tendals vela de la pista de petanca del parc Andalusia, una reivindicaci\u00f3 dels ve\u00efns de la zona<\/h5>\n<p>[\/vc_column_text][\/vc_column][\/vc_row][vc_row el_id=&#8221;TEXTO_FIN_NOTICIA&#8221;][vc_column][vc_column_text css=&#8221;&#8221;]La Junta de Govern Local, a m\u00e9s, ha adjudicat les obres per a instal\u00b7lar tendals vela en la pista de petanca del parc Andalusia. Per un import de 33.537 euros a l&#8217;empresa Mediterr\u00e0nia de Servicis 2018 SL i amb un termini d&#8217;execuci\u00f3 de 30 dies. \u201cUna actuaci\u00f3 que dona resposta a una demanda hist\u00f2rica dels usuaris\u201d ha destacat el portaveu adjunt, i \u201cque permetr\u00e0 millorar les condicions d&#8217;\u00fas d&#8217;estes instal\u00b7lacions esportives mitjan\u00e7ant la creaci\u00f3 de noves zones d&#8217;ombra\u201d.<\/p>\n<p>Aix\u00ed mateix, en la reuni\u00f3 d&#8217;este dijous, s&#8217;ha aprovat una modificaci\u00f3 pressupost\u00e0ria per generaci\u00f3 de cr\u00e8dits, per un import pr\u00f2xim als 146.000 euros, per a incorporar tres subvencions concedides a l&#8217;Ajuntament. Concretament 55.110 euros destinats a la promoci\u00f3 comercial, 44.247 euros per a la contractaci\u00f3 de j\u00f3vens menors de 30 anys desocupats i 46.317 euros per a la contractaci\u00f3 de dones desocupades.<\/p>\n<p>Finalment, l&#8217;Ajuntament ha aprovat sol\u00b7licitar a LABORA una subvenci\u00f3 de 75.000 euros destinada a la contractaci\u00f3 de persones desocupades per a realitzar labors de prevenci\u00f3 d&#8217;incendis forestals. El programa contempla sis contractes d&#8217;almenys sis mesos per a desenrotllar treballs preventius en tot el municipi fins al 31 de maig de 2027.<\/p>\n<hr \/>\n<p>[\/vc_column_text][\/vc_column][\/vc_row][vc_row][vc_column width=&#8221;1\/6&#8243;][\/vc_column][vc_column width=&#8221;2\/3&#8243;]<audio class=\"sc_audio\" src=\"https:\/\/soundcloud.com\/ayuntamiento-de-elche\/luz-verde-al-contrato-de\" width=\"\" height=\"\" style=\"````\"><\/audio>[\/vc_column][vc_column width=&#8221;1\/6&#8243;][\/vc_column][\/vc_row]<\/p>\n<\/div>","protected":false},"excerpt":{"rendered":"<p>[vc_row el_id=&#8221;SUBTITULAR_NOTICIA&#8221;][vc_column][vc_column_text css=&#8221;&#8221;] La Junta de Govern Local l&#8217;ha adjudicat per un mili\u00f3 d&#8217;euros a l&#8217;empresa Involucra SL i els treballs permetran actuar tant en barris com Carr\u00fas, Altabix i [&hellip;]<\/p>\n","protected":false},"author":203,"featured_media":350350,"comment_status":"closed","ping_status":"closed","sticky":false,"template":"","format":"standard","meta":{"footnotes":""},"categories":[391,3085,1312],"tags":[],"class_list":["post-361777","post","type-post","status-publish","format-standard","has-post-thumbnail","hentry","category-home-va","category-junta-de-govern-local","category-noticias-va"],"_links":{"self":[{"href":"https:\/\/www.elche.es\/va\/wp-json\/wp\/v2\/posts\/361777","targetHints":{"allow":["GET"]}}],"collection":[{"href":"https:\/\/www.elche.es\/va\/wp-json\/wp\/v2\/posts"}],"about":[{"href":"https:\/\/www.elche.es\/va\/wp-json\/wp\/v2\/types\/post"}],"author":[{"embeddable":true,"href":"https:\/\/www.elche.es\/va\/wp-json\/wp\/v2\/users\/203"}],"replies":[{"embeddable":true,"href":"https:\/\/www.elche.es\/va\/wp-json\/wp\/v2\/comments?post=361777"}],"version-history":[{"count":2,"href":"https:\/\/www.elche.es\/va\/wp-json\/wp\/v2\/posts\/361777\/revisions"}],"predecessor-version":[{"id":361779,"href":"https:\/\/www.elche.es\/va\/wp-json\/wp\/v2\/posts\/361777\/revisions\/361779"}],"wp:featuredmedia":[{"embeddable":true,"href":"https:\/\/www.elche.es\/va\/wp-json\/wp\/v2\/media\/350350"}],"wp:attachment":[{"href":"https:\/\/www.elche.es\/va\/wp-json\/wp\/v2\/media?parent=361777"}],"wp:term":[{"taxonomy":"category","embeddable":true,"href":"https:\/\/www.elche.es\/va\/wp-json\/wp\/v2\/categories?post=361777"},{"taxonomy":"post_tag","embeddable":true,"href":"https:\/\/www.elche.es\/va\/wp-json\/wp\/v2\/tags?post=361777"}],"curies":[{"name":"wp","href":"https:\/\/api.w.org\/{rel}","templated":true}]}}