{"id":362252,"date":"2026-08-17T08:19:56","date_gmt":"2026-08-17T06:19:56","guid":{"rendered":"https:\/\/www.elche.es\/2026\/08\/un-total-de-17-assistits-durant-la-celebracio-de-la-nit-de-lalba\/"},"modified":"2026-08-17T08:20:21","modified_gmt":"2026-08-17T06:20:21","slug":"un-total-de-17-assistits-durant-la-celebracio-de-la-nit-de-lalba","status":"publish","type":"post","link":"https:\/\/www.elche.es\/va\/2026\/08\/un-total-de-17-assistits-durant-la-celebracio-de-la-nit-de-lalba\/","title":{"rendered":"Un total de 17 assistits durant la celebraci\u00f3 de la Nit de l&#8217;Alb\u00e0"},"content":{"rendered":"<div class=\"wpb-content-wrapper\"><p>[vc_row el_id=&#8221;SUBTITULAR_NOTICIA&#8221;][vc_column][vc_column_text css=&#8221;&#8221;]<\/p>\n<h4>El nombre d&#8217;atencions durant la nit del 13 i la matinada del 14 d&#8217;agost va ser finalment de 40, la meitat a persones de la zona de la\u00a0<em>carretill\u00e0<\/em><\/h4>\n<p>[\/vc_column_text][\/vc_column][\/vc_row][vc_row el_id=&#8221;TEXTO_NOTICIA&#8221;][vc_column][vc_column_text css=&#8221;&#8221;]Un total de\u00a0<strong>17 persones\u00a0<\/strong>han sigut ateses durant la celebraci\u00f3 de la\u00a0<strong>Nit de l&#8217;Alb\u00e0<\/strong>, des de les\u00a0<strong>23:15 hores<\/strong> fins al llan\u00e7ament de la\u00a0<strong>Palmera de la Mare de D\u00e9u<\/strong>, majorit\u00e0riament de car\u00e0cter lleu.[\/vc_column_text][\/vc_column][\/vc_row][vc_row el_id=&#8221;DESTACADO_NOTICIA&#8221;][vc_column][vc_column_text css=&#8221;&#8221; el_class=&#8221;cuadronoticia&#8221;]<\/p>\n<h5>Enguany l&#8217;espectacle pirot\u00e8cnic ha comportat el llan\u00e7ament de 9,6 tones de p\u00f3lvora<\/h5>\n<p>[\/vc_column_text][\/vc_column][\/vc_row][vc_row el_id=&#8221;TEXTO_FIN_NOTICIA&#8221;][vc_column][vc_column_text css=&#8221;&#8221;]De les 40 persones ateses, 19 van acudir a l&#8217;<strong>Hospital General<\/strong>,\u00a0<strong>Hospital del Vinalop\u00f3<\/strong> i\u00a0<strong>Punt d&#8217;Atenci\u00f3 Sanit\u00e0ria<\/strong> (PAS). En este cas, la persona m\u00e9s jove atesa en l&#8217;hospital va ser un xiquet de 4 anys i de major edat una dona de 46 amb cremades de segon grau, pendent d&#8217;evoluci\u00f3. La primera assist\u00e8ncia en l&#8217;hospital es va produir a les 22:00 hores i l&#8217;\u00faltima a les 02:40 hores.<\/p>\n<p>Pel que fa a la dona amb cremades de 2n grau, per cremada d&#8217;una carretilla en bra\u00e7 i abdomen, el cas s&#8217;ha derivat a l&#8217;\u00e0rea de\u00a0<strong>Cirurgia Pl\u00e0stica de l&#8217;Hospital d&#8217;Alacant<\/strong> per a valorar el cas. D&#8217;altra banda, una dona ha sigut intervinguda a l&#8217;ull per la caiguda d&#8217;una canya.<\/p>\n<p>Enguany l&#8217;espectacle pirot\u00e8cnic de la\u00a0<strong>Nit de l&#8217;Alb\u00e0<\/strong> ha suposat el llan\u00e7ament de 9,6 tones de p\u00f3lvora entre la\u00a0<em>coet\u00e0 <\/em>i palmeres oficials, carretilles,\u00a0<strong>Palmera de la Mare de D\u00e9u<\/strong> i els articles pirot\u00e8cnics adquirits pels il\u00b7licitans. A\u00e7\u00f2 suposa poc m\u00e9s de 250 kilos m\u00e9s pel que fa a l&#8217;any passat.<\/p>\n<p>[\/vc_column_text][\/vc_column][\/vc_row]<\/p>\n<\/div>","protected":false},"excerpt":{"rendered":"<p>[vc_row el_id=&#8221;SUBTITULAR_NOTICIA&#8221;][vc_column][vc_column_text css=&#8221;&#8221;] El nombre d&#8217;atencions durant la nit del 13 i la matinada del 14 d&#8217;agost va ser finalment de 40, la meitat a persones de la zona de [&hellip;]<\/p>\n","protected":false},"author":198,"featured_media":362246,"comment_status":"closed","ping_status":"closed","sticky":false,"template":"","format":"standard","meta":{"footnotes":""},"categories":[191,391,1312],"tags":[],"class_list":["post-362252","post","type-post","status-publish","format-standard","has-post-thumbnail","hentry","category-festes-va","category-home-va","category-noticias-va"],"_links":{"self":[{"href":"https:\/\/www.elche.es\/va\/wp-json\/wp\/v2\/posts\/362252","targetHints":{"allow":["GET"]}}],"collection":[{"href":"https:\/\/www.elche.es\/va\/wp-json\/wp\/v2\/posts"}],"about":[{"href":"https:\/\/www.elche.es\/va\/wp-json\/wp\/v2\/types\/post"}],"author":[{"embeddable":true,"href":"https:\/\/www.elche.es\/va\/wp-json\/wp\/v2\/users\/198"}],"replies":[{"embeddable":true,"href":"https:\/\/www.elche.es\/va\/wp-json\/wp\/v2\/comments?post=362252"}],"version-history":[{"count":2,"href":"https:\/\/www.elche.es\/va\/wp-json\/wp\/v2\/posts\/362252\/revisions"}],"predecessor-version":[{"id":362254,"href":"https:\/\/www.elche.es\/va\/wp-json\/wp\/v2\/posts\/362252\/revisions\/362254"}],"wp:featuredmedia":[{"embeddable":true,"href":"https:\/\/www.elche.es\/va\/wp-json\/wp\/v2\/media\/362246"}],"wp:attachment":[{"href":"https:\/\/www.elche.es\/va\/wp-json\/wp\/v2\/media?parent=362252"}],"wp:term":[{"taxonomy":"category","embeddable":true,"href":"https:\/\/www.elche.es\/va\/wp-json\/wp\/v2\/categories?post=362252"},{"taxonomy":"post_tag","embeddable":true,"href":"https:\/\/www.elche.es\/va\/wp-json\/wp\/v2\/tags?post=362252"}],"curies":[{"name":"wp","href":"https:\/\/api.w.org\/{rel}","templated":true}]}}