{"id":362268,"date":"2026-08-17T14:36:53","date_gmt":"2026-08-17T12:36:53","guid":{"rendered":"https:\/\/www.elche.es\/2026\/08\/elx-frega-les-560-000-persones-als-carrers-al-llarg-de-les-festes\/"},"modified":"2026-08-17T14:37:04","modified_gmt":"2026-08-17T12:37:04","slug":"elx-frega-les-560-000-persones-als-carrers-al-llarg-de-les-festes","status":"publish","type":"post","link":"https:\/\/www.elche.es\/va\/2026\/08\/elx-frega-les-560-000-persones-als-carrers-al-llarg-de-les-festes\/","title":{"rendered":"Elx frega les 560.000 persones als carrers al llarg de les festes"},"content":{"rendered":"<div class=\"wpb-content-wrapper\"><p>[vc_row el_id=&#8221;SUBTITULAR_NOTICIA&#8221;][vc_column][vc_column_text css=&#8221;&#8221;]<\/p>\n<h4>La barraca municipal va superar-ne les 150.000,\u00a0<em>mascletaes<\/em> di\u00fcrnes i nocturnes 80.000 o la Crida a la Festa 45.000<\/h4>\n<p>[\/vc_column_text][\/vc_column][\/vc_row][vc_row el_id=&#8221;TEXTO_NOTICIA&#8221;][vc_column][vc_column_text css=&#8221;&#8221;]<strong>Les Festes d&#8217;Elx<\/strong> en honor a la\u00a0<strong>Mare de D\u00e9u de l&#8217;Assumpci\u00f3<\/strong> han congregat prop de\u00a0<strong>560.000 persones<\/strong> als carrers durant els 8 dies de celebraci\u00f3, que s&#8217;encetaren de forma oficial el 7 d&#8217;agost amb el preg\u00f3 a c\u00e0rrec del futbolista de l&#8217;<strong>Elx CF, Josan Ferr\u00e1ndez<\/strong>, a la\u00a0<strong>Pla\u00e7a de Baix<\/strong> i que conclogueren el passat dia 15 amb el castell de focs artificials des del\u00a0<strong>pont del Ferrocarril<\/strong>.<\/p>\n<p><strong>La regidora de Festes, Imma Mora<\/strong>, ha destacat la participaci\u00f3 multitudin\u00e0ria d&#8217;il\u00b7licitans i visitants &#8220;des de la Crida a la Festa de l&#8217;1 d&#8217;agost als voltants de l&#8217;estadi\u00a0<strong>Mart\u00ednez Valero<\/strong> i l&#8217;inici oficial amb el preg\u00f3 del dia 7, fins el 15, dia de la Mare de D\u00e9u, amb qu\u00e8 han gaudit de les festes amb total llibertat i seguretat gr\u00e0cies al treball dels 3.723 agents que han vetlat per la seguretat de la ciutadania&#8221;.<\/p>\n<p>Aix\u00ed, Mora ha agra\u00eft el treball, esfor\u00e7 i dedicaci\u00f3 dels agents de la Policia Local, Policia Nacional, Gu\u00e0rdia Civil i membres de la Unitat Adscrita a la Policia Auton\u00f2mica, en qu\u00e8 ha sigut la mobilitzaci\u00f3 de seguretat m\u00e9s ampla de la hist\u00f2ria de les festes d&#8217;Elx&#8221;.[\/vc_column_text][\/vc_column][\/vc_row][vc_row el_id=&#8221;DESTACADO_NOTICIA&#8221;][vc_column][vc_column_text css=&#8221;&#8221; el_class=&#8221;cuadronoticia&#8221;]<\/p>\n<h4>La regidora de Festes, Imma Mora, destaca la participaci\u00f3 multitudin\u00e0ria d&#8217;il\u00b7licitans i visitants &#8220;que han gaudit amb llibertat i seguretat gr\u00e0cies al treball de m\u00e9s de 3.700 agents&#8221;<\/h4>\n<p>[\/vc_column_text][\/vc_column][\/vc_row][vc_row el_id=&#8221;TEXTO_FIN_NOTICIA&#8221;][vc_column][vc_column_text css=&#8221;&#8221;]Pel que fa a les xifres d&#8217;assistents, la barraca municipal ha superat els\u00a0<strong>150.000 assistents\u00a0<\/strong>entre tots els dies de concert i el\u00a0<strong>Rac\u00f3 d&#8217;Oci, 70.000 en total<\/strong>. Desta a m\u00e9s les\u00a0<strong>45.000 persones<\/strong> que van acudir a la\u00a0<strong>Crida a la Festa de l&#8217;1 d&#8217;agost<\/strong>, les 80.000 en les diferents\u00a0<em>mascletaes<\/em> nocturnes i di\u00fcrnes,\u00a0<strong>40.000 a la Nit de l&#8217;Alb\u00e0<\/strong> i el castell de focs del dia 15 o les 35.000 en la\u00a0<strong>Nit de la Ro\u00e0<\/strong>. Estes xifres suposen\u00a0<strong>100.000\u00a0<\/strong>persones m\u00e9s que en 2025.<\/p>\n<p>Mora ha destacat la col\u00b7laboraci\u00f3 i organitzaci\u00f3 de tots els departaments municipals i ens festers, &#8220;perqu\u00e8 Elx brille m\u00e9s que mai durant estes festes.&#8221; A m\u00e9s, s&#8217;ha referit al treball dut a terme per la regidoria de Festes.<\/p>\n<p>La responsable de l&#8217;\u00e0rea de Festes tamb\u00e9 ha destacat l&#8217;\u00e8xit del servici d&#8217;autob\u00fas nocturn en el nucli urb\u00e0 i pedanies durant la setmana de festes, que ha transportat al voltant de\u00a0<strong>10.000<\/strong>\u00a0<strong>persones<\/strong> del 8 al 14 d&#8217;agost, entre les 23:00 i les 06:00 hores.<\/p>\n<p>Un servei que ha cmoptat amb huit l\u00ednies, tres d&#8217;elles al voltant del nucli urb\u00e0 i cinc fins a les pedanies de forma circular i amb horaris flexibles. Enguany amb 1 dia m\u00e9s, el 8 d&#8217;agost. En concret, el 14 d&#8217;agost va ser el dia m\u00e9s utilitzat, amb prop de\u00a0<strong>3.300 viatges<\/strong>, seguit del dia\u00a0<strong>8 i l&#8217;11<\/strong>. La l\u00ednia la m\u00e9s demandada, la\u00a0<strong>N1<\/strong>, al nucli urb\u00e0, amb quasi 3.200 viatgers, despla\u00e7ament als barris de\u00a0<strong>Carr\u00fas<\/strong> i\u00a0<strong>el Toscar<\/strong> i amb parada al centre al\u00a0<strong>carrer Doctor Caro<\/strong>. A les pedanies, la\u00a0<strong>NP1 i NP2, Matola, la Foia i la Marina<\/strong>, amb prop de\u00a0<strong>1.200<\/strong>.<\/p>\n<p>L&#8217;\u00e8xit d&#8217;assist\u00e8ncia durant les festes tamb\u00e9 es reflectix en les dades de turisme. Segons Mora, l&#8217;ocupaci\u00f3 mitjana del 7 al 15 d&#8217;agost ha sigut del 96%, millorant la dada de les mateixes dates de 2025 que va ser del 95%, en alguns casos amb ple t\u00e8cnic durant estos dies festius i la Marina Resort mant\u00e9 en 2026 xifres d&#8217;ocupaci\u00f3 r\u00e8cord, amb un ple t\u00e8cnic del 100% durant les festes.<\/p>\n<p>El n\u00famero de visitants en les oficines de turisme va ser de 4.000 persones, del 7 al 15 d&#8217;agost i pel que fa a les campanyes de promoci\u00f3 de festes la web de VisitElche ha rebut m\u00e9s de 250.000 consultes, 10% m\u00e9s que en 2025.<\/p>\n<p>D&#8217;altra banda, la web de festes de l&#8217;Ajuntament d&#8217;Elx www.fiestasenelche.es va sueprar les 161.000 visualitzacions i va generar prop de mili\u00f3 d&#8217;interaccions durant estes festes d&#8217;agost. En xarxes socials, s&#8217;assoliren m\u00e9s de 10 milions de visualitzacions.<\/p>\n<p>Per la seua banda, el Comissari Principal de la Policia Local d&#8217;Elx, C\u00e9sar Zaragoza, ha destacat l&#8217;absoluta normalitat durant la celebraci\u00f3 d&#8217;estes festes patronals.<\/p>\n<p>En xifres ha assenyalat que s&#8217;han realitzat 2.004 intervencions al llarg de les festes, amb 627 identificacions i 1.326 registres corporals. A m\u00e9s, s&#8217;han dut a terme 46 detencions, de les quals 13 van ser per resist\u00e8ncia o desobedi\u00e8ncia greu, 7 per tr\u00e0fic d&#8217;estupefaents i 7 per viol\u00e8ncia de g\u00e8nere.<\/p>\n<p>El n\u00famero d&#8217;infraccions va ser de 928, de les quals 597 van ser per consum d&#8217;alcohol i 217 per possessi\u00f3 o consum d&#8217;estupefaents. En este sentit, ha indicat l&#8217;increment del control de drogues i alcohol en la conducci\u00f3; la reducci\u00f3 de den\u00fancies derivades de decomisos d&#8217;armes o miccions a la via p\u00fablica i m\u00e9s control a la protecci\u00f3 de menors.<\/p>\n<p>[\/vc_column_text][\/vc_column][\/vc_row][vc_row][vc_column width=&#8221;1\/6&#8243;][\/vc_column][vc_column width=&#8221;2\/3&#8243;]<audio class=\"sc_audio\" src=\"https:\/\/soundcloud.com\/ayuntamiento-de-elche\/elche-roza-las-560-000\" width=\"\" height=\"\" style=\"````\"><\/audio>[\/vc_column][vc_column width=&#8221;1\/6&#8243;][\/vc_column][\/vc_row]<\/p>\n<\/div>","protected":false},"excerpt":{"rendered":"<p>[vc_row el_id=&#8221;SUBTITULAR_NOTICIA&#8221;][vc_column][vc_column_text css=&#8221;&#8221;] La barraca municipal va superar-ne les 150.000,\u00a0mascletaes di\u00fcrnes i nocturnes 80.000 o la Crida a la Festa 45.000 [\/vc_column_text][\/vc_column][\/vc_row][vc_row el_id=&#8221;TEXTO_NOTICIA&#8221;][vc_column][vc_column_text css=&#8221;&#8221;]Les Festes d&#8217;Elx en honor a la\u00a0Mare [&hellip;]<\/p>\n","protected":false},"author":198,"featured_media":362262,"comment_status":"closed","ping_status":"closed","sticky":false,"template":"","format":"standard","meta":{"footnotes":""},"categories":[191,391,1312,238],"tags":[],"class_list":["post-362268","post","type-post","status-publish","format-standard","has-post-thumbnail","hentry","category-festes-va","category-home-va","category-noticias-va","category-policia-local-va"],"_links":{"self":[{"href":"https:\/\/www.elche.es\/va\/wp-json\/wp\/v2\/posts\/362268","targetHints":{"allow":["GET"]}}],"collection":[{"href":"https:\/\/www.elche.es\/va\/wp-json\/wp\/v2\/posts"}],"about":[{"href":"https:\/\/www.elche.es\/va\/wp-json\/wp\/v2\/types\/post"}],"author":[{"embeddable":true,"href":"https:\/\/www.elche.es\/va\/wp-json\/wp\/v2\/users\/198"}],"replies":[{"embeddable":true,"href":"https:\/\/www.elche.es\/va\/wp-json\/wp\/v2\/comments?post=362268"}],"version-history":[{"count":2,"href":"https:\/\/www.elche.es\/va\/wp-json\/wp\/v2\/posts\/362268\/revisions"}],"predecessor-version":[{"id":362270,"href":"https:\/\/www.elche.es\/va\/wp-json\/wp\/v2\/posts\/362268\/revisions\/362270"}],"wp:featuredmedia":[{"embeddable":true,"href":"https:\/\/www.elche.es\/va\/wp-json\/wp\/v2\/media\/362262"}],"wp:attachment":[{"href":"https:\/\/www.elche.es\/va\/wp-json\/wp\/v2\/media?parent=362268"}],"wp:term":[{"taxonomy":"category","embeddable":true,"href":"https:\/\/www.elche.es\/va\/wp-json\/wp\/v2\/categories?post=362268"},{"taxonomy":"post_tag","embeddable":true,"href":"https:\/\/www.elche.es\/va\/wp-json\/wp\/v2\/tags?post=362268"}],"curies":[{"name":"wp","href":"https:\/\/api.w.org\/{rel}","templated":true}]}}