{"id":362289,"date":"2026-08-18T13:33:20","date_gmt":"2026-08-18T11:33:20","guid":{"rendered":"https:\/\/www.elche.es\/2026\/08\/el-servici-de-neteja-recull-300-tones-de-deixalles-durant-els-festes\/"},"modified":"2026-08-18T13:35:56","modified_gmt":"2026-08-18T11:35:56","slug":"el-servici-de-neteja-recull-300-tones-de-deixalles-durant-els-festes","status":"publish","type":"post","link":"https:\/\/www.elche.es\/va\/2026\/08\/el-servici-de-neteja-recull-300-tones-de-deixalles-durant-els-festes\/","title":{"rendered":"El servici de neteja arreplega 300 tones de deixalles durant els festes"},"content":{"rendered":"<div class=\"wpb-content-wrapper\"><p>[vc_row el_id=&#8221;SUBTITULAR_NOTICIA&#8221;][vc_column][vc_column_text css=&#8221;&#8221;]<\/p>\n<hr \/>\n<h4>El dispositiu especial integrat per 150 operatius diaris, 40 m\u00e9s que l&#8217;any anterior, en diferents torns i horaris ha comptat amb refor\u00e7os extraordinaris en centre hist\u00f2ric i zones afectades pels actes programats<\/h4>\n<hr \/>\n<p>&nbsp;<\/p>\n<p>[\/vc_column_text][\/vc_column][\/vc_row][vc_row el_id=&#8221;TEXTO_NOTICIA&#8221;][vc_column][vc_column_text css=&#8221;&#8221;]<strong>El servici de neteja municipal <\/strong>ha arreplegat durant estes festes 300 tones de deixalles, un 4,5% m\u00e9s que l&#8217;any anterior, que en van ser <strong>287 tones<\/strong>, arran de l&#8217;increment del nombre d&#8217;assistents en determinats actes festius<\/p>\n<p>Amb motiu d&#8217;estes festes, es va activar un dispositiu especial integrat per\u00a0<strong>150 operaris diaris<\/strong>, 40 m\u00e9s que l&#8217;any anterior, distribu\u00efts en diferents torns i horaris. S&#8217;ha comptat amb refor\u00e7os extraordinaris dels servicis de agranat mec\u00e0nic i manual en la zona de l&#8217;\u00e0mbit de les festes i servicis de neteja mixta, alta pressi\u00f3, hidrorentadores, agranat-neteja mixta, escurat i escurat-decapat, a tot el centre hist\u00f2ric i les zones afectades per les diferents activitats i esdeveniments.<\/p>\n<p>Diferents brigades s&#8217;han encarregat de la neteja general anterior i posterior de cadascun dels actes i esdeveniments programats com la\u00a0<strong><em>crid\u00e0, <\/em>el preg\u00f3,<\/strong>\u00a0<strong>l&#8217;<em>entraeta<\/em>, ambaixades, alardo, cercaviles, desfilades, concentracions, Gran Xaranga, ofrenes,\u00a0<em>mascletaes<\/em> di\u00fcrnes i nocturnes i castells de focs artificials, Nit de l&#8217;Alb\u00e0,\u00a0<em>carretill\u00e0<\/em>, paella gegant, batalla de les flors, rac\u00f3 d&#8217;oci,\u00a0<em>ro\u00e0<\/em> i process\u00f3-soterrar de la Mare de D\u00e9u de l&#8217;Assumpci\u00f3<\/strong>[\/vc_column_text][\/vc_column][\/vc_row][vc_row el_id=&#8221;TEXTO_FIN_NOTICIA&#8221;][vc_column][vc_column_text css=&#8221;&#8221;]Al voltant de la Ro\u00e0 i previ a la process\u00f3 del dia 15 es va realitzar un gran desplegament de mitjans per a la neteja posterior, amb m\u00e9s de 60 operaris que comptaren amb camions cisterna, agranadores mixtes, agranadores de diferents mides, hidrorentadores i netejadores d&#8217;alta pressi\u00f3 i d&#8217;aigua calenta i escuradores, entre altres vehicles.<\/p>\n<p>Aix\u00ed mateix, enguany del dispositiu especial de neteja s&#8217;ha activat els dos dies de cap de setmana anterior arran de la gran quantitat de gent al carrer per la instal\u00b7laci\u00f3 de barres.<\/p>\n<p>El rentat dels llocs amb actuacions musicals com la barraca municipal, barraques o casals tamb\u00e9 s&#8217;intensificaren amb especial intensitat a l&#8217;avinguda de la Universitat, avinguda de Candalix i altres \u00e0rees d&#8217;influ\u00e8ncia.<\/p>\n<p>Per altra banda, es distribu\u00efren m\u00e9s d&#8217;un centenar de contenidors en entitats, barraques, col\u00b7legis, racons, barraca municipal i es va augmentar la freq\u00fc\u00e8ncia de la recollida de contenidors de fracci\u00f3 deixalles a la zona centre.<\/p>\n<p>Tamb\u00e9 es col\u00b7locaren papereres de cartr\u00f3 per a paper-cartr\u00f3, envasos i deixalles als llocs de major aflu\u00e8ncia de gent com a refor\u00e7 de les ja existents.<\/p>\n<p>[\/vc_column_text][\/vc_column][\/vc_row]<\/p>\n<\/div>","protected":false},"excerpt":{"rendered":"<p>[vc_row el_id=&#8221;SUBTITULAR_NOTICIA&#8221;][vc_column][vc_column_text css=&#8221;&#8221;] El dispositiu especial integrat per 150 operatius diaris, 40 m\u00e9s que l&#8217;any anterior, en diferents torns i horaris ha comptat amb refor\u00e7os extraordinaris en centre hist\u00f2ric i [&hellip;]<\/p>\n","protected":false},"author":198,"featured_media":362266,"comment_status":"closed","ping_status":"closed","sticky":false,"template":"","format":"standard","meta":{"footnotes":""},"categories":[391,2783,1312],"tags":[],"class_list":["post-362289","post","type-post","status-publish","format-standard","has-post-thumbnail","hentry","category-home-va","category-limpieza-va","category-noticias-va"],"_links":{"self":[{"href":"https:\/\/www.elche.es\/va\/wp-json\/wp\/v2\/posts\/362289","targetHints":{"allow":["GET"]}}],"collection":[{"href":"https:\/\/www.elche.es\/va\/wp-json\/wp\/v2\/posts"}],"about":[{"href":"https:\/\/www.elche.es\/va\/wp-json\/wp\/v2\/types\/post"}],"author":[{"embeddable":true,"href":"https:\/\/www.elche.es\/va\/wp-json\/wp\/v2\/users\/198"}],"replies":[{"embeddable":true,"href":"https:\/\/www.elche.es\/va\/wp-json\/wp\/v2\/comments?post=362289"}],"version-history":[{"count":3,"href":"https:\/\/www.elche.es\/va\/wp-json\/wp\/v2\/posts\/362289\/revisions"}],"predecessor-version":[{"id":362292,"href":"https:\/\/www.elche.es\/va\/wp-json\/wp\/v2\/posts\/362289\/revisions\/362292"}],"wp:featuredmedia":[{"embeddable":true,"href":"https:\/\/www.elche.es\/va\/wp-json\/wp\/v2\/media\/362266"}],"wp:attachment":[{"href":"https:\/\/www.elche.es\/va\/wp-json\/wp\/v2\/media?parent=362289"}],"wp:term":[{"taxonomy":"category","embeddable":true,"href":"https:\/\/www.elche.es\/va\/wp-json\/wp\/v2\/categories?post=362289"},{"taxonomy":"post_tag","embeddable":true,"href":"https:\/\/www.elche.es\/va\/wp-json\/wp\/v2\/tags?post=362289"}],"curies":[{"name":"wp","href":"https:\/\/api.w.org\/{rel}","templated":true}]}}