{"id":362293,"date":"2026-08-18T13:48:24","date_gmt":"2026-08-18T11:48:24","guid":{"rendered":"https:\/\/www.elche.es\/2026\/08\/professionals-dels-punts-violeta-realitzen-35-intervencions-durant-les-festes\/"},"modified":"2026-08-18T13:48:30","modified_gmt":"2026-08-18T11:48:30","slug":"professionals-dels-punts-violeta-realitzen-35-intervencions-durant-les-festes","status":"publish","type":"post","link":"https:\/\/www.elche.es\/va\/2026\/08\/professionals-dels-punts-violeta-realitzen-35-intervencions-durant-les-festes\/","title":{"rendered":"Professionals dels Punts Violeta realitzen 35 intervencions durant les festes"},"content":{"rendered":"<div class=\"wpb-content-wrapper\"><p>[vc_row el_id=&#8221;SUBTITULAR_NOTICIA&#8221;][vc_column][vc_column_text css=&#8221;&#8221;]<\/p>\n<h4>Del 7 al 15 d&#8217;agost m\u00e9s de 6.300 persones sol\u00b7licitaren informaci\u00f3 o assessorament davant de possibles casos d&#8217;assetjament o viol\u00e8ncia als espais fixos i itinerants habilitats<\/h4>\n<p>[\/vc_column_text][\/vc_column][\/vc_row][vc_row el_id=&#8221;TEXTO_NOTICIA&#8221;][vc_column][vc_column_text css=&#8221;&#8221;]<strong>M\u00e9s de 6.300 persones<\/strong> han sol\u00b7licitat informaci\u00f3 en els diferents punts violeta habilitats per l&#8217;Ajuntament d&#8217;<strong>Elx<\/strong>, a trav\u00e9s de la\u00a0<strong>regidoria de la Dona<\/strong>, durant la celebraci\u00f3 de les festes d&#8217;agost.\u00a0<strong>La regidora de l&#8217;\u00e0rea, Caridad Mart\u00ednez,<\/strong> ha destacat que la import\u00e0ncia d&#8217;este servei amb qu\u00e8 informar, previndre, sensibilitzar i ajudar a la ciutadania davant de possibles casos d&#8217;assetjament i viol\u00e8ncia i gaudir aix\u00ed d&#8217;unes festes segures, lliures i de respecte a les persones.<\/p>\n<p>Enguany s&#8217;ha comptat amb tres\u00a0<strong>Punts Violeta<\/strong> fixos a la\u00a0<strong>Barraca<\/strong> Municipal situada a la\u00a0<strong>Universitat Miguel Hern\u00e1ndez<\/strong> (UMH),\u00a0<strong>Barraca Jove<\/strong> i al\u00a0<strong>Rac\u00f3 d&#8217;Oci del Passeig de l&#8217;Estaci\u00f3<\/strong>, on s&#8217;han dut a terme m\u00e9s 4.600 atencions del 7 al 15 d&#8217;agost. A m\u00e9s, els dos punts itinerants en la zona de barraques i del centre s&#8217;ha at\u00e9s al voltant de 1.700 persones.<\/p>\n<p>En total han sigut 6.332 atencions durant les festes d&#8217;agost, fet que suposa un increment de quasi el 20% respecte a 2025, quan va ser de 5.281. En concret, el nombre de consultes als punts fixos va ser al voltant de 3.600 davant dels 4.600 d&#8217;este 2026; mentre que en els punts itinerants l&#8217;augment ha sigut de prop de 200.[\/vc_column_text][\/vc_column][\/vc_row][vc_row el_id=&#8221;TEXTO_FIN_NOTICIA&#8221;][vc_column][vc_column_text css=&#8221;&#8221;]<strong>Mart\u00ednez<\/strong> ha destacat l&#8217;encert en la instal\u00b7laci\u00f3 del punt violeta fix de la barraca municipal a l&#8217;interior del recinte, cosa que ha millorat l&#8217;accessibilitat i capacitat d&#8217;atenci\u00f3 per part dels t\u00e8cnics i el nombre d&#8217;atencions ha sigut superior a l&#8217;any passat.<\/p>\n<p>Quant a les actuacions, enguany s&#8217;han realitzat un total de\u00a0<strong>35 intervencions<\/strong>, b\u00e9 per a acompanyar xiques que se sentien en perill i avisaven familiars perqu\u00e8 les arreplegaren al punt violeta, per a ajudar xiques en estat d&#8217;embriaguesa que necessitaven atenci\u00f3 sanit\u00e0ria o per a realitzar l&#8217;acompanyament en cas d&#8217;agressi\u00f3. En concret, la tasca dels professionals va permetre la detenci\u00f3 d&#8217;un home per agredir una dona en el punt itinerant de la zona de barraques.<\/p>\n<p>Este servei ha sigut format per\u00a0<strong>5 psic\u00f2logues, 5 promotores d&#8217;igualtat\u00a0<\/strong>i\u00a0<strong>una coordinadora<\/strong>. A m\u00e9s, s&#8217;han repartit d\u00edptics i ventalls amb informacio\u00b4d&#8217;horaris i tel\u00e8fons a m\u00e9s de tapes per a les copes.<\/p>\n<p>Segons la\u00a0<strong>regidora de l&#8217;\u00e0rea<\/strong>, &#8220;han sigut unes festes sense incidents importants i en casos d&#8217;alguna presumpta situaci\u00f3 de viol\u00e8ncia de g\u00e8nere s&#8217;ha derivat al Servei d&#8217;Atenci\u00f3 Integral a la Dona (SAID).<\/p>\n<p>Aix\u00ed mateix, ha recordat que en les festes de les pedanies amb nucli urb\u00e0 tamb\u00e9 s&#8217;instal\u00b7len\u00a0<strong>punts violeta<\/strong>, cas de<strong> Torrellano, l&#8217;Altet, les Baies, la Foia, Matola<\/strong> i\u00a0<strong>la Marina<\/strong>. Tamb\u00e9 s&#8217;oferir\u00e0 este servei en la segona edici\u00f3 del\u00a0<strong>festival Elx Oasis Music Fest<\/strong> que se celebrar\u00e0 els dies 9 i 10 d&#8217;octubre i dins del comprom\u00eds municipal per unes festes segures, s&#8217;instal\u00b7lar\u00e0 a m\u00e9s estos punts durant les celebracions de\u00a0<strong>Halloween<\/strong> i\u00a0<strong>Cap d&#8217;Any<\/strong>.<\/p>\n<p>Els objectius d&#8217;este servici que presta la\u00a0<strong>regidoria de la Dona<\/strong>, este any i el pr\u00f2xim a trav\u00e9s de l&#8217;empresa\u00a0<strong>Psicolog\u00eda y Servicios Educativos SL<\/strong>, \u00e9s previndre i eliminar tot tipus de viol\u00e8ncia contra les dones i especialment les agressions sexuals; informar a la poblaci\u00f3 per a educar j\u00f3vens i persones adultes i donar a con\u00e9ixer els recursos i servicis disponibles per a l&#8217;atenci\u00f3 integral de les possibles v\u00edctimes; coordinar actuacions amb la\u00a0<strong>Policia Nacional<\/strong>,\u00a0<strong>Policia Local<\/strong>, servicis sanitaris i recursos especialitzats; i aconseguir la m\u00e0xima participaci\u00f3 i implicaci\u00f3 de la societat en la prevenci\u00f3 d&#8217;estes situacions.<\/p>\n<p>[\/vc_column_text][\/vc_column][\/vc_row]<\/p>\n<\/div>","protected":false},"excerpt":{"rendered":"<p>[vc_row el_id=&#8221;SUBTITULAR_NOTICIA&#8221;][vc_column][vc_column_text css=&#8221;&#8221;] Del 7 al 15 d&#8217;agost m\u00e9s de 6.300 persones sol\u00b7licitaren informaci\u00f3 o assessorament davant de possibles casos d&#8217;assetjament o viol\u00e8ncia als espais fixos i itinerants habilitats [\/vc_column_text][\/vc_column][\/vc_row][vc_row [&hellip;]<\/p>\n","protected":false},"author":198,"featured_media":362283,"comment_status":"closed","ping_status":"closed","sticky":false,"template":"","format":"standard","meta":{"footnotes":""},"categories":[3414,391,1312],"tags":[],"class_list":["post-362293","post","type-post","status-publish","format-standard","has-post-thumbnail","hentry","category-dona","category-home-va","category-noticias-va"],"_links":{"self":[{"href":"https:\/\/www.elche.es\/va\/wp-json\/wp\/v2\/posts\/362293","targetHints":{"allow":["GET"]}}],"collection":[{"href":"https:\/\/www.elche.es\/va\/wp-json\/wp\/v2\/posts"}],"about":[{"href":"https:\/\/www.elche.es\/va\/wp-json\/wp\/v2\/types\/post"}],"author":[{"embeddable":true,"href":"https:\/\/www.elche.es\/va\/wp-json\/wp\/v2\/users\/198"}],"replies":[{"embeddable":true,"href":"https:\/\/www.elche.es\/va\/wp-json\/wp\/v2\/comments?post=362293"}],"version-history":[{"count":2,"href":"https:\/\/www.elche.es\/va\/wp-json\/wp\/v2\/posts\/362293\/revisions"}],"predecessor-version":[{"id":362295,"href":"https:\/\/www.elche.es\/va\/wp-json\/wp\/v2\/posts\/362293\/revisions\/362295"}],"wp:featuredmedia":[{"embeddable":true,"href":"https:\/\/www.elche.es\/va\/wp-json\/wp\/v2\/media\/362283"}],"wp:attachment":[{"href":"https:\/\/www.elche.es\/va\/wp-json\/wp\/v2\/media?parent=362293"}],"wp:term":[{"taxonomy":"category","embeddable":true,"href":"https:\/\/www.elche.es\/va\/wp-json\/wp\/v2\/categories?post=362293"},{"taxonomy":"post_tag","embeddable":true,"href":"https:\/\/www.elche.es\/va\/wp-json\/wp\/v2\/tags?post=362293"}],"curies":[{"name":"wp","href":"https:\/\/api.w.org\/{rel}","templated":true}]}}