{"id":362296,"date":"2026-08-18T13:59:43","date_gmt":"2026-08-18T11:59:43","guid":{"rendered":"https:\/\/www.elche.es\/2026\/08\/lajuntament-inicia-els-treballs-de-desmuntatge-de-la-facana-de-riegos-el-progreso\/"},"modified":"2026-08-18T13:59:52","modified_gmt":"2026-08-18T11:59:52","slug":"lajuntament-inicia-els-treballs-de-desmuntatge-de-la-facana-de-riegos-el-progreso","status":"publish","type":"post","link":"https:\/\/www.elche.es\/va\/2026\/08\/lajuntament-inicia-els-treballs-de-desmuntatge-de-la-facana-de-riegos-el-progreso\/","title":{"rendered":"L&#8217;Ajuntament inicia els treballs de desmuntatge de la fa\u00e7ana de Riegos El Progreso"},"content":{"rendered":"<div class=\"wpb-content-wrapper\"><p>[vc_row el_id=&#8221;SUBTITULAR_NOTICIA&#8221;][vc_column][vc_column_text css=&#8221;&#8221;]<\/p>\n<h4>Esta semana es preveu el comen\u00e7ament de l&#8217;actuaci\u00f3 per a preservar de manera \u00edntegra els elements hist\u00f2rics de l&#8217;immoble i incorporar-los al nou edifici que es construir\u00e0 a la parcel\u00b7la<\/h4>\n<p>[\/vc_column_text][\/vc_column][\/vc_row][vc_row el_id=&#8221;TEXTO_NOTICIA&#8221;][vc_column][vc_column_text css=&#8221;&#8221;]Una vegada finalitzades les festes d&#8217;agost, esta setmana est\u00e0 previst l&#8217;inici dels treballs de desmuntatge de la fa\u00e7ana protegida de l&#8217;edifici de\u00a0<strong>Riegos El Progreso<\/strong>, despr\u00e9s de la col\u00b7locaci\u00f3 pr\u00e8via de les bastides que permetran dur a terme esta actuaci\u00f3 amb la que preservar de manera \u00edntegra els elements hist\u00f2rics de l&#8217;immoble i incorporar-los al nou edifici municipal que es construir\u00e0 a la parcel\u00b7la.<\/p>\n<p><strong>El registor d&#8217;Estrat\u00e8gia Municipal, Francisco Soler<\/strong>, ha assenyalat que amb estos treballs &#8220;veiem la llum a l&#8217;inici del que ser\u00e0 un nou edifici municipal, que inclour\u00e0 esta fa\u00e7ana protegida que ara es desmunta&#8221;. Una actuaci\u00f3 que &#8220;posa soluci\u00f3 a un problema de m\u00e9s d&#8217;una d\u00e8cada i que suposa un gran benefici per als il\u00b7licitans&#8221;.[\/vc_column_text][\/vc_column][\/vc_row][vc_row el_id=&#8221;DESTACADO_NOTICIA&#8221;][vc_column][vc_column_text css=&#8221;&#8221; el_class=&#8221;cuadronoticia&#8221;]<\/p>\n<h5>Segons el regidor d&#8217;Estrat\u00e8gia Municipal, Francisco Soler, esta intervenci\u00f3 &#8220;posa soluci\u00f3 a un problema de m\u00e9s d&#8217;una d\u00e8cada i que suposa un gran benefici per als il\u00b7licitans&#8221;.<\/h5>\n<p>[\/vc_column_text][\/vc_column][\/vc_row][vc_row el_id=&#8221;TEXTO_FIN_NOTICIA&#8221;][vc_column][vc_column_text css=&#8221;&#8221;]L&#8217;actuaci\u00f3 inicial pr\u00f2piament dita suposa el desmuntatge manual i recuperaci\u00f3 dels elements singulars de la fa\u00e7ana trasera de\u00a0<strong>Riegos El Progreso\u00a0<\/strong>com el front\u00f3, cornisa, carreus i s\u00f2col, que seran numerats, catalogats i emmagatzemats per aix\u00ed garantir-ne la posterior reposici\u00f3 i respectar la configuraci\u00f3 original de l&#8217;edifici. A m\u00e9s, de forma paral\u00b7lela es realitzaran les cates arqueol\u00f2giques i l&#8217;estudi geot\u00e8cnic, necessaris per al desenrotllament del futur projecte<\/p>\n<p>El futur immoble comptar\u00e0 amb planta baixa, quatre al\u00e7ades i soterrani, una superf\u00edcie constru\u00efda pr\u00f2xima als 1.000 metres quadrats i estar\u00e0 destinat a allotjar oficines municipals. Aix\u00ed, es podran reorganitzar servicis, reduir la despesa en lloguers i recuperar un edifici emblem\u00e0tic de la ciutat, alhora que se&#8217;n mant\u00e9 la identitat arquitect\u00f2nica mediant amb la conservaci\u00f3 de la seua fa\u00e7ana.<\/p>\n<p>Despr\u00e9s del desmuntatge de la fa\u00e7ana i la construcci\u00f3 del nou edifici, es recuperaran els dos carrils de circulaci\u00f3 del carrer.<\/p>\n<p>[\/vc_column_text][\/vc_column][\/vc_row][vc_row][vc_column width=&#8221;1\/6&#8243;][\/vc_column][vc_column width=&#8221;2\/3&#8243;]<audio class=\"sc_audio\" src=\"https:\/\/soundcloud.com\/ayuntamiento-de-elche\/el-ayuntamiento-inicia-los\" width=\"\" height=\"\" style=\"````\"><\/audio>[\/vc_column][vc_column width=&#8221;1\/6&#8243;][\/vc_column][\/vc_row]<\/p>\n<\/div>","protected":false},"excerpt":{"rendered":"<p>[vc_row el_id=&#8221;SUBTITULAR_NOTICIA&#8221;][vc_column][vc_column_text css=&#8221;&#8221;] Esta semana es preveu el comen\u00e7ament de l&#8217;actuaci\u00f3 per a preservar de manera \u00edntegra els elements hist\u00f2rics de l&#8217;immoble i incorporar-los al nou edifici que es construir\u00e0 [&hellip;]<\/p>\n","protected":false},"author":198,"featured_media":362287,"comment_status":"closed","ping_status":"closed","sticky":false,"template":"","format":"standard","meta":{"footnotes":""},"categories":[391,1312,210],"tags":[],"class_list":["post-362296","post","type-post","status-publish","format-standard","has-post-thumbnail","hentry","category-home-va","category-noticias-va","category-urbanisme-va"],"_links":{"self":[{"href":"https:\/\/www.elche.es\/va\/wp-json\/wp\/v2\/posts\/362296","targetHints":{"allow":["GET"]}}],"collection":[{"href":"https:\/\/www.elche.es\/va\/wp-json\/wp\/v2\/posts"}],"about":[{"href":"https:\/\/www.elche.es\/va\/wp-json\/wp\/v2\/types\/post"}],"author":[{"embeddable":true,"href":"https:\/\/www.elche.es\/va\/wp-json\/wp\/v2\/users\/198"}],"replies":[{"embeddable":true,"href":"https:\/\/www.elche.es\/va\/wp-json\/wp\/v2\/comments?post=362296"}],"version-history":[{"count":2,"href":"https:\/\/www.elche.es\/va\/wp-json\/wp\/v2\/posts\/362296\/revisions"}],"predecessor-version":[{"id":362298,"href":"https:\/\/www.elche.es\/va\/wp-json\/wp\/v2\/posts\/362296\/revisions\/362298"}],"wp:featuredmedia":[{"embeddable":true,"href":"https:\/\/www.elche.es\/va\/wp-json\/wp\/v2\/media\/362287"}],"wp:attachment":[{"href":"https:\/\/www.elche.es\/va\/wp-json\/wp\/v2\/media?parent=362296"}],"wp:term":[{"taxonomy":"category","embeddable":true,"href":"https:\/\/www.elche.es\/va\/wp-json\/wp\/v2\/categories?post=362296"},{"taxonomy":"post_tag","embeddable":true,"href":"https:\/\/www.elche.es\/va\/wp-json\/wp\/v2\/tags?post=362296"}],"curies":[{"name":"wp","href":"https:\/\/api.w.org\/{rel}","templated":true}]}}