{"id":362312,"date":"2026-08-19T12:28:33","date_gmt":"2026-08-19T10:28:33","guid":{"rendered":"https:\/\/www.elche.es\/2026\/08\/el-cinema-destiu-i-la-musica-en-directe-porten-la-programacio-cultural-als-barris-i-pedanies-delx\/"},"modified":"2026-08-19T12:28:48","modified_gmt":"2026-08-19T10:28:48","slug":"el-cinema-destiu-i-la-musica-en-directe-porten-la-programacio-cultural-als-barris-i-pedanies-delx","status":"publish","type":"post","link":"https:\/\/www.elche.es\/va\/2026\/08\/el-cinema-destiu-i-la-musica-en-directe-porten-la-programacio-cultural-als-barris-i-pedanies-delx\/","title":{"rendered":"El cinema d&#8217;estiu i la m\u00fasica en directe porten la programaci\u00f3 cultural als barris i pedanies d&#8217;Elx"},"content":{"rendered":"<div class=\"wpb-content-wrapper\"><p>[vc_row el_id=&#8221;SUBTITULAR_NOTICIA&#8221;][vc_column][vc_column_text css=&#8221;&#8221;]<\/p>\n<hr \/>\n<h4>La Banda Simf\u00f2nica d&#8217;Elx i Stereomonos actuaran el dissabte 22 d&#8217;agost, mentre continuen les principals exposicions als espais culturals de la ciutat<\/h4>\n<hr \/>\n<h4><\/h4>\n<p>[\/vc_column_text][\/vc_column][\/vc_row][vc_row el_id=&#8221;TEXTO_NOTICIA&#8221;][vc_column][vc_column_text css=&#8221;&#8221;]La programaci\u00f3 cultural de la setmana porta bona part de les seues parts als barris i pedanies d&#8217;Elx amb diferents sessions de cinema d&#8217;estiu, concerts i activitats gratu\u00eftes per a gaudir de les nits d&#8217;agost a l&#8217;aire lliure.<\/p>\n<p>El cinema ser\u00e0 un dels grans protagonistes. Divendres 21 d&#8217;agost, a les 21:30 hores, la pla\u00e7a 8 de mar\u00e7 del Districte 5 acollir\u00e0 la projecci\u00f3 de\u00a0<em>Padre no hay m\u00e1s que uno 5<\/em>. La pel\u00edcula es tornar\u00e0 a projectar-se dissabte 22, a la mateixa hora, el Centre C\u00edvic de la Penya de les \u00c0guiles. Eixe mateix dia, Jubalcoi comptar\u00e0 amb\u00a0<em>El casopl\u00f3n<\/em>, mentre que a la pla\u00e7a de l&#8217;Esgl\u00e9sia de Bassars podr\u00e0 vore&#8217;s\u00a0<em>Wolfgang (extraordinario)<\/em>. Totes les sessions s\u00f3n d&#8217;acc\u00e9s lliure per a completar aforament.<\/p>\n<p>La m\u00fasica en directe tamb\u00e9 estar\u00e0 present dissabte 22 d&#8217;agost. Stereomonos actuar\u00e0 a les 21:30 hores a la pla\u00e7a de l&#8217;Antina de la Marina amb el seu repertori pop-rock, menter que la Banda Simf\u00f2nica d&#8217;Elx oferir\u00e0 un concert a les 22:00 hores als Arenals del Sol, al passeig de l&#8217;avinguda de San Bartolom\u00e9 de Tirajana, en la zona de l&#8217;antic hotel. Ambdues actuacions tindran entrada lliure fins a completar l&#8217;aforament.<\/p>\n<p>L&#8217;agenda cultural coincidix a m\u00e9s amb els darrers dies per a visitar\u00a0<em>Porta&#8217;m amb tu: la<\/em>\u00a0<em>Dama<\/em>, organitzada pel Reial Ordre de la Dama d&#8217;Elx a les Clarisses. L&#8217;exposici\u00f3, que romandr\u00e0 oberta fins el diumenge 23 d&#8217;agost, reunix una selecci\u00f3 de fotografies de r\u00e8pliques de la Dama realitzades en diferents llocs del m\u00f3n i mostra el vincle de la societat il\u00b7licitana amb un dels seus principals s\u00edmbols patrimonials.<\/p>\n<p>L&#8217;oferta expositiva es completa amb\u00a0<em>L&#8217;empremta de Dion\u00eds <\/em>al MAHE, <em>Evoluci\u00f3 i S\u00edntesi: 1989-2026<\/em> de Cristina Navarro al MACE, la mostra de l&#8217;Escola de Pintura Hort del Xocolater a la Llotja Medieval i\u00a0<em>La jogueteria del passat. Construint somnis\u00a0<\/em>al Museu Escolar de Pu\u00e7ol[\/vc_column_text][\/vc_column][\/vc_row][vc_row el_id=&#8221;TEXTO_FIN_NOTICIA&#8221;][vc_column][vc_column_text css=&#8221;&#8221;]<\/p>\n<h5>BARRIS I PEDANIES<\/h5>\n<p><\/p>\n<h4>CINEMA D&#8217;ESTIU: Padre no hay m\u00e1s que uno 5<\/h4>\n<p>Districte 5. Pla\u00e7a 8 de mar\u00e7<\/p>\n<p>Divendres 21 d&#8217;agost a les 21:30 h<\/p>\n<p>Entrada lliure fins a completar aforament<\/p>\n<p>Informaci\u00f3: En <em>Padre no hay m\u00e1s que uno 5: Nido repleto<\/em>, Javier patix el trauma del niu ple i la ca\u00f2tica conviv\u00e8ncia quan cap dels seus fills vol independitzar-se. Entre una filla que somia amb ser cantant sense tindre talent i un gendre que aspira a ser pare jove, la fam\u00edlia s&#8217;enfronta a un desastre ple d&#8217;humor.<\/p>\n<h4>CINEMA D&#8217;ESTIU: Padre no hay m\u00e1s que uno 5<\/h4>\n<p>Penya de les \u00c0guiles. Centre c\u00edvic<\/p>\n<p>Dissabte 22 d&#8217;agost a les 21:30 h<\/p>\n<p>Entrada lliure fins a completar aforament<\/p>\n<p>Informaci\u00f3: En <em>Padre no hay m\u00e1s que uno 5: Nido repleto<\/em>, Javier patix el trauma del niu ple i la ca\u00f2tica conviv\u00e8ncia quan cap dels seus fills vol independitzar-se. Entre una filla que somia amb ser cantant sense tindre talent i un gendre que aspira a ser pare jove, la fam\u00edlia s&#8217;enfronta a un desastre ple d&#8217;humor.<\/p>\n<h4>CINEMA D\u2019ESTIU: <em>El casopl\u00f3n <\/em><\/h4>\n<p>Jubalcoi. Centre social.<\/p>\n<p>Dissabte 22 d\u2019agost a les 21:30 h<\/p>\n<p>Entrada lliure fins a completar aforament<\/p>\n<p>Sinopsi: To\u00f1i i Carlos passen per un estiu especialment dif\u00edcil al costat dels seus tres fills. Sense vacacions, compartint un xicotet pis i amb els dos pares bolcats en el treball, la fam\u00edlia a penes troba un respir. Quan l&#8217;aire condicionat s&#8217;avaria en plena onada de calor, sorgix una inesperada oportunitat: passar uns dies en la impressionant mansi\u00f3 on Carlos treballa com a jardiner. El que comen\u00e7a com una soluci\u00f3 temporal per a combatre la calor acaba convertint-se en una experi\u00e8ncia inoblidable. Entre luxoses vivendes, ve\u00efns singulars i situacions tan divertides com inesperades, la fam\u00edlia viur\u00e0 unes vacacions diferents que posaran a prova els seus somnis, enfortiran els seus lla\u00e7os i els faran descobrir que la verdadera felicitat no sempre dep\u00e9n de les coses materials.<\/p>\n<h4>CINEMA D\u2019ESTIU: Wolfgang (extraordinario)<\/h4>\n<p>Bassars. Pla\u00e7a de l&#8217;Esgl\u00e9sia<\/p>\n<p>Dissabte 22 d\u2019agost a les 21:30 h<\/p>\n<p>Entrada lliure fins a completar aforament Sinopsi: Wolfgang, un xiquet de 10 anys superdotat i amb trastorn de l&#8217;espectre autista, es veu obligat a viure amb el seu pare, a qui no ha vist mai, despr\u00e9s de la mort de sa mare.<\/p>\n<h4>Concert pop\/rock: Stereomonos<\/h4>\n<p>La Marina. Pla\u00e7a de l&#8217;Antina<\/p>\n<p>Dissabte 22 d&#8217;agost a les 21:30h<\/p>\n<p>Entrada lliure fins a completar aformaent<\/p>\n<p>Informaci\u00f3: No hi ha festa ni\u00a0<em>tardeo\u00a0<\/em>que els Stereomons no posen la nota musical i divertida. Els seus concerts en pedanies s\u00f3n sin\u00f2nims d&#8217;\u00e8xit i d&#8217;un vessar d&#8217;energia i bon rotllo incre\u00efble.<\/p>\n<h4>Concert: Banda Simf\u00f2nica d&#8217;Elx<\/h4>\n<p>Els Arenals del Sol. Avinguda San Bartolom\u00e9 de Tirajana, zona de l&#8217;antic hotel<\/p>\n<p>Dissabte 22 d&#8217;agost a les 22:00h<\/p>\n<p>Entrada lliure fins a completar aforament<\/p>\n<p>Informaci\u00f3: La Banda Simf\u00f2nica d&#8217;Elx \u00e9s una destacada agrupaci\u00f3 musical fundada en 2011. Heretera d&#8217;una llarga tradici\u00f3 local que es remunta a finals del segle XIX, \u00e9s reconeguda per la seua participaci\u00f3 cont\u00ednua en esdeveniments culturals, festers i processons tant en la ciutat il\u00b7licitana com en altres localitats. Esta formaci\u00f3 de vent i percussi\u00f3 s&#8217;ha consolidat com un pilar fonamental per a la promoci\u00f3 de la cultura musical de la ciutat.<\/p>\n<h5>Les Clarisses<\/h5>\n<p><\/p>\n<h4>EXPOSICI\u00d3: Porta\u2019m amb tu: la Dama, del Reial Orde de la Dama d\u2019Elx (RODE)<\/h4>\n<p>Del dijous 9 de juliol al diumenge 23 d\u2019agost<\/p>\n<p>Inauguraci\u00f3: dijous 9 de juliol a les 20:00 h<\/p>\n<p>Horari: de dimarts a dissabte de 10:00 a 14:00 h i de 15:00 a 18:00 h. Diumenges i festius de 10:00 a 13:00 h<\/p>\n<p>Informaci\u00f3: des del seu descobriment, la Dama d&#8217;Elx ha recorregut un llarg cam\u00ed. Encara que actualment es conserva a Madrid, les seues r\u00e8pliques continuen viatjant per tot el m\u00f3n, projectant la imatge d&#8217;un dels s\u00edmbols m\u00e9s representatius del patrimoni il\u00b7licit\u00e0. L&#8217;any 2019, Javier Mu\u00f1oz i Antonio S\u00e1nchez van impulsar la iniciativa <em>LaDamadeElcheViajera<\/em>, una proposta participativa que convidava la ciutadania a incorporar una reproducci\u00f3 de la Dama als seus viatges, fotografiar-la en diferents indrets i compartir eixes imatges a trav\u00e9s de les xarxes socials. El projecte va donar lloc a un singular arxiu visual que testimonia la pres\u00e8ncia simb\u00f2lica de la Dama en escenaris molt diversos i posa de manifest el profund vincle que la societat il\u00b7licitana mant\u00e9 amb este s\u00edmbol patrimonial. La present exposici\u00f3 reunix una selecci\u00f3 d&#8217;eixes fotografies i mostra com la Dama d&#8217;Elx transcendix la seua dimensi\u00f3 arqueol\u00f2gica per a convertir-se en un element d&#8217;identitat col\u00b7lectiva, mem\u00f2ria i pertinen\u00e7a. M\u00e9s enll\u00e0 de la condici\u00f3 d&#8217;obra excepcional de la cultura ib\u00e8rica, la Dama acompanya aquelles persones que viatgen com a expressi\u00f3 de les seues arrels i de l\u2019estreta relaci\u00f3 amb Elx. La mostra s&#8217;inspira en el concepte d&#8217;Arqueologia del Sentiment, una perspectiva que ent\u00e9n el patrimoni cultural no sols pels valors hist\u00f2rics, art\u00edstics o cient\u00edfics, sin\u00f3 tamb\u00e9 per la capacitat de generar vincles emocionals i construir identitats compartides. Des d&#8217;esta mirada, les imatges reunides evidencien com la Dama d&#8217;Elx continua formant part de l&#8217;imaginari col\u00b7lectiu i exercix, de manera simb\u00f2lica, com a ambaixadora d&#8217;Elx i de la cultura mediterr\u00e0nia en nombrosos indrets del m\u00f3n.<\/p>\n<h5>MAHE. MUSEU ARQUEOL\u00d2GIC I D\u2019HIST\u00d2RIA D\u2019ELX<\/h5>\n<p><\/p>\n<h4>EXPOSICI\u00d3: L\u2019empremta de Dion\u00eds<\/h4>\n<p>Del divendres 10 d\u2019abril al diumenge 11 d\u2019octubre<\/p>\n<p>Sala d\u2019exposicions temporals<\/p>\n<p>Informaci\u00f3: Al llarg dels \u00faltims huit mil anys, el vi ha acompanyat el desenrotllament de la humanitat com a aliment, s\u00edmbol i element cultural. Des de les primeres civilitzacions agr\u00edcoles, cultivar la vinya va significar assentar-se en un territori, cuidar la terra i esperar el pas de les estacions. Aix\u00ed, el treball agr\u00edcola es va convertir en cultura. L&#8217;exposici\u00f3 L\u2019empremta de Dion\u00eds brinda una excepcional ocasi\u00f3 d&#8217;aproximar-se a la cultura del vi des d&#8217;un punt de vista hist\u00f2ric, arqueol\u00f2gic i art\u00edstic, gr\u00e0cies a una de les millors col\u00b7leccions que existixen en el m\u00f3n relacionades amb esta tem\u00e0tica, la col\u00b7lecci\u00f3 del Museu Vivanco de la Cultura del Vi. Considerat per la UNESCO com un dels millors museus, posse\u00efx una valuosa col\u00b7lecci\u00f3 d&#8217;elevada qualitat cient\u00edfica i patrimonial que combina objectes arqueol\u00f2gics, etnol\u00f2gics i art\u00edstics que es relacionen d&#8217;un mode o un altre amb el vi. La selecci\u00f3 d&#8217;objectes i obres d&#8217;art realitzada pels comissaris de l&#8217;exposici\u00f3, Santiago Vivanco S\u00e1enz i Miguel F. P\u00e9rez Blasco, permet rec\u00f3rrer aspectes econ\u00f2mics, religiosos, art\u00edstics i culturals, amb peces mesopot\u00e0miques, eg\u00edpcies, gregues i romanes, i en les quals tamb\u00e9 s&#8217;han inserit algunes peces arqueol\u00f2giques destacades de la pr\u00f2pia col\u00b7lecci\u00f3 del Museu Arqueol\u00f2gic i d&#8217;Hist\u00f2ria d&#8217;Elx (MAHE). Des del punt de vista art\u00edstic, obres d\u2019An\u00edbal Carraci, Andrea Mantegna, Giulio Romano, Josep de Ribera, Manuel Benedito, Eduardo Rosales, Picasso o Dal\u00ed permeten aproximar el visitant a l&#8217;evoluci\u00f3 de la imatge mitol\u00f2gica del d\u00e9u de vi, Dion\u00eds \/ Bacus a trav\u00e9s de la Hist\u00f2ria.<\/p>\n<h5>MACE<\/h5>\n<p>Exposici\u00f3: Evoluci\u00f3 i S\u00edntesi: 1989-2026, de Cristina Navarro<\/p>\n<p>Del divendres 15 de maig al diumenge 27 de setembre de 2026<\/p>\n<p>Horari: de dimarts a dissabte de 10:00 a 14:00 h i de 15:00 a 18:00 h. Diumenges i festius de 10:00 a 14:00 h<\/p>\n<h5>LLOTJA MEDIEVAL<\/h5>\n<p>EXPOSICI\u00d3: Escola de pintura Hort del Xocolater, de la Fundaci\u00f3 Mediterrani<\/p>\n<p>Del dissabte 30 de maig al dijous 3 de setembre<\/p>\n<p>Horari: de dimarts a dissabte de 10:00 a 14:00 h i de 15:00 a 18:00 h. Diumenges i festius de 10:00 a 14:00 h<\/p>\n<p>Informaci\u00f3: Exposici\u00f3 d&#8217;una selecci\u00f3 de treballs que els alumnes de l&#8217;escola de pintura han realitzat durant el curs 25-26. Durant mig segle, l&#8217;escola de pintura Hort del Xocolater ha sigut un actor fonamental de l&#8217;educaci\u00f3 art\u00edstica a la ciutat d&#8217;Elx que ha format milers d&#8217;alumnes i s\u2019ha consolidat com un referent cultural i pedag\u00f2gic. La nostra proposta educativa es basa en un enfocament integral que combina l&#8217;aprenentatge de diverses t\u00e8cniques pict\u00f2riques amb el desenrotllament de la creativitat i la capacitat d&#8217;observar i interpretar la naturalesa. A trav\u00e9s d&#8217;esta experi\u00e8ncia formativa, els estudiants no sols adquirixen habilitats art\u00edstiques, sin\u00f3 que tamb\u00e9 interioritzen valors fonamentals com el respecte i la conservaci\u00f3 del patrimoni cultural i mediambiental d&#8217;Elx. L&#8217;escola de pintura convertix el palmerar il\u00b7licit\u00e0 en una aula oberta i inspiradora que integra el paisatge natural en la identitat col\u00b7lectiva dels seus alumnes. Aix\u00ed, cultura, ciutat, patrimoni i mem\u00f2ria s&#8217;entrellacen en un espai de creaci\u00f3 que fomenta la connexi\u00f3 entre l&#8217;art i l&#8217;entorn. Aprofitant la inauguraci\u00f3 de l&#8217;exposici\u00f3, a partir del mateix dia 30 de maig, s&#8217;obrir\u00e0 el termini d&#8217;inscripci\u00f3 per al nou curs 26-27, que comen\u00e7ar\u00e0 el dissabte dia 3 d&#8217;octubre de 2026. M\u00e9s informaci\u00f3 en: https:\/\/fundacionmediterraneo.es\/ i fundacion@fundacionmediterraneo.es[\/vc_column_text][\/vc_column][\/vc_row][vc_row][vc_column width=&#8221;1\/6&#8243;][\/vc_column][vc_column width=&#8221;2\/3&#8243;]<audio class=\"sc_audio\" src=\"\" width=\"\" height=\"\"><\/audio>[\/vc_column][vc_column width=&#8221;1\/6&#8243;][\/vc_column][\/vc_row]<\/p>\n<\/div>","protected":false},"excerpt":{"rendered":"<p>[vc_row el_id=&#8221;SUBTITULAR_NOTICIA&#8221;][vc_column][vc_column_text css=&#8221;&#8221;] La Banda Simf\u00f2nica d&#8217;Elx i Stereomonos actuaran el dissabte 22 d&#8217;agost, mentre continuen les principals exposicions als espais culturals de la ciutat [\/vc_column_text][\/vc_column][\/vc_row][vc_row el_id=&#8221;TEXTO_NOTICIA&#8221;][vc_column][vc_column_text css=&#8221;&#8221;]La programaci\u00f3 cultural [&hellip;]<\/p>\n","protected":false},"author":198,"featured_media":362304,"comment_status":"closed","ping_status":"closed","sticky":false,"template":"","format":"standard","meta":{"footnotes":""},"categories":[193,391,1312],"tags":[],"class_list":["post-362312","post","type-post","status-publish","format-standard","has-post-thumbnail","hentry","category-cultura-va","category-home-va","category-noticias-va"],"_links":{"self":[{"href":"https:\/\/www.elche.es\/va\/wp-json\/wp\/v2\/posts\/362312","targetHints":{"allow":["GET"]}}],"collection":[{"href":"https:\/\/www.elche.es\/va\/wp-json\/wp\/v2\/posts"}],"about":[{"href":"https:\/\/www.elche.es\/va\/wp-json\/wp\/v2\/types\/post"}],"author":[{"embeddable":true,"href":"https:\/\/www.elche.es\/va\/wp-json\/wp\/v2\/users\/198"}],"replies":[{"embeddable":true,"href":"https:\/\/www.elche.es\/va\/wp-json\/wp\/v2\/comments?post=362312"}],"version-history":[{"count":2,"href":"https:\/\/www.elche.es\/va\/wp-json\/wp\/v2\/posts\/362312\/revisions"}],"predecessor-version":[{"id":362314,"href":"https:\/\/www.elche.es\/va\/wp-json\/wp\/v2\/posts\/362312\/revisions\/362314"}],"wp:featuredmedia":[{"embeddable":true,"href":"https:\/\/www.elche.es\/va\/wp-json\/wp\/v2\/media\/362304"}],"wp:attachment":[{"href":"https:\/\/www.elche.es\/va\/wp-json\/wp\/v2\/media?parent=362312"}],"wp:term":[{"taxonomy":"category","embeddable":true,"href":"https:\/\/www.elche.es\/va\/wp-json\/wp\/v2\/categories?post=362312"},{"taxonomy":"post_tag","embeddable":true,"href":"https:\/\/www.elche.es\/va\/wp-json\/wp\/v2\/tags?post=362312"}],"curies":[{"name":"wp","href":"https:\/\/api.w.org\/{rel}","templated":true}]}}