{"id":362315,"date":"2026-08-19T12:37:53","date_gmt":"2026-08-19T10:37:53","guid":{"rendered":"https:\/\/www.elche.es\/2026\/08\/elx-estableix-mesures-preseventives-davant-de-lalerta-taronja-per-altes-temperatures\/"},"modified":"2026-08-19T13:33:19","modified_gmt":"2026-08-19T11:33:19","slug":"elx-estableix-mesures-preseventives-davant-de-lalerta-taronja-per-altes-temperatures","status":"publish","type":"post","link":"https:\/\/www.elche.es\/va\/2026\/08\/elx-estableix-mesures-preseventives-davant-de-lalerta-taronja-per-altes-temperatures\/","title":{"rendered":"Elx establix mesures preseventives davant de l&#8217;alerta taronja per altes temperatures"},"content":{"rendered":"<div class=\"wpb-content-wrapper\"><p>[vc_row el_id=&#8221;SUBTITULAR_NOTICIA&#8221;][vc_column][vc_column_text css=&#8221;&#8221;]<\/p>\n<hr \/>\n<h4>La regidora de l&#8217;\u00e0rea, Inma Mora, ha llan\u00e7at una s\u00e8rie de recomanacions per a evitar colps de calor este dimecres de 13:00 a 21:00 hores<\/h4>\n<hr \/>\n<h4><\/h4>\n<p>[\/vc_column_text][\/vc_column][\/vc_row][vc_row el_id=&#8221;TEXTO_NOTICIA&#8221;][vc_column][vc_column_text css=&#8221;&#8221;]<strong>L&#8217;Ag\u00e8ncia Estatal de Metereologia<\/strong> (AEMET) ha establert el\u00a0<strong>nivell taronja<\/strong> per la previsi\u00f3 d&#8217;<strong>altes temperatures\u00a0<\/strong>al municipi d&#8217;Elx durant este dimecres, concretament entre les\u00a0<strong>13:00 i 21:00 hores<\/strong>.<\/p>\n<p>Davant d&#8217;aquesta situaci\u00f3,\u00a0<strong>la regidora de Sanitat, Inma Mora<\/strong>, ha llan\u00e7at un missatges d&#8217;advert\u00e8ncia i precauci\u00f3 davant de la pujada de les temperatures durant la jornada d&#8217;este dimecres i seguir una s\u00e8rie de recomanacions b\u00e0siques per a fer front de la millor manera possible a esta alerta taronja.<\/p>\n<p>Mora ha destacat la import\u00e0ncia de &#8220;mantenir-se hidratat en tot moment, fins i tot sense tindre set, menjar en poques quantitats i evitar la ingesta d&#8217;alcohol i cafe\u00efna: fer \u00fas de la crema protectora i peces de vestir fines amb colors clars, a la vegada que romandre en llocs frescos amb ombra&#8221;. A m\u00e9s, ha aconsellat &#8220;no eixir de casa durant les hores de major incid\u00e8ncia del sol, refredar el cos amb draps humits o dutxes i vigilar xiquets i ancians&#8221;.[\/vc_column_text][\/vc_column][\/vc_row][vc_row el_id=&#8221;DESTACADO_NOTICIA&#8221;][vc_column][vc_column_text css=&#8221;&#8221; el_class=&#8221;cuadronoticia&#8221;]<\/p>\n<h5>El protocol de persones sense llar est\u00e0 activat amb refor\u00e7 de les eixides al carrer, servici de dutxes i repartiment d&#8217;aigua freda i menjar<\/h5>\n<p>[\/vc_column_text][\/vc_column][\/vc_row][vc_row el_id=&#8221;TEXTO_FIN_NOTICIA&#8221;][vc_column][vc_column_text css=&#8221;&#8221;]En este sentit, ha recordat que la ciutadania pot estar informada dels avisos i recomanacions des de la web www.elche.es\/sos.<\/p>\n<p>Aix\u00ed mateix, s&#8217;ha activat este dimecres el protocol de persones sense llar. D&#8217;esta forma, des de la\u00a0<strong>Fundaci\u00f3 Conci\u00e9nciate<\/strong> es duran a terme eixides al carrer al llarg de tot el dia i repartiran aigua freda, refrescs, fruita i alimentaci\u00f3.<\/p>\n<p>Al mateix temps, s&#8217;ha habilitat el\u00a0<strong>Centre d&#8217;Acollida<\/strong> durant l&#8217;alerta com a espai de refugi clim\u00e0tic, amb la disponibilitat d&#8217;alimentaci\u00f3 (desdejuni, dinar i sopar), dutxes, bugaderia i zona de c\u00e0rrega de dispositius m\u00f2bils.<\/p>\n<p>Des de\u00a0<strong>C\u00e0ritas,<\/strong> s&#8217;ha posat en marxa una sala amb aire condicionat com a refugi clim\u00e0tica, on es disposar\u00e0 d&#8217;aigua i fruita freda; es dobla el servici de dutxes a matins i vesprada amb servici de roba seca a qui ho requerisca i refor\u00e7 d&#8217;eixida al carrer tots els llocs on hi ha persones vulnerables per a oferir aigua i informar dels recursos disponibles.<\/p>\n<p>Aix\u00ed mateix, des de\u00a0<strong>Creu Roja<\/strong> tamb\u00e9 s&#8217;han refor\u00e7at eixides al carrer per a l&#8217;atenci\u00f3 de persones i repartiment d&#8217;aigua freda al llarg del dia.<\/p>\n<p>D&#8217;altra banda,\u00a0<strong>Emerg\u00e8ncies de la Generalitat Valenciana\u00a0<\/strong>establir el nivell 3 de preemerg\u00e8ncia, nivell extrem, per risc d&#8217;incendis forestals. Davant d&#8217;esta situaci\u00f3 es prohibix, amb car\u00e0cter general, encendre qualsevol mena de foc, barbacoes als terrenys forestals i les zones establides per la normativa, no llan\u00e7ar burilles i tampoc abandonar brossa i en cas d&#8217;observar foc o fum telefonar el\u00a0<strong>112<\/strong>.<\/p>\n<p>[\/vc_column_text][\/vc_column][\/vc_row]<\/p>\n<\/div>","protected":false},"excerpt":{"rendered":"<p>[vc_row el_id=&#8221;SUBTITULAR_NOTICIA&#8221;][vc_column][vc_column_text css=&#8221;&#8221;] La regidora de l&#8217;\u00e0rea, Inma Mora, ha llan\u00e7at una s\u00e8rie de recomanacions per a evitar colps de calor este dimecres de 13:00 a 21:00 hores [\/vc_column_text][\/vc_column][\/vc_row][vc_row el_id=&#8221;TEXTO_NOTICIA&#8221;][vc_column][vc_column_text [&hellip;]<\/p>\n","protected":false},"author":198,"featured_media":297695,"comment_status":"closed","ping_status":"closed","sticky":false,"template":"","format":"standard","meta":{"footnotes":""},"categories":[391,1312,893],"tags":[],"class_list":["post-362315","post","type-post","status-publish","format-standard","has-post-thumbnail","hentry","category-home-va","category-noticias-va","category-sanidad-va"],"_links":{"self":[{"href":"https:\/\/www.elche.es\/va\/wp-json\/wp\/v2\/posts\/362315","targetHints":{"allow":["GET"]}}],"collection":[{"href":"https:\/\/www.elche.es\/va\/wp-json\/wp\/v2\/posts"}],"about":[{"href":"https:\/\/www.elche.es\/va\/wp-json\/wp\/v2\/types\/post"}],"author":[{"embeddable":true,"href":"https:\/\/www.elche.es\/va\/wp-json\/wp\/v2\/users\/198"}],"replies":[{"embeddable":true,"href":"https:\/\/www.elche.es\/va\/wp-json\/wp\/v2\/comments?post=362315"}],"version-history":[{"count":5,"href":"https:\/\/www.elche.es\/va\/wp-json\/wp\/v2\/posts\/362315\/revisions"}],"predecessor-version":[{"id":362321,"href":"https:\/\/www.elche.es\/va\/wp-json\/wp\/v2\/posts\/362315\/revisions\/362321"}],"wp:featuredmedia":[{"embeddable":true,"href":"https:\/\/www.elche.es\/va\/wp-json\/wp\/v2\/media\/297695"}],"wp:attachment":[{"href":"https:\/\/www.elche.es\/va\/wp-json\/wp\/v2\/media?parent=362315"}],"wp:term":[{"taxonomy":"category","embeddable":true,"href":"https:\/\/www.elche.es\/va\/wp-json\/wp\/v2\/categories?post=362315"},{"taxonomy":"post_tag","embeddable":true,"href":"https:\/\/www.elche.es\/va\/wp-json\/wp\/v2\/tags?post=362315"}],"curies":[{"name":"wp","href":"https:\/\/api.w.org\/{rel}","templated":true}]}}