{"id":362483,"date":"2026-08-31T10:14:41","date_gmt":"2026-08-31T08:14:41","guid":{"rendered":"https:\/\/www.elche.es\/2026\/08\/el-75-dels-empleats-publics-de-lajuntament-ja-estan-inscrits-en-la-carrera-professional\/"},"modified":"2026-08-31T10:15:24","modified_gmt":"2026-08-31T08:15:24","slug":"el-75-dels-empleats-publics-de-lajuntament-ja-estan-inscrits-en-la-carrera-professional","status":"publish","type":"post","link":"https:\/\/www.elche.es\/va\/2026\/08\/el-75-dels-empleats-publics-de-lajuntament-ja-estan-inscrits-en-la-carrera-professional\/","title":{"rendered":"El 75 % dels empleats p\u00fablics de l&#8217;Ajuntament ja estan inscrits en la Carrera Professional"},"content":{"rendered":"<div class=\"wpb-content-wrapper\"><p>[vc_row el_id=&#8221;SUBTITULAR_NOTICIA&#8221;][vc_column][vc_column_text css=&#8221;&#8221;]<\/p>\n<hr \/>\n<h4>En l&#8217;actualitat s\u00f3n 1.500 dels 2.000 treballadors municipals els que s&#8217;han registrat i disposen de termini fins al pr\u00f2xim 7 de setembre<\/h4>\n<hr \/>\n<p>[\/vc_column_text][\/vc_column][\/vc_row][vc_row el_id=&#8221;TEXTO_NOTICIA&#8221;][vc_column][vc_column_text css=&#8221;&#8221;]<strong>L&#8217;Ajuntament d&#8217;Elx<\/strong> continua endavant amb el comprom\u00eds d&#8217;implantaci\u00f3 de la <strong>Carrera Professional<\/strong> adquirit amb els treballadors municipals des de l&#8217;inici d&#8217;esta legislatura. Despr\u00e9s de l&#8217;aprovaci\u00f3 definitiva del <strong>Reglament de Carrera Professional Horitzontal<\/strong> i <strong>Avaluaci\u00f3 de l&#8217;Acompliment<\/strong> en el ple de juny, s&#8217;ha iniciat el proc\u00e9s d&#8217;inscripci\u00f3 en la convocat\u00f2ria extraordin\u00e0ria perqu\u00e8 qualsevol empleat p\u00fablic municipal que ho considere puga accedir a este proc\u00e9s.<\/p>\n<p>El regidor de <strong>Recursos Humans<\/strong>, <strong>Juan de Dios Navarro<\/strong>, ha assenyalat que este termini d&#8217;inscripci\u00f3 finalitza el pr\u00f2xim 7 de setembre i, fins al moment, han sigut 1.500 d&#8217;un total de vora 2.000 empleats p\u00fablics de l&#8217;<strong>Ajuntament d&#8217;Elx<\/strong> els que s&#8217;han inscrit en la carrera professional, la qual cosa suposa un <strong>75 % dels funcionaris<\/strong>.<\/p>\n<p>Navarro ha assegurat que la <strong>Carrera Professional<\/strong> \u00abdona resposta a una reclamaci\u00f3 hist\u00f2rica i justa dels treballadors d&#8217;este Ajuntament, en virtut de la qual tot empleat p\u00fablic que vulga podr\u00e0 ser compensat per l&#8217;acompliment del seu treball d&#8217;acord amb el compliment d&#8217;objectius i compet\u00e8ncies\u00bb.[\/vc_column_text][\/vc_column][\/vc_row][vc_row el_id=&#8221;DESTACADO_NOTICIA&#8221;][vc_column][vc_column_text css=&#8221;&#8221; el_class=&#8221;cuadronoticia&#8221;]<\/p>\n<h5>Este sistema pret\u00e9n agilitzar i modernitzar l&#8217;administraci\u00f3 local alhora que millorar la qualitat del servici p\u00fablic a la ciutadania.<\/h5>\n<p>[\/vc_column_text][\/vc_column][\/vc_row][vc_row el_id=&#8221;TEXTO_FIN_NOTICIA&#8221;][vc_column][vc_column_text css=&#8221;&#8221;]En este sentit, ha indicat que es tracta d&#8217;una \u00abrevoluci\u00f3\u00bb en mat\u00e8ria de Recursos Humans, amb l&#8217;objectiu de tindre una administraci\u00f3 local \u00abm\u00e9s efica\u00e7, eficient i \u00e0gil, on es reconega la tasca i l&#8217;acompliment que duen a terme els treballadors d&#8217;esta casa i, alhora, oferir un millor servici i atenci\u00f3 a la ciutadania\u00bb.<\/p>\n<p>Una vegada finalitzat el termini d&#8217;inscripci\u00f3, s&#8217;aprovar\u00e0 la convocat\u00f2ria ordin\u00e0ria i, al mes d&#8217;octubre, comen\u00e7aran les avaluacions individuals de tots els empleats p\u00fablics.<\/p>\n<p><strong>La carrera professional<\/strong> suposa la implantaci\u00f3 progressiva en un per\u00edode de cinc anys, amb una dotaci\u00f3 econ\u00f2mica global de 10 milions d&#8217;euros i un comprom\u00eds inicial de <strong>3,5 milions en el primer exercici<\/strong>. El model reconeix el desenvolupament professional, l&#8217;avaluaci\u00f3 i el compliment d&#8217;objectius com a eixos per a millorar l&#8217;estructura organitzativa i l&#8217;efic\u00e0cia del servici p\u00fablic.<\/p>\n<p>En este sentit, suposa una avaluaci\u00f3 anual de tots els empleats p\u00fablics, tant pel compliment dels objectius, compet\u00e8ncies professionals, coneixements adquirits i qualitat dels treballs. Aix\u00ed, es pret\u00e9n regular un sistema propi d&#8217;estructura de l&#8217;Ajuntament que t\u00e9 en compte el temps de treball objectiu, el l\u00edmit del per\u00edode de la incapacitat temporal i les retribucions proporcionals en funci\u00f3 del complement de destinaci\u00f3.<\/p>\n<hr \/>\n<p>[\/vc_column_text][\/vc_column][\/vc_row][vc_row][vc_column width=&#8221;1\/6&#8243;][\/vc_column][vc_column width=&#8221;2\/3&#8243;]<audio class=\"sc_audio\" src=\"https:\/\/soundcloud.com\/ayuntamiento-de-elche\/el-75-de-los-empleados\" width=\"\" height=\"\" style=\"````\"><\/audio>[\/vc_column][vc_column width=&#8221;1\/6&#8243;][\/vc_column][\/vc_row]<\/p>\n<\/div>","protected":false},"excerpt":{"rendered":"<p>[vc_row el_id=&#8221;SUBTITULAR_NOTICIA&#8221;][vc_column][vc_column_text css=&#8221;&#8221;] En l&#8217;actualitat s\u00f3n 1.500 dels 2.000 treballadors municipals els que s&#8217;han registrat i disposen de termini fins al pr\u00f2xim 7 de setembre [\/vc_column_text][\/vc_column][\/vc_row][vc_row el_id=&#8221;TEXTO_NOTICIA&#8221;][vc_column][vc_column_text css=&#8221;&#8221;]L&#8217;Ajuntament d&#8217;Elx continua [&hellip;]<\/p>\n","protected":false},"author":198,"featured_media":362328,"comment_status":"closed","ping_status":"closed","sticky":false,"template":"","format":"standard","meta":{"footnotes":""},"categories":[391,1312,223],"tags":[],"class_list":["post-362483","post","type-post","status-publish","format-standard","has-post-thumbnail","hentry","category-home-va","category-noticias-va","category-recursos-humans-va"],"_links":{"self":[{"href":"https:\/\/www.elche.es\/va\/wp-json\/wp\/v2\/posts\/362483","targetHints":{"allow":["GET"]}}],"collection":[{"href":"https:\/\/www.elche.es\/va\/wp-json\/wp\/v2\/posts"}],"about":[{"href":"https:\/\/www.elche.es\/va\/wp-json\/wp\/v2\/types\/post"}],"author":[{"embeddable":true,"href":"https:\/\/www.elche.es\/va\/wp-json\/wp\/v2\/users\/198"}],"replies":[{"embeddable":true,"href":"https:\/\/www.elche.es\/va\/wp-json\/wp\/v2\/comments?post=362483"}],"version-history":[{"count":2,"href":"https:\/\/www.elche.es\/va\/wp-json\/wp\/v2\/posts\/362483\/revisions"}],"predecessor-version":[{"id":362485,"href":"https:\/\/www.elche.es\/va\/wp-json\/wp\/v2\/posts\/362483\/revisions\/362485"}],"wp:featuredmedia":[{"embeddable":true,"href":"https:\/\/www.elche.es\/va\/wp-json\/wp\/v2\/media\/362328"}],"wp:attachment":[{"href":"https:\/\/www.elche.es\/va\/wp-json\/wp\/v2\/media?parent=362483"}],"wp:term":[{"taxonomy":"category","embeddable":true,"href":"https:\/\/www.elche.es\/va\/wp-json\/wp\/v2\/categories?post=362483"},{"taxonomy":"post_tag","embeddable":true,"href":"https:\/\/www.elche.es\/va\/wp-json\/wp\/v2\/tags?post=362483"}],"curies":[{"name":"wp","href":"https:\/\/api.w.org\/{rel}","templated":true}]}}