{"id":362486,"date":"2026-08-31T10:28:43","date_gmt":"2026-08-31T08:28:43","guid":{"rendered":"https:\/\/www.elche.es\/2026\/08\/finalitzen-les-obres-de-reforma-integral-i-millora-de-laccessibilitat-en-els-lavabos-i-vestidors-del-poliesportiu-de-carrus\/"},"modified":"2026-08-31T10:28:51","modified_gmt":"2026-08-31T08:28:51","slug":"finalitzen-les-obres-de-reforma-integral-i-millora-de-laccessibilitat-en-els-lavabos-i-vestidors-del-poliesportiu-de-carrus","status":"publish","type":"post","link":"https:\/\/www.elche.es\/va\/2026\/08\/finalitzen-les-obres-de-reforma-integral-i-millora-de-laccessibilitat-en-els-lavabos-i-vestidors-del-poliesportiu-de-carrus\/","title":{"rendered":"Finalitzen les obres de reforma integral i millora de l&#8217;accessibilitat en els lavabos i vestidors del poliesportiu de Carr\u00fas"},"content":{"rendered":"<div class=\"wpb-content-wrapper\"><p>[vc_row el_id=&#8221;SUBTITULAR_NOTICIA&#8221;][vc_column][vc_column_text css=&#8221;&#8221;]<\/p>\n<hr \/>\n<h4>Una vegada conclosos els treballs, es dur\u00e0 a terme la instal\u00b7laci\u00f3 de tot el mobiliari amb la vista posada en l&#8217;inici de la temporada al mes de setembre<\/h4>\n<hr \/>\n<p>[\/vc_column_text][\/vc_column][\/vc_row][vc_row el_id=&#8221;TEXTO_NOTICIA&#8221;][vc_column][vc_column_text css=&#8221;&#8221;]<strong>L&#8217;Ajuntament d&#8217;Elx<\/strong>, a trav\u00e9s de l&#8217;<strong>\u00e0rea d&#8217;Esports<\/strong>, continua amb el pla d&#8217;adequaci\u00f3 i modernitzaci\u00f3 de les instal\u00b7lacions esportives municipals, una reivindicaci\u00f3 dels ve\u00efns, usuaris i membres de clubs esportius dels diferents barris i pedanies il\u00b7licitanes.<\/p>\n<p>Este mes d&#8217;agost han finalitzat els treballs de reforma integral i optimitzaci\u00f3 de l&#8217;accessibilitat als banys i vestidors del <strong>poliesportiu de Carr\u00fas<\/strong>. Una actuaci\u00f3 que s&#8217;ha prolongat al llarg d&#8217;este estiu i que ha suposat una inversi\u00f3 superior als <strong>70.000 euros<\/strong>.<\/p>\n<p>Despr\u00e9s de la conclusi\u00f3 de les obres, el pas seg\u00fcent \u00e9s la instal\u00b7laci\u00f3 de tot el mobiliari amb l&#8217;objectiu que estos espais renovats estiguen a ple rendiment al mes de setembre, amb l&#8217;inici de la nova temporada esportiva a la ciutat.[\/vc_column_text][vc_single_image image=&#8221;362333&#8243; img_size=&#8221;full&#8221; onclick=&#8221;link_image&#8221; css=&#8221;&#8221; el_class=&#8221;fotounicanoticia&#8221;][\/vc_column][\/vc_row][vc_row el_id=&#8221;DESTACADO_NOTICIA&#8221;][vc_column][vc_column_text css=&#8221;&#8221; el_class=&#8221;cuadronoticia&#8221;]<\/p>\n<h5>El regidor de l&#8217;\u00e0rea, J. Antonio Rom\u00e1n, destaca l&#8217;aposta municipal per l&#8217;esport il\u00b7licit\u00e0, la promoci\u00f3 de la inclusi\u00f3 i la facilitaci\u00f3\u00a0 de l&#8217;acc\u00e9s a la pr\u00e0ctica esportiva a tota la ciutadania<\/h5>\n<p>[\/vc_column_text][\/vc_column][\/vc_row][vc_row el_id=&#8221;TEXTO_FIN_NOTICIA&#8221;][vc_column][vc_column_text css=&#8221;&#8221;]<strong>El regidor de l&#8217;\u00e0rea<\/strong>, <strong>Jos\u00e9 Antonio Rom\u00e1n<\/strong>, ha assenyalat que l&#8217;<strong>Ajuntament d&#8217;Elx<\/strong> \u00abcontinua apostant, donant suport i promocionant l&#8217;<strong>esport il\u00b7licit\u00e0<\/strong>, no nom\u00e9s amb la celebraci\u00f3 d&#8217;esdeveniments amb motiu de la <strong>Capitalitat Mediterr\u00e0nia de l&#8217;Esport<\/strong>, sin\u00f3 invertint en la millora de les instal\u00b7lacions i, amb aix\u00f2, en la qualitat dels servicis i el benestar dels il\u00b7licitans\u00bb.<\/p>\n<p>Aix\u00ed mateix, esta actuaci\u00f3 suposa una millora de l&#8217;accessibilitat de les persones a este espai i, amb aix\u00f2, promoure la inclusi\u00f3 i facilitar l&#8217;acc\u00e9s a la pr\u00e0ctica esportiva a tots els ciutadans.<\/p>\n<hr \/>\n<p>[\/vc_column_text][\/vc_column][\/vc_row]<\/p>\n<\/div>","protected":false},"excerpt":{"rendered":"<p>[vc_row el_id=&#8221;SUBTITULAR_NOTICIA&#8221;][vc_column][vc_column_text css=&#8221;&#8221;] Una vegada conclosos els treballs, es dur\u00e0 a terme la instal\u00b7laci\u00f3 de tot el mobiliari amb la vista posada en l&#8217;inici de la temporada al mes de [&hellip;]<\/p>\n","protected":false},"author":198,"featured_media":362332,"comment_status":"closed","ping_status":"closed","sticky":false,"template":"","format":"standard","meta":{"footnotes":""},"categories":[187,391,1312],"tags":[],"class_list":["post-362486","post","type-post","status-publish","format-standard","has-post-thumbnail","hentry","category-esports","category-home-va","category-noticias-va"],"_links":{"self":[{"href":"https:\/\/www.elche.es\/va\/wp-json\/wp\/v2\/posts\/362486","targetHints":{"allow":["GET"]}}],"collection":[{"href":"https:\/\/www.elche.es\/va\/wp-json\/wp\/v2\/posts"}],"about":[{"href":"https:\/\/www.elche.es\/va\/wp-json\/wp\/v2\/types\/post"}],"author":[{"embeddable":true,"href":"https:\/\/www.elche.es\/va\/wp-json\/wp\/v2\/users\/198"}],"replies":[{"embeddable":true,"href":"https:\/\/www.elche.es\/va\/wp-json\/wp\/v2\/comments?post=362486"}],"version-history":[{"count":2,"href":"https:\/\/www.elche.es\/va\/wp-json\/wp\/v2\/posts\/362486\/revisions"}],"predecessor-version":[{"id":362488,"href":"https:\/\/www.elche.es\/va\/wp-json\/wp\/v2\/posts\/362486\/revisions\/362488"}],"wp:featuredmedia":[{"embeddable":true,"href":"https:\/\/www.elche.es\/va\/wp-json\/wp\/v2\/media\/362332"}],"wp:attachment":[{"href":"https:\/\/www.elche.es\/va\/wp-json\/wp\/v2\/media?parent=362486"}],"wp:term":[{"taxonomy":"category","embeddable":true,"href":"https:\/\/www.elche.es\/va\/wp-json\/wp\/v2\/categories?post=362486"},{"taxonomy":"post_tag","embeddable":true,"href":"https:\/\/www.elche.es\/va\/wp-json\/wp\/v2\/tags?post=362486"}],"curies":[{"name":"wp","href":"https:\/\/api.w.org\/{rel}","templated":true}]}}