{"id":362489,"date":"2026-08-31T10:41:22","date_gmt":"2026-08-31T08:41:22","guid":{"rendered":"https:\/\/www.elche.es\/2026\/08\/esdeveniments-amb-talls-de-carrer-o-limitacio-destacionament-previstos-del-21-al-27-dagost\/"},"modified":"2026-08-31T10:41:22","modified_gmt":"2026-08-31T08:41:22","slug":"esdeveniments-amb-talls-de-carrer-o-limitacio-destacionament-previstos-del-21-al-27-dagost","status":"publish","type":"post","link":"https:\/\/www.elche.es\/va\/2026\/08\/esdeveniments-amb-talls-de-carrer-o-limitacio-destacionament-previstos-del-21-al-27-dagost\/","title":{"rendered":"Esdeveniments amb talls de carrer o limitaci\u00f3 d&#8217;estacionament previstos del 21 al 27 d&#8217;agost"},"content":{"rendered":"<p>#TANCAMENT PLA\u00c7A SANT CRISP\u00cd<br \/>\n&#x1f4c6; Del 26 de juny al 13 d&#8217;octubre<br \/>\n&#x23f0; Els divendres a partir de les 17.00 h i fins a les 06.00 h dels dilluns<br \/>\n&#x1f4cd;Pla\u00e7a de Sant Crisp\u00ed de Torrellano<br \/>\n&#x1f6ab; Des de les 15.00 h a la pla\u00e7a de Sant Crisp\u00ed i Santa Rita<br \/>\n&#x26d4;&#xfe0f; Cap a l&#8217;esdeveniment<\/p>\n<p>#MERCAT AMBULANT ELS ARENALS DEL SOL<br \/>\n&#x1f4c6; 21 i 25 d&#8217;agost<br \/>\n&#x23f0; De 18.00 a 23.00 h<br \/>\n&#x1f4cd;C\/ Gran Via dels Arenales de Sol<br \/>\n&#x1f6ab; En el lloc i horari assenyalats<br \/>\n&#x26d4;&#xfe0f; Cap a l&#8217;esdeveniment<\/p>\n<p>#PROJECCI\u00d3 DE CINEMA<br \/>\n&#x1f4c6; 21 d&#8217;agost<br \/>\n&#x23f0; 21.30<br \/>\n&#x1f4cd;Pla\u00e7a 8 de mar\u00e7<br \/>\n&#x1f6ab; Des de les 15.00 h al C\/ Maricruz \u00c1lvarez, fa\u00e7ana a la pla\u00e7a 8 de mar\u00e7<\/p>\n<p>#SOPAR DE CONVIC\u00c8NCIA<br \/>\n&#x1f4c6; 22 d&#8217;agost<br \/>\n&#x23f0; De 18.00 a 24.00 h<br \/>\n&#x1f4cd;C\/ Patricio Ruiz G\u00f3mez<br \/>\n&#x1f6ab; De 15.00 a 24.00 h al C\/ Patricio Ruiz G\u00f3mez, fa\u00e7ana a la parr\u00f2quia de la Mare de D\u00e9u del Carme, els dos costats<br \/>\n&#x26d4;&#xfe0f; Cap a l&#8217;esdeveniment<\/p>\n<p>#FESTES D&#8217;ESTIU LA BAIA<br \/>\n&#x1f4c6; Del 24 d&#8217;agost al 5 de setembre<br \/>\n&#x23f0; De 14.00 a 05.00 h<br \/>\n&#x1f4cd;Recinte fester (poliesportiu la Baia)<br \/>\n&#x1f6ab; Al C\/ La Festa, tram compr\u00e9s entre l&#8217;Av. del Camp d&#8217;Elx i els Alemany i des de les 07.00 h al C\/ L&#8217;Escola, tram entre els carrers: Mol\u00ed i Camp d&#8217;Elx<br \/>\n&#x26d4;&#xfe0f; Cap a l&#8217;esdeveniment<\/p>\n<p>#FESTIVAL HAVANERES PINET<br \/>\n&#x1f4c6; 28 d&#8217;agost<br \/>\n&#x23f0; De 21.00 a 23.00 h<br \/>\n&#x1f4cd;Zona d&#8217;estacionament C\/ Irlanda, al costat de l&#8217;antic c\u00e0mping municipal del Pinet<br \/>\n&#x1f6ab; Des de les 13.00 h del dia 27 d&#8217;agost, en el lloc ressenyat<br \/>\n&#x26d4;&#xfe0f; Cap a l&#8217;esdeveniment<\/p>\n","protected":false},"excerpt":{"rendered":"<p>#TANCAMENT PLA\u00c7A SANT CRISP\u00cd &#x1f4c6; Del 26 de juny al 13 d&#8217;octubre &#x23f0; Els divendres a partir de les 17.00 h i fins a les 06.00 h dels dilluns &#x1f4cd;Pla\u00e7a [&hellip;]<\/p>\n","protected":false},"author":139,"featured_media":362339,"comment_status":"closed","ping_status":"closed","sticky":false,"template":"","format":"standard","meta":{"footnotes":""},"categories":[882,3475],"tags":[],"class_list":["post-362489","post","type-post","status-publish","format-standard","has-post-thumbnail","hentry","category-incidencies-i-avisos","category-talls-de-carrer"],"_links":{"self":[{"href":"https:\/\/www.elche.es\/va\/wp-json\/wp\/v2\/posts\/362489","targetHints":{"allow":["GET"]}}],"collection":[{"href":"https:\/\/www.elche.es\/va\/wp-json\/wp\/v2\/posts"}],"about":[{"href":"https:\/\/www.elche.es\/va\/wp-json\/wp\/v2\/types\/post"}],"author":[{"embeddable":true,"href":"https:\/\/www.elche.es\/va\/wp-json\/wp\/v2\/users\/139"}],"replies":[{"embeddable":true,"href":"https:\/\/www.elche.es\/va\/wp-json\/wp\/v2\/comments?post=362489"}],"version-history":[{"count":0,"href":"https:\/\/www.elche.es\/va\/wp-json\/wp\/v2\/posts\/362489\/revisions"}],"wp:featuredmedia":[{"embeddable":true,"href":"https:\/\/www.elche.es\/va\/wp-json\/wp\/v2\/media\/362339"}],"wp:attachment":[{"href":"https:\/\/www.elche.es\/va\/wp-json\/wp\/v2\/media?parent=362489"}],"wp:term":[{"taxonomy":"category","embeddable":true,"href":"https:\/\/www.elche.es\/va\/wp-json\/wp\/v2\/categories?post=362489"},{"taxonomy":"post_tag","embeddable":true,"href":"https:\/\/www.elche.es\/va\/wp-json\/wp\/v2\/tags?post=362489"}],"curies":[{"name":"wp","href":"https:\/\/api.w.org\/{rel}","templated":true}]}}