{"id":362490,"date":"2026-08-31T10:53:12","date_gmt":"2026-08-31T08:53:12","guid":{"rendered":"https:\/\/www.elche.es\/2026\/08\/el-21-dels-usuaris-de-les-biblioteques-municipals-es-public-infantil\/"},"modified":"2026-08-31T10:53:20","modified_gmt":"2026-08-31T08:53:20","slug":"el-21-dels-usuaris-de-les-biblioteques-municipals-es-public-infantil","status":"publish","type":"post","link":"https:\/\/www.elche.es\/va\/2026\/08\/el-21-dels-usuaris-de-les-biblioteques-municipals-es-public-infantil\/","title":{"rendered":"El 21 % dels usuaris de les biblioteques municipals \u00e9s p\u00fablic infantil"},"content":{"rendered":"<div class=\"wpb-content-wrapper\"><p>[vc_row el_id=&#8221;SUBTITULAR_NOTICIA&#8221;][vc_column][vc_column_text css=&#8221;&#8221;]<\/p>\n<hr \/>\n<h4>Un de cada cinc usuaris s\u00f3n menors de 14 anys, una xifra que reflectix l&#8217;\u00e8xit dels programes d&#8217;animaci\u00f3 a la lectura entre els m\u00e9s joves<\/h4>\n<hr \/>\n<p>[\/vc_column_text][\/vc_column][\/vc_row][vc_row el_id=&#8221;TEXTO_NOTICIA&#8221;][vc_column][vc_column_text css=&#8221;&#8221;]<strong>Les biblioteques municipals d&#8217;Elx<\/strong> tanquen els primers sis mesos de l&#8217;any amb m\u00e9s de <strong>84.000 usuaris<\/strong>, dels quals el 21,07 % representen el p\u00fablic infantil, menor de 14 anys, i el 78,93 % correspon al p\u00fablic adult. Unes xifres que consoliden estos espais culturals com a punt de trobada clau per a tota la ciutadania il\u00b7licitana.<\/p>\n<p>Un total de <strong>17.769 xiquets i xiquetes van acudir a les instal\u00b7lacions municipals<\/strong> durant el primer semestre de l&#8217;any, una destacada participaci\u00f3 infantil que, segons ha explicat la regidora de Biblioteques, Loli Serna, \u00abavala l&#8217;\u00e8xit de les activitats d&#8217;animaci\u00f3 lectora que es posen en marxa al llarg de tot l&#8217;any relacionades amb els contacontes, tallers familiars, presentacions de llibres o, en general, l&#8217;\u00fas de les sales infantils i de les sales d&#8217;estudi per als m\u00e9s joves\u00bb.<\/p>\n<p>D&#8217;altra banda, les dades d&#8217;usuaris reflectixen una comunitat lectora activa i un clar protagonisme del p\u00fablic femen\u00ed, ja que, dels <strong>84.318 usuaris totals en este primer semestre de l&#8217;any<\/strong>, el 44,31 % s\u00f3n dones majors de 14 anys, 37.362. Este grup supera en quasi 10 punts, un 9,69 %, el dels h\u00f2mens majors de 14 anys, que representen el 34,62 % i un total de 29.187.[\/vc_column_text][\/vc_column][\/vc_row][vc_row el_id=&#8221;DESTACADO_NOTICIA&#8221;][vc_column][vc_column_text css=&#8221;&#8221; el_class=&#8221;cuadronoticia&#8221;]<\/p>\n<h5>Durant els primers sis mesos de l&#8217;any este servici cultural tanca amb m\u00e9s de 84.000 usuaris<\/h5>\n<p>[\/vc_column_text][\/vc_column][\/vc_row][vc_row el_id=&#8221;TEXTO_FIN_NOTICIA&#8221;][vc_column][vc_column_text css=&#8221;&#8221;]En este sentit, des de les biblioteques municipals continuen amb la tasca i l&#8217;objectiu d&#8217;oferir espais intergeneracionals clau en l&#8217;educaci\u00f3 i l&#8217;oci cultural local.<\/p>\n<hr \/>\n<p>[\/vc_column_text][\/vc_column][\/vc_row]<\/p>\n<\/div>","protected":false},"excerpt":{"rendered":"<p>[vc_row el_id=&#8221;SUBTITULAR_NOTICIA&#8221;][vc_column][vc_column_text css=&#8221;&#8221;] Un de cada cinc usuaris s\u00f3n menors de 14 anys, una xifra que reflectix l&#8217;\u00e8xit dels programes d&#8217;animaci\u00f3 a la lectura entre els m\u00e9s joves [\/vc_column_text][\/vc_column][\/vc_row][vc_row el_id=&#8221;TEXTO_NOTICIA&#8221;][vc_column][vc_column_text [&hellip;]<\/p>\n","protected":false},"author":198,"featured_media":149219,"comment_status":"closed","ping_status":"closed","sticky":false,"template":"","format":"standard","meta":{"footnotes":""},"categories":[181,391,1312],"tags":[],"class_list":["post-362490","post","type-post","status-publish","format-standard","has-post-thumbnail","hentry","category-biblioteques-va","category-home-va","category-noticias-va"],"_links":{"self":[{"href":"https:\/\/www.elche.es\/va\/wp-json\/wp\/v2\/posts\/362490","targetHints":{"allow":["GET"]}}],"collection":[{"href":"https:\/\/www.elche.es\/va\/wp-json\/wp\/v2\/posts"}],"about":[{"href":"https:\/\/www.elche.es\/va\/wp-json\/wp\/v2\/types\/post"}],"author":[{"embeddable":true,"href":"https:\/\/www.elche.es\/va\/wp-json\/wp\/v2\/users\/198"}],"replies":[{"embeddable":true,"href":"https:\/\/www.elche.es\/va\/wp-json\/wp\/v2\/comments?post=362490"}],"version-history":[{"count":2,"href":"https:\/\/www.elche.es\/va\/wp-json\/wp\/v2\/posts\/362490\/revisions"}],"predecessor-version":[{"id":362492,"href":"https:\/\/www.elche.es\/va\/wp-json\/wp\/v2\/posts\/362490\/revisions\/362492"}],"wp:featuredmedia":[{"embeddable":true,"href":"https:\/\/www.elche.es\/va\/wp-json\/wp\/v2\/media\/149219"}],"wp:attachment":[{"href":"https:\/\/www.elche.es\/va\/wp-json\/wp\/v2\/media?parent=362490"}],"wp:term":[{"taxonomy":"category","embeddable":true,"href":"https:\/\/www.elche.es\/va\/wp-json\/wp\/v2\/categories?post=362490"},{"taxonomy":"post_tag","embeddable":true,"href":"https:\/\/www.elche.es\/va\/wp-json\/wp\/v2\/tags?post=362490"}],"curies":[{"name":"wp","href":"https:\/\/api.w.org\/{rel}","templated":true}]}}