{"id":362507,"date":"2026-08-31T12:31:20","date_gmt":"2026-08-31T10:31:20","guid":{"rendered":"https:\/\/www.elche.es\/2026\/08\/avancen-a-bon-ritme-les-obres-de-reurbanitzacio-de-lentorn-del-martinez-valero\/"},"modified":"2026-08-31T12:31:31","modified_gmt":"2026-08-31T10:31:31","slug":"avancen-a-bon-ritme-les-obres-de-reurbanitzacio-de-lentorn-del-martinez-valero","status":"publish","type":"post","link":"https:\/\/www.elche.es\/va\/2026\/08\/avancen-a-bon-ritme-les-obres-de-reurbanitzacio-de-lentorn-del-martinez-valero\/","title":{"rendered":"Avancen a bon ritme les obres de reurbanitzaci\u00f3 de l&#8217;entorn del Mart\u00ednez Valero"},"content":{"rendered":"<div class=\"wpb-content-wrapper\"><p>[vc_row el_id=&#8221;SUBTITULAR_NOTICIA&#8221;][vc_column][vc_column_text css=&#8221;&#8221;]<\/p>\n<hr \/>\n<h4>Durant el desenvolupament dels treballs, l&#8217;afici\u00f3 podr\u00e0 aparcar quasi amb total normalitat en les zones habilitades per a acudir als partits de l&#8217;Elx CF<\/h4>\n<hr \/>\n<p>[\/vc_column_text][\/vc_column][\/vc_row][vc_row el_id=&#8221;TEXTO_NOTICIA&#8221;][vc_column][vc_column_text css=&#8221;&#8221;]Els treballs de reurbanitzaci\u00f3 de tot l&#8217;entorn de l&#8217;estadi <strong>Mart\u00ednez Valero<\/strong> continuen a bon ritme amb l&#8217;objectiu de transformar de manera integral un dels principals accessos urbans al recinte esportiu i als sectors de creixement residencial i industrial de la zona, amb la vista posada a completar l&#8217;execuci\u00f3 de les obres abans de final d&#8217;any.<\/p>\n<p><strong>El regidor d&#8217;Estrat\u00e8gia Municipal<\/strong>, <strong>Francisco Soler<\/strong>, ha assenyalat que esta gran actuaci\u00f3 de prop de 25.000 metres quadrats i 3,2 milions d&#8217;euros d&#8217;inversi\u00f3 compr\u00e9n la creaci\u00f3 de nous vials, dos glorietes, \u00e0mplies voreres accessibles, mitjanes enjardinades, nova il\u00b7luminaci\u00f3, mobiliari urb\u00e0 i zones d&#8217;aparcament.<\/p>\n<p>D&#8217;esta manera, es pret\u00e9n millorar de manera notable la mobilitat i la seguretat tant en el dia a dia com durant els partits de l&#8217;<strong>Elx CF<\/strong> i els grans esdeveniments celebrats en este entorn. En este sentit, <strong>Soler<\/strong> ha indicat que de cara als primers partits de Lliga que coincidisquen amb el desenvolupament de les obres, i m\u00e9s concretament la trobada de diumenge dia 23 d&#8217;agost davant del <strong>FC Barcelona<\/strong>, l&#8217;afici\u00f3 franjiverda podr\u00e0 aparcar quasi amb total normalitat en els llocs habituals.[\/vc_column_text][vc_single_image image=&#8221;362347&#8243; img_size=&#8221;full&#8221; onclick=&#8221;link_image&#8221; css=&#8221;&#8221; el_class=&#8221;fotounicanoticia&#8221;][\/vc_column][\/vc_row][vc_row el_id=&#8221;DESTACADO_NOTICIA&#8221;][vc_column][vc_column_text css=&#8221;&#8221; el_class=&#8221;cuadronoticia&#8221;]<\/p>\n<h5>L&#8217;actuaci\u00f3 transformar\u00e0 prop de 25.000 metres quadrats amb noves avingudes, dos glorietes, \u00e0mplies voreres, mitjanes enjardinades i m\u00e9s il\u00b7luminaci\u00f3<\/h5>\n<p>[\/vc_column_text][\/vc_column][\/vc_row][vc_row el_id=&#8221;TEXTO_FIN_NOTICIA&#8221;][vc_column][vc_column_text css=&#8221;&#8221;]A m\u00e9s, s&#8217;establix un servici especial de transport p\u00fablic. En concret, es reforcen les l\u00ednies <strong>F<\/strong>, <strong>K1<\/strong> i <strong>K2<\/strong> per a l&#8217;entrada, i per a l&#8217;eixida des de la <strong>parada 356<\/strong> i <strong>320<\/strong> amb recorregut espec\u00edfic cap a la zona centre, fins a mitja hora despr\u00e9s de la finalitzaci\u00f3 del partit.<\/p>\n<p>Aix\u00ed, durant l&#8217;execuci\u00f3 de les diverses fases de l&#8217;obra s&#8217;establiran els possibles desviaments de tr\u00e0nsit i senyalitzacions provisionals amb la idea d&#8217;ocasionar les menors mol\u00e8sties possibles als aficionats de cara a les diverses trobades.<\/p>\n<p>El regidor de l&#8217;\u00e0rea ha recordat que una de les principals actuacions ser\u00e0 la construcci\u00f3 de l&#8217;<strong>avinguda de Manuel Mart\u00ednez Valero<\/strong>, un nou vial de vora <strong>375 metres de llarg<\/strong> i una plataforma de 26 metres que comptar\u00e0 amb quatre carrils, una mitjana central i voreres a banda i banda.<\/p>\n<p>Al mateix temps, s&#8217;executar\u00e0 l&#8217;avinguda <strong>Jos\u00e9 Esquitino Sempere<\/strong>, d&#8217;uns <strong>410 metres de llarg<\/strong>, tamb\u00e9 amb quatre carrils de circulaci\u00f3, mitjana central, aparcaments en l\u00ednia i una albereda per als vianants de 10 metres d&#8217;ampl\u00e0ria. L&#8217;actuaci\u00f3 arribar\u00e0 fins al l\u00edmit del <strong>sector E-24<\/strong>, on la continu\u00eftat de la vorera quedar\u00e0 vinculada al futur desenvolupament urban\u00edstic. El projecte incorpora dos noves glorietes que permetran millorar la distribuci\u00f3 del tr\u00e0nsit, augmentar la seguretat vi\u00e0ria i facilitar els accessos a l&#8217;estadi.<\/p>\n<hr \/>\n<p>[\/vc_column_text][\/vc_column][\/vc_row][vc_row][vc_column width=&#8221;1\/6&#8243;][\/vc_column][vc_column width=&#8221;2\/3&#8243;]<audio class=\"sc_audio\" src=\"https:\/\/soundcloud.com\/ayuntamiento-de-elche\/avanzan-a-buen-ritmo-las-obras\" width=\"\" height=\"\" style=\"````\"><\/audio>[\/vc_column][vc_column width=&#8221;1\/6&#8243;][\/vc_column][\/vc_row]<\/p>\n<\/div>","protected":false},"excerpt":{"rendered":"<p>[vc_row el_id=&#8221;SUBTITULAR_NOTICIA&#8221;][vc_column][vc_column_text css=&#8221;&#8221;] Durant el desenvolupament dels treballs, l&#8217;afici\u00f3 podr\u00e0 aparcar quasi amb total normalitat en les zones habilitades per a acudir als partits de l&#8217;Elx CF [\/vc_column_text][\/vc_column][\/vc_row][vc_row el_id=&#8221;TEXTO_NOTICIA&#8221;][vc_column][vc_column_text css=&#8221;&#8221;]Els [&hellip;]<\/p>\n","protected":false},"author":198,"featured_media":362346,"comment_status":"closed","ping_status":"closed","sticky":false,"template":"","format":"standard","meta":{"footnotes":""},"categories":[391,1312,210,1277],"tags":[],"class_list":["post-362507","post","type-post","status-publish","format-standard","has-post-thumbnail","hentry","category-home-va","category-noticias-va","category-urbanisme-va","category-via-publica-va"],"_links":{"self":[{"href":"https:\/\/www.elche.es\/va\/wp-json\/wp\/v2\/posts\/362507","targetHints":{"allow":["GET"]}}],"collection":[{"href":"https:\/\/www.elche.es\/va\/wp-json\/wp\/v2\/posts"}],"about":[{"href":"https:\/\/www.elche.es\/va\/wp-json\/wp\/v2\/types\/post"}],"author":[{"embeddable":true,"href":"https:\/\/www.elche.es\/va\/wp-json\/wp\/v2\/users\/198"}],"replies":[{"embeddable":true,"href":"https:\/\/www.elche.es\/va\/wp-json\/wp\/v2\/comments?post=362507"}],"version-history":[{"count":2,"href":"https:\/\/www.elche.es\/va\/wp-json\/wp\/v2\/posts\/362507\/revisions"}],"predecessor-version":[{"id":362509,"href":"https:\/\/www.elche.es\/va\/wp-json\/wp\/v2\/posts\/362507\/revisions\/362509"}],"wp:featuredmedia":[{"embeddable":true,"href":"https:\/\/www.elche.es\/va\/wp-json\/wp\/v2\/media\/362346"}],"wp:attachment":[{"href":"https:\/\/www.elche.es\/va\/wp-json\/wp\/v2\/media?parent=362507"}],"wp:term":[{"taxonomy":"category","embeddable":true,"href":"https:\/\/www.elche.es\/va\/wp-json\/wp\/v2\/categories?post=362507"},{"taxonomy":"post_tag","embeddable":true,"href":"https:\/\/www.elche.es\/va\/wp-json\/wp\/v2\/tags?post=362507"}],"curies":[{"name":"wp","href":"https:\/\/api.w.org\/{rel}","templated":true}]}}