{"id":362510,"date":"2026-08-31T12:54:26","date_gmt":"2026-08-31T10:54:26","guid":{"rendered":"https:\/\/www.elche.es\/2026\/08\/elx-custodia-mes-de-cinc-segles-dhistoria-escrita-a-la-biblioteca-pere-ibarra\/"},"modified":"2026-08-31T12:54:34","modified_gmt":"2026-08-31T10:54:34","slug":"elx-custodia-mes-de-cinc-segles-dhistoria-escrita-a-la-biblioteca-pere-ibarra","status":"publish","type":"post","link":"https:\/\/www.elche.es\/va\/2026\/08\/elx-custodia-mes-de-cinc-segles-dhistoria-escrita-a-la-biblioteca-pere-ibarra\/","title":{"rendered":"Elx custodia m\u00e9s de cinc segles d&#8217;hist\u00f2ria escrita a la biblioteca Pere Ibarra"},"content":{"rendered":"<div class=\"wpb-content-wrapper\"><p>[vc_row el_id=&#8221;SUBTITULAR_NOTICIA&#8221;][vc_column][vc_column_text css=&#8221;&#8221;]<\/p>\n<hr \/>\n<h4>Este espai conserva un selecte grup d&#8217;incunables des de 1486 i valuosos volums dels segles XVI i XVII, a m\u00e9s de premsa hist\u00f2rica amb m\u00e9s d&#8217;un centenar de cap\u00e7aleres originals<\/h4>\n<hr \/>\n<p>[\/vc_column_text][\/vc_column][\/vc_row][vc_row el_id=&#8221;TEXTO_NOTICIA&#8221;][vc_column][vc_column_text css=&#8221;&#8221;]<strong>La biblioteca central Pere Ibarra<\/strong> consolida el seu tresor bibliogr\u00e0fic com un dels pilars del patrimoni hist\u00f2ric del municipi a trav\u00e9s de col\u00b7leccions especials que inclouen aut\u00e8ntiques joies impreses que abracen des del <strong>segle XV<\/strong> fins a l&#8217;actualitat. Un espai que conserva m\u00e9s de cinc segles d&#8217;hist\u00f2ria escrita de gran valor, amb obres impreses que daten de <strong>1486<\/strong>, valuosos volums i premsa hist\u00f2rica amb m\u00e9s d&#8217;un centenar de cap\u00e7aleres originals.<\/p>\n<p>Un valu\u00f3s fons documental que custodia la mem\u00f2ria col\u00b7lectiva il\u00b7licitana i es posiciona com un recurs de valor incalculable per a investigadors i curiosos de tot el m\u00f3n, amb milers de documents datats a partir del <strong>segle XV<\/strong>.<\/p>\n<p>D&#8217;una banda, el <strong>fons antic<\/strong> destaca per la seua raresa i antiguitat. En este sentit, la biblioteca custodia un selecte conjunt de deu incunables (obres impreses des de 1486) i m\u00e9s de 170 valuosos volums dels segles <strong>XVI<\/strong> i <strong>XVII<\/strong>. Una part important d&#8217;estos exemplars procedix directament de les desamortitzacions dels convents il\u00b7licitans, i d&#8217;esta manera salvaguarda un patrimoni religi\u00f3s i intel\u00b7lectual que d&#8217;una altra manera s&#8217;hauria perdut.[\/vc_column_text][vc_single_image image=&#8221;362379&#8243; img_size=&#8221;full&#8221; onclick=&#8221;link_image&#8221; css=&#8221;&#8221; el_class=&#8221;fotounicanoticia&#8221;][\/vc_column][\/vc_row][vc_row el_id=&#8221;DESTACADO_NOTICIA&#8221;][vc_column][vc_column_text css=&#8221;&#8221; el_class=&#8221;cuadronoticia&#8221;]<\/p>\n<h5>L&#8217;arxiu consolida el seu tresor bibliogr\u00e0fic com un dels pilars del patrimoni hist\u00f2ric del municipi<\/h5>\n<p>[\/vc_column_text][\/vc_column][\/vc_row][vc_row el_id=&#8221;TEXTO_FIN_NOTICIA&#8221;][vc_column][vc_column_text css=&#8221;&#8221;]Per a facilitar-ne l&#8217;acc\u00e9s, la biblioteca compta amb eines de refer\u00e8ncia fonamentals de la m\u00e0 de Carmen Guti\u00e9rrez Cardona i Rafael Navarro Mallebrera: el Cat\u00e0leg d&#8217;incunables i impresos del segle XVI i el Cat\u00e0leg d&#8217;impresos del segle XVII. Ambdues obres, digitalitzades i disponibles a trav\u00e9s del web de la biblioteca, permeten mapar l&#8217;origen i les caracter\u00edstiques f\u00edsiques d&#8217;estes peces \u00faniques.<\/p>\n<p>La resta de documents (segles XVIII, XIX i XX) es poden localitzar a trav\u00e9s del cat\u00e0leg de la biblioteca i en cada fitxa est\u00e0 consignat l&#8217;origen o proced\u00e8ncia de l&#8217;exemplar. Este \u00e9s el cas de llibres i documents d&#8217;associacions i partits pol\u00edtics del primer ter\u00e7 del segle XX de l&#8217;Institut Nacional de Segona Ensenyan\u00e7a d&#8217;Elx (1931-1939); el Grup Escolar de Xiquets (Escoles Graduades, inaugurades en 1931) i llibres que van passar a formar part de l&#8217;antiga Biblioteca Municipal, inaugurada en 1939, com els procedents de l&#8217;Institut d&#8217;Estudis Africans (IDEA), instrument del colonialisme franquista creat en 1945, i que van ser repartits entre les biblioteques p\u00fabliques del territori espanyol.<\/p>\n<p>El valor patrimonial del centre tamb\u00e9 est\u00e0 lligat a la figura de l&#8217;arxiver, bibliotecari i investigador local <strong>Pere Ibarra<\/strong> <strong>Ruiz<\/strong>, ja que la seua tasca de recol\u00b7lecci\u00f3 i col\u00b7leccionisme va permetre l&#8217;arribada a la biblioteca de valuoses monografies, gravats, dibuixos i cap\u00e7aleres de premsa, reconeixibles pel seu segell personal.<\/p>\n<p>D&#8217;esta manera, la secci\u00f3 de <strong>Premsa Hist\u00f2rica<\/strong> conserva m\u00e9s d&#8217;un centenar de cap\u00e7aleres originals, entre les quals cal destacar el primer exemplar de la premsa local: <em>El Agorero<\/em>, editat l&#8217;any 1836. Estos peri\u00f2dics del segle XIX reflectixen els canvis pol\u00edtics, els debats socials i el naixement de la identitat period\u00edstica il\u00b7licitana.<\/p>\n<p>Des de les <strong>biblioteques municipals<\/strong>, conscients de la necessitat d&#8217;equilibrar la conservaci\u00f3 f\u00edsica i la difusi\u00f3 global, conviden la ciutadania a explorar la secci\u00f3 <strong>Investiga de les biblioteques d&#8217;Elx<\/strong>. Este portal web unifica l&#8217;acc\u00e9s a les seues col\u00b7leccions especials i fons digitalitzats com la <strong>Biblioteca Digital<\/strong> o el <strong>Fons dels Germans Ibarra<\/strong>.<\/p>\n<p>A m\u00e9s, gr\u00e0cies a un conveni de digitalitzaci\u00f3 amb el <strong>Ministeri de Cultura<\/strong>, investigadors de tot el m\u00f3n poden consultar 112 cap\u00e7aleres hist\u00f2riques il\u00b7licitanes a trav\u00e9s de la <strong>Biblioteca Virtual de Premsa Hist\u00f2rica<\/strong>, que garantix que la mem\u00f2ria d&#8217;<strong>Elx<\/strong> romanga viva, accessible i protegida davant el pas del temps.<\/p>\n<hr \/>\n<p>[\/vc_column_text][\/vc_column][\/vc_row]<\/p>\n<\/div>","protected":false},"excerpt":{"rendered":"<p>[vc_row el_id=&#8221;SUBTITULAR_NOTICIA&#8221;][vc_column][vc_column_text css=&#8221;&#8221;] Este espai conserva un selecte grup d&#8217;incunables des de 1486 i valuosos volums dels segles XVI i XVII, a m\u00e9s de premsa hist\u00f2rica amb m\u00e9s d&#8217;un centenar [&hellip;]<\/p>\n","protected":false},"author":198,"featured_media":362378,"comment_status":"closed","ping_status":"closed","sticky":false,"template":"","format":"standard","meta":{"footnotes":""},"categories":[193,391,454,1312],"tags":[],"class_list":["post-362510","post","type-post","status-publish","format-standard","has-post-thumbnail","hentry","category-cultura-va","category-home-va","category-museus","category-noticias-va"],"_links":{"self":[{"href":"https:\/\/www.elche.es\/va\/wp-json\/wp\/v2\/posts\/362510","targetHints":{"allow":["GET"]}}],"collection":[{"href":"https:\/\/www.elche.es\/va\/wp-json\/wp\/v2\/posts"}],"about":[{"href":"https:\/\/www.elche.es\/va\/wp-json\/wp\/v2\/types\/post"}],"author":[{"embeddable":true,"href":"https:\/\/www.elche.es\/va\/wp-json\/wp\/v2\/users\/198"}],"replies":[{"embeddable":true,"href":"https:\/\/www.elche.es\/va\/wp-json\/wp\/v2\/comments?post=362510"}],"version-history":[{"count":2,"href":"https:\/\/www.elche.es\/va\/wp-json\/wp\/v2\/posts\/362510\/revisions"}],"predecessor-version":[{"id":362512,"href":"https:\/\/www.elche.es\/va\/wp-json\/wp\/v2\/posts\/362510\/revisions\/362512"}],"wp:featuredmedia":[{"embeddable":true,"href":"https:\/\/www.elche.es\/va\/wp-json\/wp\/v2\/media\/362378"}],"wp:attachment":[{"href":"https:\/\/www.elche.es\/va\/wp-json\/wp\/v2\/media?parent=362510"}],"wp:term":[{"taxonomy":"category","embeddable":true,"href":"https:\/\/www.elche.es\/va\/wp-json\/wp\/v2\/categories?post=362510"},{"taxonomy":"post_tag","embeddable":true,"href":"https:\/\/www.elche.es\/va\/wp-json\/wp\/v2\/tags?post=362510"}],"curies":[{"name":"wp","href":"https:\/\/api.w.org\/{rel}","templated":true}]}}