{"id":362549,"date":"2026-09-01T11:50:48","date_gmt":"2026-09-01T09:50:48","guid":{"rendered":"https:\/\/www.elche.es\/2026\/09\/el-sindic-de-greuges-confirma-la-transparencia-del-govern-municipal\/"},"modified":"2026-09-01T11:51:22","modified_gmt":"2026-09-01T09:51:22","slug":"el-sindic-de-greuges-confirma-la-transparencia-del-govern-municipal","status":"publish","type":"post","link":"https:\/\/www.elche.es\/va\/2026\/09\/el-sindic-de-greuges-confirma-la-transparencia-del-govern-municipal\/","title":{"rendered":"El S\u00edndic de Greuges confirma la transpar\u00e8ncia del govern municipal"},"content":{"rendered":"<div class=\"wpb-content-wrapper\"><p>[vc_row el_id=&#8221;SUBTITULAR_NOTICIA&#8221;][vc_column][vc_column_text css=&#8221;&#8221;]<\/p>\n<hr \/>\n<h4>La instituci\u00f3 valenciana ha arxivat la den\u00fancia interposada contra l&#8217;Ajuntament despr\u00e9s de verificar que s&#8217;ha facilitat tota la informaci\u00f3 p\u00fablica sol\u00b7licitada<\/h4>\n<hr \/>\n<p>[\/vc_column_text][\/vc_column][\/vc_row][vc_row el_id=&#8221;TEXTO_NOTICIA&#8221;][vc_column][vc_column_text css=&#8221;&#8221;]<strong>El S\u00edndic de Greuges<\/strong> ha arxivat la den\u00fancia presentada contra l&#8217;<strong>Ajuntament d&#8217;Elx<\/strong> respecte de la falta de resposta a diferents sol\u00b7licituds d&#8217;informaci\u00f3 p\u00fablica presentades entre els mesos de mar\u00e7 i maig d&#8217;enguany i confirma la transpar\u00e8ncia d&#8217;este govern municipal.<\/p>\n<p><strong>La portaveu del govern municipal<\/strong>, <strong>Inma Mora<\/strong>, ha assenyalat que \u00ablluny de les den\u00fancies presentades, el tancament d&#8217;este expedient per part del S\u00edndic de Greuges ens dona la ra\u00f3 i confirma la bona tasca duta a terme per este govern municipal en mat\u00e8ria d&#8217;informaci\u00f3 i la total transpar\u00e8ncia en la documentaci\u00f3 requerida\u00bb.<\/p>\n<p>En este sentit, ha deixat clar que \u00absom un govern transparent i el mateix <strong>S\u00edndic de Greuges<\/strong> ens ha donat la ra\u00f3\u00bb.[\/vc_column_text][\/vc_column][\/vc_row][vc_row el_id=&#8221;DESTACADO_NOTICIA&#8221;][vc_column][vc_column_text css=&#8221;&#8221; el_class=&#8221;cuadronoticia&#8221;]<\/p>\n<h5>Segons la portaveu, Inma Mora, el tancament de l&#8217;expedient confirma la bona tasca en l&#8217;acc\u00e9s a les dades requerides<\/h5>\n<p>[\/vc_column_text][\/vc_column][\/vc_row][vc_row el_id=&#8221;TEXTO_FIN_NOTICIA&#8221;][vc_column][vc_column_text css=&#8221;&#8221;]Esta instituci\u00f3 considera que l&#8217;<strong>Ajuntament d&#8217;Elx<\/strong> ha facilitat la informaci\u00f3 sol\u00b7licitada mitjan\u00e7ant els escrits presentats en els mesos de mar\u00e7 i maig i, per tant, acorda el tancament del present expedient de queixa.<\/p>\n<p>Aix\u00ed mateix, ha apuntat que quasi la totalitat de les prop de <strong>600 peticions d&#8217;informaci\u00f3<\/strong> i sol\u00b7licituds de registres d&#8217;entrada i eixida des de l&#8217;<strong>1 de setembre de 2025<\/strong> fins a <strong>juliol de 2026<\/strong>, moltes de les quals repetides, han sigut contestades per part d&#8217;este govern municipal.<\/p>\n<hr \/>\n<p>[\/vc_column_text][\/vc_column][\/vc_row]<\/p>\n<\/div>","protected":false},"excerpt":{"rendered":"<p>[vc_row el_id=&#8221;SUBTITULAR_NOTICIA&#8221;][vc_column][vc_column_text css=&#8221;&#8221;] La instituci\u00f3 valenciana ha arxivat la den\u00fancia interposada contra l&#8217;Ajuntament despr\u00e9s de verificar que s&#8217;ha facilitat tota la informaci\u00f3 p\u00fablica sol\u00b7licitada [\/vc_column_text][\/vc_column][\/vc_row][vc_row el_id=&#8221;TEXTO_NOTICIA&#8221;][vc_column][vc_column_text css=&#8221;&#8221;]El S\u00edndic de Greuges [&hellip;]<\/p>\n","protected":false},"author":198,"featured_media":297695,"comment_status":"closed","ping_status":"closed","sticky":false,"template":"","format":"standard","meta":{"footnotes":""},"categories":[391,1312,301],"tags":[],"class_list":["post-362549","post","type-post","status-publish","format-standard","has-post-thumbnail","hentry","category-home-va","category-noticias-va","category-transparencia-va"],"_links":{"self":[{"href":"https:\/\/www.elche.es\/va\/wp-json\/wp\/v2\/posts\/362549","targetHints":{"allow":["GET"]}}],"collection":[{"href":"https:\/\/www.elche.es\/va\/wp-json\/wp\/v2\/posts"}],"about":[{"href":"https:\/\/www.elche.es\/va\/wp-json\/wp\/v2\/types\/post"}],"author":[{"embeddable":true,"href":"https:\/\/www.elche.es\/va\/wp-json\/wp\/v2\/users\/198"}],"replies":[{"embeddable":true,"href":"https:\/\/www.elche.es\/va\/wp-json\/wp\/v2\/comments?post=362549"}],"version-history":[{"count":2,"href":"https:\/\/www.elche.es\/va\/wp-json\/wp\/v2\/posts\/362549\/revisions"}],"predecessor-version":[{"id":362551,"href":"https:\/\/www.elche.es\/va\/wp-json\/wp\/v2\/posts\/362549\/revisions\/362551"}],"wp:featuredmedia":[{"embeddable":true,"href":"https:\/\/www.elche.es\/va\/wp-json\/wp\/v2\/media\/297695"}],"wp:attachment":[{"href":"https:\/\/www.elche.es\/va\/wp-json\/wp\/v2\/media?parent=362549"}],"wp:term":[{"taxonomy":"category","embeddable":true,"href":"https:\/\/www.elche.es\/va\/wp-json\/wp\/v2\/categories?post=362549"},{"taxonomy":"post_tag","embeddable":true,"href":"https:\/\/www.elche.es\/va\/wp-json\/wp\/v2\/tags?post=362549"}],"curies":[{"name":"wp","href":"https:\/\/api.w.org\/{rel}","templated":true}]}}