{"id":362552,"date":"2026-09-01T11:59:23","date_gmt":"2026-09-01T09:59:23","guid":{"rendered":"https:\/\/www.elche.es\/2026\/09\/nova-convocatoria-dajudes-a-jovens-per-a-obtindre-el-titol-dangles-a-partir-de-l1-de-setembre\/"},"modified":"2026-09-01T14:00:11","modified_gmt":"2026-09-01T12:00:11","slug":"nova-convocatoria-dajudes-a-jovens-per-a-obtindre-el-titol-dangles-a-partir-de-l1-de-setembre","status":"publish","type":"post","link":"https:\/\/www.elche.es\/va\/2026\/09\/nova-convocatoria-dajudes-a-jovens-per-a-obtindre-el-titol-dangles-a-partir-de-l1-de-setembre\/","title":{"rendered":"Nova convocat\u00f2ria d&#8217;ajudes a j\u00f3vens per a obtindre el t\u00edtol d&#8217;angl\u00e9s a partir de l&#8217;1 de setembre"},"content":{"rendered":"<div class=\"wpb-content-wrapper\"><p>[vc_row el_id=&#8221;SUBTITULAR_NOTICIA&#8221;][vc_column][vc_column_text css=&#8221;&#8221;]<\/p>\n<hr \/>\n<h4>El termini de sol\u00b7licitud es perllonga fins al 30 del pr\u00f2xim mes i enguany s&#8217;incrementa l&#8217;import a cada sol\u00b7licitant fins als 120 euros<\/h4>\n<hr \/>\n<h4><\/h4>\n<p>[\/vc_column_text][\/vc_column][\/vc_row][vc_row el_id=&#8221;TEXTO_NOTICIA&#8221;][vc_column][vc_column_text css=&#8221;&#8221;]El pr\u00f2xim 1 de setembre comen\u00e7a el termini de sol\u00b7licitud d&#8217;ajudes per a sufragar part dels gastos de l&#8217;obtenci\u00f3 de l&#8217;acreditaci\u00f3 dels nivells de compet\u00e8ncies ling\u00fc\u00edstiques B1, B2, C1 i C2 d&#8217;angl\u00e9s per als j\u00f3vens entre 18 i 30 anys, i es perllongar\u00e0 fins al 30 de setembre.<\/p>\n<p>En la convocat\u00f2ria d&#8217;enguany s&#8217;incrementa l&#8217;import de l&#8217;ajuda a cada sol\u00b7licitant, que passa de 100 a 120 euros, per a cadascun dels j\u00f3vens que acrediten el t\u00edtol d&#8217;angl\u00e9s obtingut entre el 16 de setembre de 2025 i el 15 de setembre de 2026.<\/p>\n<p>La partida ascendix a un total de 20.000 euros i l&#8217;objectiu d&#8217;esta nova convocat\u00f2ria d&#8217;ajudes \u00e9s contribuir a la formaci\u00f3 dels j\u00f3vens en mat\u00e8ria d&#8217;idiomes, alhora que afavorir l&#8217;ocupabilitat i, amb aix\u00f2, l&#8217;acc\u00e9s al mercat laboral.[\/vc_column_text][\/vc_column][\/vc_row][vc_row el_id=&#8221;DESTACADO_NOTICIA&#8221;][vc_column][vc_column_text css=&#8221;&#8221; el_class=&#8221;cuadronoticia&#8221;]<\/p>\n<h5>Esta quantitat pret\u00e9n sufragar part dels gastos d&#8217;obtenci\u00f3 dels nivells B1, B2, C1 i C2 entre els 18 i 30 anys<\/h5>\n<p>[\/vc_column_text][\/vc_column][\/vc_row][vc_row el_id=&#8221;TEXTO_FIN_NOTICIA&#8221;][vc_column][vc_column_text css=&#8221;&#8221;]Estes ajudes es destinaran principalment a aquells j\u00f3vens que pertanyen a fam\u00edlies amb rendes baixes, vulnerables o amb grau de discapacitat igual o superior al 30%. A m\u00e9s, hauran d&#8217;estar empadronats a Elx i no haver sigut beneficiats per altres beques o ajudes concedides amb la mateixa finalitat.<\/p>\n<p>La sol\u00b7licitud es pot realitzar de l&#8217;1 al 30 de setembre a trav\u00e9s de la seu electr\u00f2nica municipal sede.elche.es o a qualsevol oficina de l&#8217;OMAC, i les ajudes es repartiran en funci\u00f3 a un barem de valoraci\u00f3 que tindr\u00e0 en compte la renda familiar, el nivell del t\u00edtol obtingut i la discapacitat.<\/p>\n<p>El passat 2025 es concediren un total de 118 ajudes a j\u00f3vens per a sufragar part dels gastos de l&#8217;obtenci\u00f3 dels nivells B1, B2, C1 i C2 d&#8217;angl\u00e9s.<\/p>\n<hr \/>\n<p>&nbsp;<\/p>\n<p>[\/vc_column_text][\/vc_column][\/vc_row]<\/p>\n<\/div>","protected":false},"excerpt":{"rendered":"<p>[vc_row el_id=&#8221;SUBTITULAR_NOTICIA&#8221;][vc_column][vc_column_text css=&#8221;&#8221;] El termini de sol\u00b7licitud es perllonga fins al 30 del pr\u00f2xim mes i enguany s&#8217;incrementa l&#8217;import a cada sol\u00b7licitant fins als 120 euros [\/vc_column_text][\/vc_column][\/vc_row][vc_row el_id=&#8221;TEXTO_NOTICIA&#8221;][vc_column][vc_column_text css=&#8221;&#8221;]El pr\u00f2xim [&hellip;]<\/p>\n","protected":false},"author":198,"featured_media":274924,"comment_status":"closed","ping_status":"closed","sticky":false,"template":"","format":"standard","meta":{"footnotes":""},"categories":[194,391,1312],"tags":[],"class_list":["post-362552","post","type-post","status-publish","format-standard","has-post-thumbnail","hentry","category-educacio-va","category-home-va","category-noticias-va"],"_links":{"self":[{"href":"https:\/\/www.elche.es\/va\/wp-json\/wp\/v2\/posts\/362552","targetHints":{"allow":["GET"]}}],"collection":[{"href":"https:\/\/www.elche.es\/va\/wp-json\/wp\/v2\/posts"}],"about":[{"href":"https:\/\/www.elche.es\/va\/wp-json\/wp\/v2\/types\/post"}],"author":[{"embeddable":true,"href":"https:\/\/www.elche.es\/va\/wp-json\/wp\/v2\/users\/198"}],"replies":[{"embeddable":true,"href":"https:\/\/www.elche.es\/va\/wp-json\/wp\/v2\/comments?post=362552"}],"version-history":[{"count":5,"href":"https:\/\/www.elche.es\/va\/wp-json\/wp\/v2\/posts\/362552\/revisions"}],"predecessor-version":[{"id":362599,"href":"https:\/\/www.elche.es\/va\/wp-json\/wp\/v2\/posts\/362552\/revisions\/362599"}],"wp:featuredmedia":[{"embeddable":true,"href":"https:\/\/www.elche.es\/va\/wp-json\/wp\/v2\/media\/274924"}],"wp:attachment":[{"href":"https:\/\/www.elche.es\/va\/wp-json\/wp\/v2\/media?parent=362552"}],"wp:term":[{"taxonomy":"category","embeddable":true,"href":"https:\/\/www.elche.es\/va\/wp-json\/wp\/v2\/categories?post=362552"},{"taxonomy":"post_tag","embeddable":true,"href":"https:\/\/www.elche.es\/va\/wp-json\/wp\/v2\/tags?post=362552"}],"curies":[{"name":"wp","href":"https:\/\/api.w.org\/{rel}","templated":true}]}}