{"id":362555,"date":"2026-09-01T12:07:09","date_gmt":"2026-09-01T10:07:09","guid":{"rendered":"https:\/\/www.elche.es\/2026\/09\/avancen-les-obres-de-reurbanitzacio-del-mercat-central\/"},"modified":"2026-09-01T15:05:25","modified_gmt":"2026-09-01T13:05:25","slug":"avancen-les-obres-de-reurbanitzacio-del-mercat-central","status":"publish","type":"post","link":"https:\/\/www.elche.es\/va\/2026\/09\/avancen-les-obres-de-reurbanitzacio-del-mercat-central\/","title":{"rendered":"Avancen les obres de reurbanitzaci\u00f3 del Mercat Central"},"content":{"rendered":"<div class=\"wpb-content-wrapper\"><p>[vc_row el_id=&#8221;SUBTITULAR_NOTICIA&#8221;][vc_column][vc_column_text css=&#8221;&#8221;]<\/p>\n<hr \/>\n<h4>El muntatge del revestiment superior del sostre est\u00e0 pr\u00e0cticament finalitzat i ja es treballa en la distribuci\u00f3 interior de les parades<\/h4>\n<hr \/>\n<h4><\/h4>\n<p>[\/vc_column_text][\/vc_column][\/vc_row][vc_row el_id=&#8221;TEXTO_NOTICIA&#8221;][vc_column][vc_column_text css=&#8221;&#8221;]Les\u00a0<strong>obres de rehabilitaci\u00f3 i reurbanitzaci\u00f3 del Mercat Central<\/strong> avancen d&#8217;acord amb les planificacions i terminis previstos. Actualment s&#8217;est\u00e0 terminant el muntatge del revestiment superior de zinc de la coberta, mentre que l&#8217;estructura met\u00e0l\u00b7lica interior de les parades est\u00e0 finalitzada, a falta del forjat superior d&#8217;esta.<\/p>\n<p>A l&#8217;interior de l&#8217;edifici tamb\u00e9 han comen\u00e7at els treballs de divisi\u00f3 mitjan\u00e7ant rajoles entre les diferents parades i es procedir\u00e0 a realitzar un tractament ign\u00edfug de l&#8217;estructura per a garantir-ne la protecci\u00f3 i seguretat. A m\u00e9s, els pr\u00f2xims dies comen\u00e7aran els treballs d&#8217;instal\u00b7lacions de llanterneria i sanejament de l&#8217;edifici.<\/p>\n<p>En paral\u00b7lel, continuen les actuacions arqueol\u00f2giques als banys \u00e0rabs, on actualment s&#8217;est\u00e0 intervenint en la zona de l&#8217;hipocaust, una cavitat per la qual circulava l&#8217;aire calent per a climatitzar les cambres.[\/vc_column_text][\/vc_column][\/vc_row][vc_row el_id=&#8221;DESTACADO_NOTICIA&#8221;][vc_column][vc_column_text css=&#8221;&#8221; el_class=&#8221;cuadronoticia&#8221;]<\/p>\n<h5>L&#8217;actuaci\u00f3, amb una inversi\u00f3 de 8,8 milions d&#8217;euros, permetr\u00e0 crear un mercat obert i integrat amb l&#8217;entorn del centre hist\u00f2ric<\/h5>\n<p>[\/vc_column_text][\/vc_column][\/vc_row][vc_row el_id=&#8221;TEXTO_FIN_NOTICIA&#8221;][vc_column][vc_column_text css=&#8221;&#8221;]Durant els darrers mesos tamb\u00e9 s&#8217;ha avan\u00e7at en la reurbanitzaci\u00f3 de l&#8217;entorn del\u00a0<strong>Mercat Central<\/strong>, com \u00e9s el cas de la\u00a0<strong>pla\u00e7a Men\u00e9ndez Pelayo<\/strong>, on s&#8217;ha renovat l&#8217;arbrat i s&#8217;ha substitu\u00eft el paviment. Ara continua a la\u00a0<strong>pla\u00e7a de les Flors<\/strong>, amb l&#8217;objectiu d&#8217;homogene\u00eftzar tot el paviment i millorar la integraci\u00f3 d&#8217;ambdues zones.<\/p>\n<p>El projecte contempla la\u00a0<strong>rehabilitaci\u00f3 d&#8217;uns 3.500 metres quadrats<\/strong> entre l&#8217;edifici i el seu entorn, amb una inversi\u00f3 de\u00a0<strong>8,8 milions d&#8217;euros<\/strong>. El futur\u00a0<strong>Mercat Central<\/strong> comptar\u00e0 amb\u00a0<strong>24 llocs de venda tradicional<\/strong> d&#8217;uns 15 metres quadrats, a m\u00e9s d&#8217;<strong>espais gastron\u00f2mics<\/strong> i de\u00a0<strong>restauraci\u00f3<\/strong>.<\/p>\n<hr \/>\n<p>&nbsp;<\/p>\n<p>[\/vc_column_text][\/vc_column][\/vc_row]<\/p>\n<\/div>","protected":false},"excerpt":{"rendered":"<p>[vc_row el_id=&#8221;SUBTITULAR_NOTICIA&#8221;][vc_column][vc_column_text css=&#8221;&#8221;] El muntatge del revestiment superior del sostre est\u00e0 pr\u00e0cticament finalitzat i ja es treballa en la distribuci\u00f3 interior de les parades [\/vc_column_text][\/vc_column][\/vc_row][vc_row el_id=&#8221;TEXTO_NOTICIA&#8221;][vc_column][vc_column_text css=&#8221;&#8221;]Les\u00a0obres de rehabilitaci\u00f3 i [&hellip;]<\/p>\n","protected":false},"author":198,"featured_media":362399,"comment_status":"closed","ping_status":"closed","sticky":false,"template":"","format":"standard","meta":{"footnotes":""},"categories":[391,3013,1312],"tags":[],"class_list":["post-362555","post","type-post","status-publish","format-standard","has-post-thumbnail","hentry","category-home-va","category-mercats","category-noticias-va"],"_links":{"self":[{"href":"https:\/\/www.elche.es\/va\/wp-json\/wp\/v2\/posts\/362555","targetHints":{"allow":["GET"]}}],"collection":[{"href":"https:\/\/www.elche.es\/va\/wp-json\/wp\/v2\/posts"}],"about":[{"href":"https:\/\/www.elche.es\/va\/wp-json\/wp\/v2\/types\/post"}],"author":[{"embeddable":true,"href":"https:\/\/www.elche.es\/va\/wp-json\/wp\/v2\/users\/198"}],"replies":[{"embeddable":true,"href":"https:\/\/www.elche.es\/va\/wp-json\/wp\/v2\/comments?post=362555"}],"version-history":[{"count":5,"href":"https:\/\/www.elche.es\/va\/wp-json\/wp\/v2\/posts\/362555\/revisions"}],"predecessor-version":[{"id":362611,"href":"https:\/\/www.elche.es\/va\/wp-json\/wp\/v2\/posts\/362555\/revisions\/362611"}],"wp:featuredmedia":[{"embeddable":true,"href":"https:\/\/www.elche.es\/va\/wp-json\/wp\/v2\/media\/362399"}],"wp:attachment":[{"href":"https:\/\/www.elche.es\/va\/wp-json\/wp\/v2\/media?parent=362555"}],"wp:term":[{"taxonomy":"category","embeddable":true,"href":"https:\/\/www.elche.es\/va\/wp-json\/wp\/v2\/categories?post=362555"},{"taxonomy":"post_tag","embeddable":true,"href":"https:\/\/www.elche.es\/va\/wp-json\/wp\/v2\/tags?post=362555"}],"curies":[{"name":"wp","href":"https:\/\/api.w.org\/{rel}","templated":true}]}}