{"id":362558,"date":"2026-09-01T12:21:02","date_gmt":"2026-09-01T10:21:02","guid":{"rendered":"https:\/\/www.elche.es\/2026\/09\/avancen-les-obres-de-renovacio-integral-del-carrer-porta-de-la-morera\/"},"modified":"2026-09-02T09:02:46","modified_gmt":"2026-09-02T07:02:46","slug":"avancen-les-obres-de-renovacio-integral-del-carrer-porta-de-la-morera","status":"publish","type":"post","link":"https:\/\/www.elche.es\/va\/2026\/09\/avancen-les-obres-de-renovacio-integral-del-carrer-porta-de-la-morera\/","title":{"rendered":"Avancen les obres de renovaci\u00f3 integral del carrer Porta de la Morera"},"content":{"rendered":"<div class=\"wpb-content-wrapper\"><p>[vc_row el_id=&#8221;SUBTITULAR_NOTICIA&#8221;][vc_column][vc_column_text css=&#8221;&#8221;]<\/p>\n<hr \/>\n<h4>Els treballs se centren actualment en la demolici\u00f3 de paviments, la renovaci\u00f3 de l&#8217;enllumenat, el reg i la col\u00b7locaci\u00f3 de noves vorades<\/h4>\n<hr \/>\n<p>[\/vc_column_text][\/vc_column][\/vc_row][vc_row el_id=&#8221;TEXTO_NOTICIA&#8221;][vc_column][vc_column_text css=&#8221;&#8221;]<strong>L&#8217;Ajuntament d&#8217;Elx<\/strong> continua avan\u00e7ant en les obres de renovaci\u00f3 integral del carrer <strong>Porta de la Morera<\/strong> i el seu entorn, que es desenrotllen conforme amb la planificaci\u00f3 prevista.<\/p>\n<p>Actualment, els treballs se centren en la demolici\u00f3 de paviments, l&#8217;execuci\u00f3 de noves infraestructures i la preparaci\u00f3 de l&#8217;espai per a les seg\u00fcents fases de l&#8217;actuaci\u00f3.<\/p>\n<p>En concret, ja s&#8217;est\u00e0 treballant en la renovaci\u00f3 de l&#8217;enllumenat de tota la via, com l&#8217;execuci\u00f3 de canalitzaci\u00f3 i cimentacions per a les futures llumin\u00e0ries, la instal\u00b7laci\u00f3 de les quals es realitzar\u00e0 en les pr\u00f2ximes setmanes. Tamb\u00e9 s&#8217;est\u00e0 executant la infraestructura de reg per al futur arbrat i avan\u00e7a la col\u00b7locaci\u00f3 de vorades a les voreres.<\/p>\n<p>Per ara no s&#8217;ha iniciat la col\u00b7locaci\u00f3 del nou paviment, que est\u00e0 prevista per a una fase posterior, previsiblement del mes d&#8217;octubre en endavant.[\/vc_column_text][\/vc_column][\/vc_row][vc_row el_id=&#8221;DESTACADO_NOTICIA&#8221;][vc_column][vc_column_text css=&#8221;&#8221; el_class=&#8221;cuadronoticia&#8221;]<\/p>\n<h5>L&#8217;actuaci\u00f3, amb una inversi\u00f3 d&#8217;1,1 milions d&#8217;euros, transformar\u00e0 este entron i en millorar\u00e0 l&#8217;accessibilitat<\/p>\n<h5>\n[\/vc_column_text][\/vc_column][\/vc_row][vc_row el_id=&#8221;TEXTO_FIN_NOTICIA&#8221;][vc_column][vc_column_text css=&#8221;&#8221;]L&#8217;actuaci\u00f3 compta amb una inversi\u00f3 propera a 1,1 milions d&#8217;euros, un termini d&#8217;execuci\u00f3 de huit mesos i contempla la transformaci\u00f3 integral d&#8217;este entorn, amb una plataforma \u00fanica que prioritzar\u00e0 el vianant, la millora de les voreres, la renovaci\u00f3 de l&#8217;enllumenat, la plantaci\u00f3 de nou arbrat i la reposici\u00f3 de palmeres, a m\u00e9s d&#8217;una gran jardinera correguda amb esp\u00e8cies arom\u00e0tiques.<\/p>\n<p>Els treballs abasten des del carrer <strong>Eugeni d\u2019Ors<\/strong>, a l&#8217;altura de l&#8217;<strong>hort de Ripoll<\/strong>, fins als carrers <strong>Antonio Sansano Fenoll<\/strong> i <strong>Beethoven<\/strong>, i arriben fins al <strong>solar de la Filadora<\/strong>. El projecte tamb\u00e9 inclou la reorganitzaci\u00f3 de les places d&#8217;aparcament i la millora dels accessos, a m\u00e9s d&#8217;una nova parada d&#8217;autob\u00fas en front de l&#8217;<strong>Hotel Huerto del Cura<\/strong>.<\/p>\n<hr \/>\n<p>[\/vc_column_text][\/vc_column][\/vc_row]<\/p>\n<\/div>","protected":false},"excerpt":{"rendered":"<p>[vc_row el_id=&#8221;SUBTITULAR_NOTICIA&#8221;][vc_column][vc_column_text css=&#8221;&#8221;] Els treballs se centren actualment en la demolici\u00f3 de paviments, la renovaci\u00f3 de l&#8217;enllumenat, el reg i la col\u00b7locaci\u00f3 de noves vorades [\/vc_column_text][\/vc_column][\/vc_row][vc_row el_id=&#8221;TEXTO_NOTICIA&#8221;][vc_column][vc_column_text css=&#8221;&#8221;]L&#8217;Ajuntament d&#8217;Elx continua [&hellip;]<\/p>\n","protected":false},"author":198,"featured_media":362405,"comment_status":"closed","ping_status":"closed","sticky":false,"template":"","format":"standard","meta":{"footnotes":""},"categories":[391,1312,210],"tags":[],"class_list":["post-362558","post","type-post","status-publish","format-standard","has-post-thumbnail","hentry","category-home-va","category-noticias-va","category-urbanisme-va"],"_links":{"self":[{"href":"https:\/\/www.elche.es\/va\/wp-json\/wp\/v2\/posts\/362558","targetHints":{"allow":["GET"]}}],"collection":[{"href":"https:\/\/www.elche.es\/va\/wp-json\/wp\/v2\/posts"}],"about":[{"href":"https:\/\/www.elche.es\/va\/wp-json\/wp\/v2\/types\/post"}],"author":[{"embeddable":true,"href":"https:\/\/www.elche.es\/va\/wp-json\/wp\/v2\/users\/198"}],"replies":[{"embeddable":true,"href":"https:\/\/www.elche.es\/va\/wp-json\/wp\/v2\/comments?post=362558"}],"version-history":[{"count":5,"href":"https:\/\/www.elche.es\/va\/wp-json\/wp\/v2\/posts\/362558\/revisions"}],"predecessor-version":[{"id":362621,"href":"https:\/\/www.elche.es\/va\/wp-json\/wp\/v2\/posts\/362558\/revisions\/362621"}],"wp:featuredmedia":[{"embeddable":true,"href":"https:\/\/www.elche.es\/va\/wp-json\/wp\/v2\/media\/362405"}],"wp:attachment":[{"href":"https:\/\/www.elche.es\/va\/wp-json\/wp\/v2\/media?parent=362558"}],"wp:term":[{"taxonomy":"category","embeddable":true,"href":"https:\/\/www.elche.es\/va\/wp-json\/wp\/v2\/categories?post=362558"},{"taxonomy":"post_tag","embeddable":true,"href":"https:\/\/www.elche.es\/va\/wp-json\/wp\/v2\/tags?post=362558"}],"curies":[{"name":"wp","href":"https:\/\/api.w.org\/{rel}","templated":true}]}}