{"id":362561,"date":"2026-09-01T12:37:00","date_gmt":"2026-09-01T10:37:00","guid":{"rendered":"https:\/\/www.elche.es\/2026\/09\/lajuntament-completa-noves-actuacions-del-pla-dasfaltat-a-carrus-i-continuara-a-perleta\/"},"modified":"2026-09-02T09:13:20","modified_gmt":"2026-09-02T07:13:20","slug":"lajuntament-completa-noves-actuacions-del-pla-dasfaltat-a-carrus-i-continuara-a-perleta","status":"publish","type":"post","link":"https:\/\/www.elche.es\/va\/2026\/09\/lajuntament-completa-noves-actuacions-del-pla-dasfaltat-a-carrus-i-continuara-a-perleta\/","title":{"rendered":"L&#8217;Ajuntament completa noves actuacions del Pla d&#8217;Asfaltat a Carr\u00fas i continuar\u00e0 a Perleta"},"content":{"rendered":"<div class=\"wpb-content-wrapper\"><p>[vc_row el_id=&#8221;SUBTITULAR_NOTICIA&#8221;][vc_column][vc_column_text css=&#8221;&#8221;]<\/p>\n<hr \/>\n<h4>El regidor de Servicis P\u00fablics, Claudio Guilabert ha visitat els treballs del carrer Alfredo S\u00e1nchez Torres, una actuaci\u00f3 que se suma a les millores executades al nucli urb\u00e0 i a les pedanies<\/h4>\n<hr \/>\n<h4><\/h4>\n<p>[\/vc_column_text][\/vc_column][\/vc_row][vc_row el_id=&#8221;TEXTO_NOTICIA&#8221;][vc_column][vc_column_text css=&#8221;&#8221;]<strong>El regidor de Servicis P\u00fablics, Claudio Guilabert,<\/strong> ha visitat este dijous els treballs d&#8217;asfaltat que s&#8217;estan duent a terme al carrer\u00a0<strong>Alfredo S\u00e1nchez Torres,\u00a0<\/strong>al barri de\u00a0<strong>Carr\u00fas,<\/strong> dins del\u00a0<strong>Pla d&#8217;Asfaltat<\/strong> per al nucli urb\u00e0 i les pedanies, dotat amb un pressupost d&#8217;un mili\u00f3 d&#8217;euros i que va comen\u00e7ar a executar-se el passat mes de gener.<\/p>\n<p>L&#8217;actuaci\u00f3 al carrer\u00a0<strong>Alfonso S\u00e1nchez Torres<\/strong> s&#8217;est\u00e0 desenvolupament de forma simult\u00e0nia amb els treballs del carrer\u00a0<strong>Germans Navarro Caracena.<\/strong> Ambdues actuacions conclouran els pr\u00f2xims dies.<\/p>\n<p><strong>Guilabert<\/strong> ha destacat que &#8220;este \u00e9s un contracte que ha estat vigent al llarg d&#8217;enguany, en qu\u00e8 hem asfaltat nombrosos camins i carrers i ara al setembre tamb\u00e9 comen\u00e7arem un nou plec d&#8217;asfaltat que se sumar\u00e0 al plec de voreres per a continuar amb el nostre objectiu de renovar la via p\u00fablica&#8221;.<\/p>\n<p>Amb estes dos actuacions s&#8217;ultima el primer lot de treballs d&#8217;asfaltat, que finalitzar\u00e0 la pr\u00f2xima setmana amb la intervenci\u00f3 al cam\u00ed de\u00a0<strong>Monfort del Cid a Santa Pola<\/strong>, a\u00a0<strong>Perleta<\/strong>. Esta actuaci\u00f3 contempla l&#8217;asfaltat d&#8217;un tros de m\u00e9s de 1.000 metres de longitud.[\/vc_column_text][\/vc_column][\/vc_row][vc_row el_id=&#8221;DESTACADO_NOTICIA&#8221;][vc_column][vc_column_text css=&#8221;&#8221; el_class=&#8221;cuadronoticia&#8221;]<\/p>\n<h5>El contracte, dotat amb un mili\u00f3 d&#8217;euros, ha perm\u00e9s actuar ja en una vintena de carrers i camins i continuar\u00e0 la pr\u00f2xima setmana al cam\u00ed de Monfort del Cid a Santa Pola<\/h5>\n<p>[\/vc_column_text][\/vc_column][\/vc_row][vc_row el_id=&#8221;TEXTO_FIN_NOTICIA&#8221;][vc_column][vc_column_text css=&#8221;&#8221;]Des de l&#8217;inici del contracte al gener, i amb un termini d&#8217;execuci\u00f3 d&#8217;un any, el <strong>Pla d&#8217;Asfaltat<\/strong> ha perm\u00e9s actuar ja en nombrosos carrers i camins tant del nucli urb\u00e0 com de les pedanies.<\/p>\n<p>Entre els actuacions executades es troben el cam\u00ed del\u00a0<strong>Ruido,<\/strong> cam\u00ed del <strong>Safari,<\/strong> cam\u00ed del\u00a0<strong>Tremendo<\/strong>, cam\u00ed de\u00a0<strong>Biscarra,<\/strong> a\u00a0<strong>la Foia<\/strong>,\u00a0<strong>cam\u00ed dels Coves<\/strong>, l&#8217;eixida de l&#8217;<strong>Escola d&#8217;Idiomes<\/strong> cap a l&#8217;<strong>avinguda de la<\/strong>\u00a0<strong>Universitat,\u00a0<\/strong>els carrers\u00a0<strong>Blasco Ib\u00e1\u00f1ez, Mestre Serrano, Reina Vict\u00f2ria, Torres Quevedo, Eduardo Rodr\u00edguez Garc\u00eda<\/strong> i\u00a0<strong>Pi<\/strong>, a\u00a0<strong>la Baia<\/strong>, aix\u00ed com a l&#8217;<strong>avinguda Alcalde Vicente Quiles<\/strong>.<\/p>\n<p>Tamb\u00e9 s&#8217;ha intervingut al\u00a0<strong>cam\u00ed vell de Santa Pola<\/strong>, el\u00a0<strong>cam\u00ed de la R\u00e0pita<\/strong>, on s&#8217;ha actuat sobre un enfonsament,\u00a0<strong>cam\u00ed dels Huit<\/strong>, <strong>cam\u00ed del\u00a0Vessant del Platero<\/strong>, <strong>cam\u00ed del\u00a0Purgatori<\/strong>, <strong>cam\u00ed\u00a0del Molar<\/strong> i la\u00a0<strong>vereda de Dolors a Alacant,<\/strong> a m\u00e9s d&#8217;escometre treballs de millora de ressalts en diferents camins.<\/p>\n<hr \/>\n<p>&nbsp;<\/p>\n<p>[\/vc_column_text][\/vc_column][\/vc_row][vc_row][vc_column width=&#8221;1\/6&#8243;][\/vc_column][vc_column width=&#8221;2\/3&#8243;]<audio class=\"sc_audio\" src=\"https:\/\/soundcloud.com\/ayuntamiento-de-elche\/el-ayuntamiento-completa\" width=\"\" height=\"\" style=\"````\"><\/audio>[\/vc_column][vc_column width=&#8221;1\/6&#8243;][\/vc_column][\/vc_row]<\/p>\n<\/div>","protected":false},"excerpt":{"rendered":"<p>[vc_row el_id=&#8221;SUBTITULAR_NOTICIA&#8221;][vc_column][vc_column_text css=&#8221;&#8221;] El regidor de Servicis P\u00fablics, Claudio Guilabert ha visitat els treballs del carrer Alfredo S\u00e1nchez Torres, una actuaci\u00f3 que se suma a les millores executades al nucli [&hellip;]<\/p>\n","protected":false},"author":198,"featured_media":362410,"comment_status":"closed","ping_status":"closed","sticky":false,"template":"","format":"standard","meta":{"footnotes":""},"categories":[391,1312,1277],"tags":[],"class_list":["post-362561","post","type-post","status-publish","format-standard","has-post-thumbnail","hentry","category-home-va","category-noticias-va","category-via-publica-va"],"_links":{"self":[{"href":"https:\/\/www.elche.es\/va\/wp-json\/wp\/v2\/posts\/362561","targetHints":{"allow":["GET"]}}],"collection":[{"href":"https:\/\/www.elche.es\/va\/wp-json\/wp\/v2\/posts"}],"about":[{"href":"https:\/\/www.elche.es\/va\/wp-json\/wp\/v2\/types\/post"}],"author":[{"embeddable":true,"href":"https:\/\/www.elche.es\/va\/wp-json\/wp\/v2\/users\/198"}],"replies":[{"embeddable":true,"href":"https:\/\/www.elche.es\/va\/wp-json\/wp\/v2\/comments?post=362561"}],"version-history":[{"count":4,"href":"https:\/\/www.elche.es\/va\/wp-json\/wp\/v2\/posts\/362561\/revisions"}],"predecessor-version":[{"id":362624,"href":"https:\/\/www.elche.es\/va\/wp-json\/wp\/v2\/posts\/362561\/revisions\/362624"}],"wp:featuredmedia":[{"embeddable":true,"href":"https:\/\/www.elche.es\/va\/wp-json\/wp\/v2\/media\/362410"}],"wp:attachment":[{"href":"https:\/\/www.elche.es\/va\/wp-json\/wp\/v2\/media?parent=362561"}],"wp:term":[{"taxonomy":"category","embeddable":true,"href":"https:\/\/www.elche.es\/va\/wp-json\/wp\/v2\/categories?post=362561"},{"taxonomy":"post_tag","embeddable":true,"href":"https:\/\/www.elche.es\/va\/wp-json\/wp\/v2\/tags?post=362561"}],"curies":[{"name":"wp","href":"https:\/\/api.w.org\/{rel}","templated":true}]}}