{"id":362564,"date":"2026-09-01T12:47:12","date_gmt":"2026-09-01T10:47:12","guid":{"rendered":"https:\/\/www.elche.es\/2026\/09\/les-obres-del-futur-centre-sociocultural-de-jayton-seguixen-amb-lencofrat-del-forjat-del-soterrani\/"},"modified":"2026-09-01T12:47:22","modified_gmt":"2026-09-01T10:47:22","slug":"les-obres-del-futur-centre-sociocultural-de-jayton-seguixen-amb-lencofrat-del-forjat-del-soterrani","status":"publish","type":"post","link":"https:\/\/www.elche.es\/va\/2026\/09\/les-obres-del-futur-centre-sociocultural-de-jayton-seguixen-amb-lencofrat-del-forjat-del-soterrani\/","title":{"rendered":"Les obres del futur Centre Sociocultural de Jayton seguixen amb l&#8217;encofrat del forjat del soterrani"},"content":{"rendered":"<div class=\"wpb-content-wrapper\"><p>[vc_row el_id=&#8221;SUBTITULAR_NOTICIA&#8221;][vc_column][vc_column_text css=&#8221;&#8221;]<\/p>\n<p><\/p>\n<hr \/>\n<h4>Els treballs avancen segons el previst per a dotar a Carr\u00fas d&#8217;un gran equipament cultural, social i administratiu amb una inversi\u00f3 de 13,9 milions d&#8217;euros<\/p>\n<h4>\n<hr \/>\n<p>[\/vc_column_text][\/vc_column][\/vc_row][vc_row el_id=&#8221;TEXTO_NOTICIA&#8221;][vc_column][vc_column_text css=&#8221;&#8221;]<strong>L&#8217;Ajuntament d&#8217;Elx<\/strong> seguix endavant amb les obres de construcci\u00f3 del futur <strong>Centre Sociocultural de Jayton<\/strong> al barri de <strong>Carr\u00fas<\/strong>. Uns treballs que es desenrotllen segons els terminis previstos, amb la vista posada en la seua conclusi\u00f3 per a l&#8217;any 2027 i que ara est\u00e0 centrada en el soterrani que allotjar\u00e0 l&#8217;aparcament subterrani.<\/p>\n<p>Despr\u00e9s de l&#8217;excavaci\u00f3 de l&#8217;espai, s&#8217;ha portat tota la cimentaci\u00f3 i murs del soterrani i els treballs estan centrats ara en l&#8217;encofrat del primer forjat del soterrani per a despr\u00e9s continuar amb el formigonat en eixa part i la zona de la rampa, que ara s&#8217;utilitza per a l&#8217;entrada i eixida de camions.<\/p>\n<p>El nou centre ocupar\u00e0 una superf\u00edcie constru\u00efda de <strong> 4.400 metres quadrats<\/strong>, es convertir\u00e0 en un dels prinicpals espais socioculturals de la ciutat i en la segona major inversi\u00f3 p\u00fablica realitzada per l&#8217;<strong>Ajuntament d&#8217;Elx<\/strong> al <strong>barri de Carr\u00fas<\/strong> en les darreres d\u00e8cades, amb un total de <strong>13,9 milions d&#8217;euros<\/strong>.[\/vc_column_text][vc_single_image image=&#8221;362414&#8243; img_size=&#8221;full&#8221; onclick=&#8221;link_image&#8221; css=&#8221;&#8221; el_class=&#8221;fotounicanoticia&#8221;][\/vc_column][\/vc_row][vc_row el_id=&#8221;DESTACADO_NOTICIA&#8221;][vc_column][vc_column_text css=&#8221;&#8221; el_class=&#8221;cuadronoticia&#8221;]<\/p>\n<h5>Este gran espai inclour\u00e0 un auditori per a 500 persones, una sala de cinema, oficines municipals i dues plantes d&#8217;aparcament subterrani gratu\u00eft<\/h5>\n<p>[\/vc_column_text][\/vc_column][\/vc_row][vc_row el_id=&#8221;TEXTO_FIN_NOTICIA&#8221;][vc_column][vc_column_text css=&#8221;&#8221;]L&#8217;edifici comptar\u00e0 amb un auditori amb <strong>capacitat per a m\u00e9s de 500 persones<\/strong>, una sala de cinema amb<strong> 130 butaques<\/strong>, una sala polivalent destinada a activitats ve\u00efnals, formatives i socials, a m\u00e9s de prop de<strong> 1.000 metres quadrats d&#8217;oficines municipals<\/strong> per a acostar servicis p\u00fablics als ciutadans.<\/p>\n<p>El projecte contempla a m\u00e9s la creaci\u00f3 d&#8217;una gran pla\u00e7a oberta a l&#8217;<strong>avinguda de Novelda<\/strong>, concebuda com un espai de trobada i conviv\u00e8ncia per als ve\u00efns, aix\u00ed com la millora i reurbanitzaci\u00f3 de tot l&#8217;entorn.<\/p>\n<p>Al mateix temps disposar\u00e0 de dues plantes d&#8217;aparcament subterrani gratu\u00eft i vigilat amb capacitat per al voltant de 200 vehicles i aix\u00ed donar resposta a una demanda hist\u00f2rica dels ve\u00efns d&#8217;este barri.<\/p>\n<hr \/>\n<p>[\/vc_column_text][\/vc_column][\/vc_row]<\/p>\n<\/div>","protected":false},"excerpt":{"rendered":"<p>[vc_row el_id=&#8221;SUBTITULAR_NOTICIA&#8221;][vc_column][vc_column_text css=&#8221;&#8221;] Els treballs avancen segons el previst per a dotar a Carr\u00fas d&#8217;un gran equipament cultural, social i administratiu amb una inversi\u00f3 de 13,9 milions d&#8217;euros [\/vc_column_text][\/vc_column][\/vc_row][vc_row el_id=&#8221;TEXTO_NOTICIA&#8221;][vc_column][vc_column_text [&hellip;]<\/p>\n","protected":false},"author":198,"featured_media":362417,"comment_status":"closed","ping_status":"closed","sticky":false,"template":"","format":"standard","meta":{"footnotes":""},"categories":[193,391,1312,210,1277],"tags":[],"class_list":["post-362564","post","type-post","status-publish","format-standard","has-post-thumbnail","hentry","category-cultura-va","category-home-va","category-noticias-va","category-urbanisme-va","category-via-publica-va"],"_links":{"self":[{"href":"https:\/\/www.elche.es\/va\/wp-json\/wp\/v2\/posts\/362564","targetHints":{"allow":["GET"]}}],"collection":[{"href":"https:\/\/www.elche.es\/va\/wp-json\/wp\/v2\/posts"}],"about":[{"href":"https:\/\/www.elche.es\/va\/wp-json\/wp\/v2\/types\/post"}],"author":[{"embeddable":true,"href":"https:\/\/www.elche.es\/va\/wp-json\/wp\/v2\/users\/198"}],"replies":[{"embeddable":true,"href":"https:\/\/www.elche.es\/va\/wp-json\/wp\/v2\/comments?post=362564"}],"version-history":[{"count":2,"href":"https:\/\/www.elche.es\/va\/wp-json\/wp\/v2\/posts\/362564\/revisions"}],"predecessor-version":[{"id":362566,"href":"https:\/\/www.elche.es\/va\/wp-json\/wp\/v2\/posts\/362564\/revisions\/362566"}],"wp:featuredmedia":[{"embeddable":true,"href":"https:\/\/www.elche.es\/va\/wp-json\/wp\/v2\/media\/362417"}],"wp:attachment":[{"href":"https:\/\/www.elche.es\/va\/wp-json\/wp\/v2\/media?parent=362564"}],"wp:term":[{"taxonomy":"category","embeddable":true,"href":"https:\/\/www.elche.es\/va\/wp-json\/wp\/v2\/categories?post=362564"},{"taxonomy":"post_tag","embeddable":true,"href":"https:\/\/www.elche.es\/va\/wp-json\/wp\/v2\/tags?post=362564"}],"curies":[{"name":"wp","href":"https:\/\/api.w.org\/{rel}","templated":true}]}}