{"id":362568,"date":"2026-09-01T13:02:19","date_gmt":"2026-09-01T11:02:19","guid":{"rendered":"https:\/\/www.elche.es\/2026\/09\/esdeveniments-amb-talls-de-carrer-o-limitacio-destacionament-previstos-del-28-dagost-al-3-de-setembre\/"},"modified":"2026-09-02T09:19:55","modified_gmt":"2026-09-02T07:19:55","slug":"esdeveniments-amb-talls-de-carrer-o-limitacio-destacionament-previstos-del-28-dagost-al-3-de-setembre","status":"publish","type":"post","link":"https:\/\/www.elche.es\/va\/2026\/09\/esdeveniments-amb-talls-de-carrer-o-limitacio-destacionament-previstos-del-28-dagost-al-3-de-setembre\/","title":{"rendered":"Esdeveniments amb talls de carrer o limitaci\u00f3 d&#8217;estacionament previstos del 28 d&#8217;agost al 3 de setembre"},"content":{"rendered":"<p>Esdeveniments amb talls de carrer o limitaci\u00f3 d&#8217;estacionament previstos del 28 d&#8217;agost al 3 de setembre<\/p>\n<p># TANCAMENT PLA\u00c7A SANT CRISP\u00cd<br \/>\n&#x1f4c6; Del 26 de juny al 13 d&#8217;octubre<br \/>\n&#x23f0; Divendres des de les 17:00 fins a les dilluns a les 06:00<br \/>\n&#x1f4cd;Pla\u00e7a de Sant Crisp\u00ed de Torrellano<br \/>\n&#x1f6ab; Des de les 15:00 a pla\u00e7a de Sant Crisp\u00ed i Santa Rita<br \/>\n&#x26d4;&#xfe0f; Cap a l&#8217;esdeveniment<\/p>\n<p># MERCAT ELS ARENALS DEL SOL<br \/>\n&#x1f4c6; 28 d&#8217;agost i 1 de setembre<br \/>\n&#x23f0; De 18:00 a 23:00<br \/>\n&#x1f4cd;Carrer Gran Via dels Arenals del Sol<br \/>\n&#x1f6ab; Al lloc i horari assenyalats<br \/>\n&#x26d4;&#xfe0f; Cap a l&#8217;esdeveniment<\/p>\n<p>&#x1f389;FESTES ESTIU LA BAIA<br \/>\n# Activitats diverses<br \/>\n&#x1f4c6; Del 24 d&#8217;agost al 5 de setembre<br \/>\n&#x23f0; Tota la jornada<br \/>\n&#x1f4cd;Recinte fester (poliesportiu la Baia)<br \/>\n&#x1f6ab; De les 14:00 a les 05:00 al c\/ la Festa, tram contingut entre avinguda del Camp d&#8217;Elx i els Alemany i des de les 07:00 al carrer de l&#8217;Escola, tram entre els carrers Mol\u00ed i Camp d&#8217;Elx<br \/>\n&#x26d4;&#xfe0f; Cap a l&#8217;esdeveniment<\/p>\n<p># Instal\u00b7laci\u00f3 i funcionament Barraca Jove<br \/>\n&#x1f4c6; Del 24 d&#8217;agost al 5 de setembre<br \/>\n&#x1f4cd;Carrer l&#8217;Escola, tram entre carrer Mol\u00ed i Camp d&#8217;Elx<br \/>\n&#x1f6ab; De les 07:00 del 24 d&#8217;agost al lloc assenyalat<br \/>\n&#x26d4;&#xfe0f; Cap a l&#8217;esdeveniment<\/p>\n<p># Xaranga i sopar ve\u00efnal<br \/>\n&#x1f4c6; 29 d&#8217;agost<br \/>\n&#x23f0; De 20:00 a 22:30<br \/>\n&#x1f4cd;Itinerari: eixida des de la rotonda carreteres de la Baia amb c\/ Sempere i Alvarado. Vicente Alarc\u00f3n Maci\u00e1, Jos\u00e9 Canals Jim\u00e9nez, Sant Andreu Ap\u00f2stol, la Pau, travessera avinguda d&#8217;Elx, l&#8217;Escola, Mol\u00ed, la Festa, fins a entrar al poliesportiu.<br \/>\n&#x1f6ab; Des de les 15:00 en tot el recorregut<br \/>\n&#x26d4;&#xfe0f; Cap a l&#8217;esdeveniment<\/p>\n<p># TALL DE TR\u00c0NSIT ACC\u00c9S A PLA\u00c7A CONSTITUCI\u00d3<br \/>\n&#x1f4c6; Del 26 al 28 d&#8217;agost<br \/>\n&#x23f0; De 08:00 a 16:00<br \/>\n&#x1f4cd;Pla\u00e7a de la Constituci\u00f3<br \/>\n&#x26d4;&#xfe0f; Es tallar\u00e0 l&#8217;acc\u00e9s des de la conflu\u00e8ncia amb l&#8217;avinguda Joan Carles I i C\/ Velarde<\/p>\n<p># FESTIVAL D&#8217;HAVANERES EL PINET<br \/>\n&#x1f4c6; 28 d&#8217;agost<br \/>\n&#x23f0; De 21:00 a 23:00<br \/>\n&#x1f4cd;Zona d&#8217;estacionament C\/ Irlanda, al costat de l&#8217;antic c\u00e0mping municipal del Pinet<br \/>\n&#x1f6ab; Des de les 13:00 del dia 27 d&#8217;agost, en el lloc assenyalat<br \/>\n&#x26d4;&#xfe0f; Cap a l&#8217;esdeveniment<\/p>\n<p># TALL D&#8217;ACC\u00c9S D&#8217;ALFONS XII A PLA\u00c7A DE LA FRUITA<br \/>\n&#x1f4c6; Del 31 d&#8217;agost al 4 de setembre<br \/>\n&#x23f0; De 07:00 a 19:00<br \/>\n&#x1f4cd;Pla\u00e7a de la Fruita<br \/>\n&#x26d4;&#xfe0f; Des d&#8217;Alfons XII en direcci\u00f3 a pla\u00e7a de la Fruita<\/p>\n<p># PALMERA SANT RAMON<br \/>\n&#x1f4c6; 31 d&#8217;agost<br \/>\n&#x23f0; A partir de les 23:00<br \/>\n&#x1f4cd;Bas\u00edlica Santa Maria<br \/>\n&#x26d4;&#xfe0f; Des de les 22:45 a C\/ Diagonal de Palau, des de pla\u00e7a del Parc<\/p>\n<p># COL\u00b7LOCACI\u00d3 TANCA DE DOBLE ONDA PONT DE CANALEJAS<br \/>\n&#x1f4c6; 1 de setembre<br \/>\n&#x23f0; De 08:00 a 12:00<br \/>\n&#x1f4cd;Pont de Canalejas<br \/>\n&#x26d4;&#xfe0f; Cap al lloc assenyalat<\/p>\n<p># ACTE BENVINGUDA CEU<br \/>\n&#x1f4c6; 3 de setembre<br \/>\n&#x23f0; De 12:00 a 17:00<br \/>\n&#x1f4cd;Pla\u00e7a dels Reis Cat\u00f2lics davant de l&#8217;edifici universitari<br \/>\n&#x1f6ab; Des de les 08:00 del dia 2, fins a les 22:00 del 3 de setembre, ambd\u00f3s llocs, a la pla\u00e7a dels Reis Cat\u00f2lics, davant de l&#8217;edifici del CEU i entre la parr\u00f2quia de Sant Josep i el C\/ Pirot\u00e8cnics Albarranch<br \/>\n&#x26d4;&#xfe0f; Cap a l&#8217;esdeveniment<\/p>\n","protected":false},"excerpt":{"rendered":"<p>Esdeveniments amb talls de carrer o limitaci\u00f3 d&#8217;estacionament previstos del 28 d&#8217;agost al 3 de setembre # TANCAMENT PLA\u00c7A SANT CRISP\u00cd &#x1f4c6; Del 26 de juny al 13 d&#8217;octubre &#x23f0; [&hellip;]<\/p>\n","protected":false},"author":139,"featured_media":362427,"comment_status":"closed","ping_status":"closed","sticky":false,"template":"","format":"standard","meta":{"footnotes":""},"categories":[882,3475],"tags":[],"class_list":["post-362568","post","type-post","status-publish","format-standard","has-post-thumbnail","hentry","category-incidencies-i-avisos","category-talls-de-carrer"],"_links":{"self":[{"href":"https:\/\/www.elche.es\/va\/wp-json\/wp\/v2\/posts\/362568","targetHints":{"allow":["GET"]}}],"collection":[{"href":"https:\/\/www.elche.es\/va\/wp-json\/wp\/v2\/posts"}],"about":[{"href":"https:\/\/www.elche.es\/va\/wp-json\/wp\/v2\/types\/post"}],"author":[{"embeddable":true,"href":"https:\/\/www.elche.es\/va\/wp-json\/wp\/v2\/users\/139"}],"replies":[{"embeddable":true,"href":"https:\/\/www.elche.es\/va\/wp-json\/wp\/v2\/comments?post=362568"}],"version-history":[{"count":1,"href":"https:\/\/www.elche.es\/va\/wp-json\/wp\/v2\/posts\/362568\/revisions"}],"predecessor-version":[{"id":362625,"href":"https:\/\/www.elche.es\/va\/wp-json\/wp\/v2\/posts\/362568\/revisions\/362625"}],"wp:featuredmedia":[{"embeddable":true,"href":"https:\/\/www.elche.es\/va\/wp-json\/wp\/v2\/media\/362427"}],"wp:attachment":[{"href":"https:\/\/www.elche.es\/va\/wp-json\/wp\/v2\/media?parent=362568"}],"wp:term":[{"taxonomy":"category","embeddable":true,"href":"https:\/\/www.elche.es\/va\/wp-json\/wp\/v2\/categories?post=362568"},{"taxonomy":"post_tag","embeddable":true,"href":"https:\/\/www.elche.es\/va\/wp-json\/wp\/v2\/tags?post=362568"}],"curies":[{"name":"wp","href":"https:\/\/api.w.org\/{rel}","templated":true}]}}