{"id":362612,"date":"2026-09-02T08:52:02","date_gmt":"2026-09-02T06:52:02","guid":{"rendered":"https:\/\/www.elche.es\/2026\/09\/el-iv-festival-dhavaneres-del-pinet-acomiada-lagost-amb-una-nit-de-musica-i-tradicio-vora-el-mediterrani\/"},"modified":"2026-09-02T08:52:18","modified_gmt":"2026-09-02T06:52:18","slug":"el-iv-festival-dhavaneres-del-pinet-acomiada-lagost-amb-una-nit-de-musica-i-tradicio-vora-el-mediterrani","status":"publish","type":"post","link":"https:\/\/www.elche.es\/va\/2026\/09\/el-iv-festival-dhavaneres-del-pinet-acomiada-lagost-amb-una-nit-de-musica-i-tradicio-vora-el-mediterrani\/","title":{"rendered":"El IV Festival d&#8217;Havaneres del Pinet acomiada l&#8217;agost amb una nit de m\u00fasica i tradici\u00f3 vora el Mediterrani"},"content":{"rendered":"<div class=\"wpb-content-wrapper\"><p>[vc_row el_id=&#8221;SUBTITULAR_NOTICIA&#8221;][vc_column][vc_column_text css=&#8221;&#8221;]<\/p>\n<hr \/>\n<h4>Les Clarisses inaugura l\u2019exposici\u00f3 pel 30 aniversari de l\u2019Associaci\u00f3 de Belles Arts d\u2019Elx i el cinema d\u2019estiu continua en les pedanies<\/h4>\n<hr \/>\n<p>[\/vc_column_text][\/vc_column][\/vc_row][vc_row el_id=&#8221;TEXTO_NOTICIA&#8221;][vc_column][vc_column_text css=&#8221;&#8221;]<strong>La platja del Pinet<\/strong> acollir\u00e0 el divendres 28 d\u2019agost, a les 21.00 hores, la quarta edici\u00f3 del <strong>Festival d\u2019Havaneres<\/strong>, una cita que torna a unir m\u00fasica, tradici\u00f3 i cultura vora el <strong>Mediterrani<\/strong>. La trobada, d\u2019acc\u00e9s lliure fins a completar l\u2019aforament, se celebrar\u00e0 a l\u2019aparcament del Pinet, al costat de l\u2019antic c\u00e0mping municipal, i reunir\u00e0 ve\u00efns i visitants al voltant d\u2019unes melodies estretament vinculades a la tradici\u00f3 musical i marinera.<\/p>\n<p><strong>Les Clarisses<\/strong> se suma a les novetats culturals de la setmana amb la inauguraci\u00f3, el dissabte 29 d\u2019agost a les 12.00 hores, de l\u2019exposici\u00f3 col\u00b7lectiva amb motiu del 30 aniversari de la <strong>Associaci\u00f3 de Belles Arts d\u2019Elx<\/strong> (ABAE). La mostra reuneix prop de 80 obres de nombrosos membres de l\u2019entitat, principalment pintura, encara que tamb\u00e9 incorpora fotografia i escultura. L\u2019exposici\u00f3 podr\u00e0 visitar-se fins al 27 de setembre.<\/p>\n<p>El cinema d\u2019estiu mant\u00e9 la seua pres\u00e8ncia en les pedanies amb diferents sessions gratu\u00eftes. <strong>Wolfgang<\/strong> (extraordinari) arribar\u00e0 el divendres 28 d\u2019agost a la Foia, mentre que <em>El casopl\u00f3n<\/em> es projectar\u00e0 el dissabte 29 a <strong>Santa Anna<\/strong> i <strong>Vallverde<\/strong> i el diumenge 30 a <strong>Algoda<\/strong>. Eixe mateix diumenge, <strong>Perleta<\/strong> acollir\u00e0 la pel\u00b7l\u00edcula musical <em>Voy a pas\u00e1rmelo bien.<\/em> Totes les sessions comen\u00e7aran a les 21.30 hores i tindran entrada lliure fins a completar l\u2019aforament.<\/p>\n<p>L\u2019oferta expositiva continua, a m\u00e9s, amb <strong>L&#8217;empremta de Dion\u00eds<\/strong> al <strong>MAHE<\/strong>, Evoluci\u00f3 i S\u00edntesi: 1989-2026 de <strong>Cristina Navarro<\/strong> al <strong>MACE<\/strong> i la mostra de l\u2019<strong>Escola de Pintura Hort del Xocolater<\/strong> a la <strong>Llotja Medieval<\/strong>.<\/p>\n<p>L\u2019agenda es completa amb <em>La jogueteria del passat. Construint somnis<\/em> al <strong>Museu Escolar de Pu\u00e7ol<\/strong>, una exposici\u00f3 que recorre l\u2019evoluci\u00f3 de la joguina i posa en valor la important tradici\u00f3 joguetera de la <strong>Comunitat Valenciana<\/strong>.[\/vc_column_text][\/vc_column][\/vc_row][vc_row el_id=&#8221;TEXTO_FIN_NOTICIA&#8221;][vc_column][vc_column_text css=&#8221;&#8221;]<\/p>\n<h5>BARRIS I PEDANIES<\/h5>\n<p><strong>FESTIVAL: <em>IV Festival d\u2019Havaneres del Pinet<\/em><\/strong><\/p>\n<p><strong>La Marina. Aparcament del Pinet, al costat de l\u2019antic c\u00e0mping municipal<\/strong><\/p>\n<p><strong>Divendres 28 d\u2019agost a les 21:00 h<\/strong><\/p>\n<p>Entrada lliure fins a completar aforament<\/p>\n<p>Informaci\u00f3: Quan l&#8217;estiu s&#8217;acomiada i la brisa del Mediterrani envolta la platja del Pinet, la m\u00fasica es convertix en la gran protagonista. El Festival d&#8217;Havaneres oferix una experi\u00e8ncia \u00fanica en la qual tradici\u00f3, cultura i emoci\u00f3 es fonen en un entorn privilegiat. M\u00e9s que un concert, \u00e9s una celebraci\u00f3 de les arrels i del llegat cultural de la comarca, mantingut viu gr\u00e0cies a l&#8217;entusiasme i la dedicaci\u00f3 de ve\u00efns, corals i rondalles. Cada edici\u00f3 reunix persones de totes les edats entorn d&#8217;unes melodies que evoquen la hist\u00f2ria, enfortixen els lla\u00e7os amb el territori i convertixen esta cita en un dels esdeveniments m\u00e9s entranyables del final de l&#8217;estiu a Elx.<\/p>\n<p><strong>CINEMA D&#8217;ESTIU: <em>Wolfgang (extraordinario)<\/em><\/strong><\/p>\n<p>La Foia. Pla\u00e7a de la Torre del Gall<\/p>\n<p>Divendres 28 d\u2019agost a les 21:30 h<\/p>\n<p>Entrada lliure fins a completar aforament<\/p>\n<p>&nbsp;<\/p>\n<p>Sinopsi: Wolfgang, un xiquet de 10 anys superdotat i amb trastorn de l&#8217;espectre autista, es veu obligat a viure amb el seu pare, a qui no ha vist mai, despr\u00e9s de la mort de sa mare.<\/p>\n<p>Carles afronta el repte amb ganes i voluntat, per\u00f2 Wolfgang no suporta la conviv\u00e8ncia i planeja convertir-se en el millor pianista del m\u00f3n. Quan Carles ho descobrix, ha de decidir entre la seua gran oportunitat com a actor o convertir-se en el pare que necessita un xiquet com Wolfgang.<\/p>\n<p><strong>CINEMA D&#8217;ESTIU: <em>El casopl\u00f3n<\/em>\u00a0<\/strong><\/p>\n<p>Sinopsi:\u00a0 To\u00f1i i Carlos passen per un estiu especialment dif\u00edcil al costat dels seus tres fills. Sense vacacions, compartint un xicotet pis i amb els dos pares bolcats en el treball, la fam\u00edlia a penes troba un respir. Quan l&#8217;aire condicionat s&#8217;avaria en plena onada de calor, sorgix una inesperada oportunitat: passar uns dies en la impressionant mansi\u00f3 on Carlos treballa com a jardiner.<\/p>\n<p>El que comen\u00e7a com una soluci\u00f3 temporal per a combatre la calor acaba convertint-se en una experi\u00e8ncia inoblidable. Entre luxoses vivendes, ve\u00efns singulars i situacions tan divertides com inesperades, la fam\u00edlia viur\u00e0 unes vacacions diferents que posaran a prova els seus somnis, enfortiran els seus lla\u00e7os i els faran descobrir que la verdadera felicitat no sempre dep\u00e9n de les coses materials.<\/p>\n<p><strong>Santa Anna. Centre c\u00edvic<br \/>\n<\/strong><strong>Dissabte 29 d\u2019agost a les 21:30 h<\/strong><\/p>\n<p><strong>Vallverde. Pla\u00e7a de l\u2019Esgl\u00e9sia<br \/>\n<\/strong><strong>Dissabte 29 d\u2019agost a les 21:30 h<\/strong><\/p>\n<p><strong>Algoda. Ermita \u00c0ngel de la Guarda<br \/>\n<\/strong><strong>Diumenge 30 d\u2019agost a les 21:30 h<\/strong><\/p>\n<p>Entrada lliure fins a completar aforament<\/p>\n<p>&nbsp;<\/p>\n<p><strong>CINEMA D&#8217;ESTIU: <em>Voy a pas\u00e1rmelo bien <\/em><\/strong><\/p>\n<p><strong>Perleta. Pla\u00e7a de l\u2019Esgl\u00e9sia<\/strong><\/p>\n<p><strong>Diumente 30 d\u2019agost a les 21:30 h<\/strong><\/p>\n<p>Entrada lliure fins a completar aforament<\/p>\n<p>&nbsp;<\/p>\n<p>Sinopsi: Valladolid, 1989. David i Layla acaben de comen\u00e7ar octau d\u2019EGB i els encanta \u201cHombres G\u201d.<\/p>\n<p>Tamb\u00e9 s&#8217;agraden molt entre ells, per\u00f2 a David no li funcionen totes les coses que fa per a conquistar-la. Malgrat tot, els dos es fan inseparables.<\/p>\n<p>M\u00e9s de trenta anys despr\u00e9s. tornen a trobar-se quan Layla torna a Valladolid per a rebre un homenatge, els dos passaran junts una setmana en la qual s&#8217;adonen que els xiquets que van ser no han desaparegut del tot.<\/p>\n<h5>MAHE. MUSEU ARQUOL\u00d2GIC I D&#8217;HIST\u00d2RIA D&#8217;ELX<\/h5>\n<p><strong>EXPOSICI\u00d3: L&#8217;empremta de Dion\u00eds<\/strong><\/p>\n<p>Del divendres 10 d\u2019abril al diumenge 11 d\u2019octubre<\/p>\n<p>Sala d\u2019exposicions temporals<\/p>\n<p>&nbsp;<\/p>\n<p>Informaci\u00f3: Al llarg dels \u00faltims huit mil anys, el vi ha acompanyat el desenrotllament de la humanitat com a aliment, s\u00edmbol i element cultural. Des de les primeres civilitzacions agr\u00edcoles, cultivar la vinya va significar assentar-se en un territori, cuidar la terra i esperar el pas de les estacions. Aix\u00ed, el treball agr\u00edcola es va convertir en cultura.<\/p>\n<p>L&#8217;exposici\u00f3 L\u2019empremta de Dion\u00eds brinda una excepcional ocasi\u00f3 d&#8217;aproximar-se a la cultura del vi des d&#8217;un punt de vista hist\u00f2ric, arqueol\u00f2gic i art\u00edstic, gr\u00e0cies a una de les millors col\u00b7leccions que existixen en el m\u00f3n relacionades amb esta tem\u00e0tica, la col\u00b7lecci\u00f3 del Museu Vivanco de la Cultura del Vi. Considerat per la UNESCO com un dels millors museus, posse\u00efx una valuosa col\u00b7lecci\u00f3 d&#8217;elevada qualitat cient\u00edfica i patrimonial que combina objectes arqueol\u00f2gics, etnol\u00f2gics i art\u00edstics que es relacionen d&#8217;un mode o un altre amb el vi.<\/p>\n<p>La selecci\u00f3 d&#8217;objectes i obres d&#8217;art realitzada pels comissaris de l&#8217;exposici\u00f3, Santiago Vivanco S\u00e1enz i Miguel F. P\u00e9rez Blasco, permet rec\u00f3rrer aspectes econ\u00f2mics, religiosos, art\u00edstics i culturals, amb peces mesopot\u00e0miques, eg\u00edpcies, gregues i romanes, i en les quals tamb\u00e9 s&#8217;han inserit algunes peces arqueol\u00f2giques destacades de la pr\u00f2pia col\u00b7lecci\u00f3 del Museu Arqueol\u00f2gic i d&#8217;Hist\u00f2ria d&#8217;Elx (MAHE). Des del punt de vista art\u00edstic, obres d\u2019An\u00edbal Carraci, Andrea Mantegna, Giulio Romano, Josep de Ribera, Manuel Benedito, Eduardo Rosales, Picasso o Dal\u00ed permeten aproximar el visitant a l&#8217;evoluci\u00f3 de la imatge mitol\u00f2gica del d\u00e9u de vi, Dion\u00eds \/ Bacus a trav\u00e9s de la Hist\u00f2ria.<\/p>\n<h5>MACE<\/h5>\n<p><strong>Exposici\u00f3: Evoluci\u00f3 i S\u00edntesi: 1989-2026, de Cristina Navarro <\/strong><\/p>\n<p>Del divendres 15 de maig al diumenge 27 de setembre de 2026<\/p>\n<p>Horari: de dimarts a dissabte de 10:00 a 14:00 h i de 15:00 a 18:00 h. Diumenges i festius de 10:00 a 14:00 h<\/p>\n<h5>LLOTJA MEDIEVAL<\/h5>\n<p><strong>EXPOSICI\u00d3: <em>Escola de pintura Hort del Xocolater,<\/em> de la Fundaci\u00f3 Mediterrani<\/strong><\/p>\n<p>Del dissabte 30 de maig al dijous 3 de setembre<\/p>\n<p>Horari: de dimarts\u00a0 a dissabte de 10:00 a 14:00 h i de 15:00 a 18:00 h. Diumenges i festius de 10:00 a 14:00 h<\/p>\n<p>&nbsp;<\/p>\n<p>Informaci\u00f3: Exposici\u00f3 d&#8217;una selecci\u00f3 de treballs que els alumnes de l&#8217;escola de pintura han realitzat durant el curs 25-26.<\/p>\n<p>Durant mig segle, l&#8217;escola de pintura Hort del Xocolater ha sigut un actor fonamental de l&#8217;educaci\u00f3 art\u00edstica a la ciutat d&#8217;Elx que ha format milers d&#8217;alumnes i s\u2019ha consolidat com un referent cultural i pedag\u00f2gic. La nostra proposta educativa es basa en un enfocament integral que combina l&#8217;aprenentatge de diverses t\u00e8cniques pict\u00f2riques amb el desenrotllament de la creativitat i la capacitat d&#8217;observar i interpretar la naturalesa. A trav\u00e9s d&#8217;esta experi\u00e8ncia formativa, els estudiants no sols adquirixen habilitats art\u00edstiques, sin\u00f3 que tamb\u00e9 interioritzen valors fonamentals com el respecte i la conservaci\u00f3 del patrimoni cultural i mediambiental d&#8217;Elx.<\/p>\n<p>L&#8217;escola de pintura convertix el palmerar il\u00b7licit\u00e0 en una aula oberta i inspiradora que integra el paisatge natural en la identitat col\u00b7lectiva dels seus alumnes. Aix\u00ed, cultura, ciutat, patrimoni i mem\u00f2ria s&#8217;entrellacen en un espai de creaci\u00f3 que fomenta la connexi\u00f3 entre l&#8217;art i l&#8217;entorn.<\/p>\n<p>Aprofitant la inauguraci\u00f3 de l&#8217;exposici\u00f3, a partir del mateix dia 30 de maig, s&#8217;obrir\u00e0 el termini d&#8217;inscripci\u00f3 per al nou curs 26-27, que comen\u00e7ar\u00e0 el dissabte dia 3 d&#8217;octubre de 2026.<\/p>\n<p>M\u00e9s informaci\u00f3 en:<\/p>\n<p><a href=\"https:\/\/fundacionmediterraneo.es\/\">https:\/\/fundacionmediterraneo.es\/<\/a><\/p>\n<p>i <a href=\"mailto:fundacion@fundacionmediterraneo.es\">fundacion@fundacionmediterraneo.es<\/a><\/p>\n<h5>LES CLARISSES<\/h5>\n<p><strong>EXPOSICI\u00d3 COL\u00b7LECTIVA:<em> 30 Aniversari de l\u2019Associaci\u00f3 de Belles Arts d\u2019Elx (ABAE)<\/em><\/strong><\/p>\n<p>Del dissabte 29 d\u2019agost al diumenge 27 de setembre<\/p>\n<p><strong>Inauguraci\u00f3: dissabte 29 d\u2019agost a les 12:00 h<\/strong><\/p>\n<p>Horari: de dimarts\u00a0 a dissabte de 10:00 a 14:00 h i de 15:00 a 18:00 h. Diumenges i festius de 10:00 a 14:00 h<\/p>\n<p>&nbsp;<\/p>\n<p>Informaci\u00f3:\u00a0 Amb motiu del 30 aniversari, l&#8217;Associaci\u00f3 de Belles Arts d&#8217;Elx presenta una exposici\u00f3 col\u00b7lectiva que reunix prop de huitanta obres realitzades per nombrosos membres de l&#8217;entitat.<\/p>\n<p>La mostra, principalment pict\u00f2rica, incorpora tamb\u00e9 peces de fotografia i escultura, i oferix un recorregut per la diversitat de t\u00e8cniques, estils i sensibilitats creatives que conviuen en l&#8217;associaci\u00f3.<\/p>\n<p>Una celebraci\u00f3 de tres d\u00e8cades dedicades a la promoci\u00f3 de les belles arts i al foment de la creaci\u00f3 art\u00edstica a la ciutat d&#8217;Elx.<\/p>\n<h5>MUSEU ESCOLAR DE PU\u00c7OL<\/h5>\n<p><strong>EXPOSICI\u00d3: <em>La botiga de joguets del passat. Construint somnis<\/em><\/strong><\/p>\n<p><strong>Del dimecres 10 de juny de 2026 al diumenge 10 de gener de 2027<\/strong><\/p>\n<p><strong>Horari: de dilluns a divendres de 9:00 a 17:00 h. Dissabtes i diumenges d\u201911:00 a 14:00 h<\/strong><\/p>\n<p>&nbsp;<\/p>\n<p>Informaci\u00f3: dins de la programaci\u00f3 anual d&#8217;activitats del Museu Escolar de Pu\u00e7ol, destaca l&#8217;exposici\u00f3 escolar, una iniciativa en la qual l&#8217;alumnat del col\u00b7legi de Pu\u00e7ol entra en contacte directe amb el patrimoni que salvaguarda el museu.<\/p>\n<p>En eixe sentit, exercix com a comissari de la mostra, seleccionant peces i la manera d&#8217;exposar-les. Enguany, el tema central ha sigut el joguet, per la qual cosa s&#8217;ha realitzat un recorregut per la prov\u00edncia d&#8217;Alacant per a con\u00e9ixer les ind\u00fastries del sector, les primeres marques comercials i els punts de venda a la ciutat d&#8217;Elx.<\/p>\n<p>L&#8217;alumnat i l&#8217;equip del museu col\u00b7laboren en este projecte sobre el joguet, element universal que ha evolucionat radicalment des del segle passat. Resulta ineludible esmentar la gran tradici\u00f3 joguetera de la Comunitat Valenciana, amb focus principals a Ibi, Onil, Castalla o D\u00e9nia, on van sorgir especialistes en nines i joguets de llanda, que van tindre, fins i tot, projecci\u00f3 internacional. Este treball ret homenatge tant als artesans humils com a empreses ic\u00f2niques -FAMOSA, PAY\u00c1 o JYESA- que van consolidar un teixit industrial fonamental per a la regi\u00f3.<\/p>\n<p>&nbsp;<\/p>\n<hr \/>\n<p>[\/vc_column_text][\/vc_column][\/vc_row][vc_row][vc_column width=&#8221;1\/6&#8243;][\/vc_column][vc_column width=&#8221;2\/3&#8243;]<audio class=\"sc_audio\" src=\"\" width=\"\" height=\"\"><\/audio>[\/vc_column][vc_column width=&#8221;1\/6&#8243;][\/vc_column][\/vc_row]<\/p>\n<\/div>","protected":false},"excerpt":{"rendered":"<p>[vc_row el_id=&#8221;SUBTITULAR_NOTICIA&#8221;][vc_column][vc_column_text css=&#8221;&#8221;] Les Clarisses inaugura l\u2019exposici\u00f3 pel 30 aniversari de l\u2019Associaci\u00f3 de Belles Arts d\u2019Elx i el cinema d\u2019estiu continua en les pedanies [\/vc_column_text][\/vc_column][\/vc_row][vc_row el_id=&#8221;TEXTO_NOTICIA&#8221;][vc_column][vc_column_text css=&#8221;&#8221;]La platja del Pinet [&hellip;]<\/p>\n","protected":false},"author":198,"featured_media":336035,"comment_status":"closed","ping_status":"closed","sticky":false,"template":"","format":"standard","meta":{"footnotes":""},"categories":[193,391,1312],"tags":[],"class_list":["post-362612","post","type-post","status-publish","format-standard","has-post-thumbnail","hentry","category-cultura-va","category-home-va","category-noticias-va"],"_links":{"self":[{"href":"https:\/\/www.elche.es\/va\/wp-json\/wp\/v2\/posts\/362612","targetHints":{"allow":["GET"]}}],"collection":[{"href":"https:\/\/www.elche.es\/va\/wp-json\/wp\/v2\/posts"}],"about":[{"href":"https:\/\/www.elche.es\/va\/wp-json\/wp\/v2\/types\/post"}],"author":[{"embeddable":true,"href":"https:\/\/www.elche.es\/va\/wp-json\/wp\/v2\/users\/198"}],"replies":[{"embeddable":true,"href":"https:\/\/www.elche.es\/va\/wp-json\/wp\/v2\/comments?post=362612"}],"version-history":[{"count":2,"href":"https:\/\/www.elche.es\/va\/wp-json\/wp\/v2\/posts\/362612\/revisions"}],"predecessor-version":[{"id":362614,"href":"https:\/\/www.elche.es\/va\/wp-json\/wp\/v2\/posts\/362612\/revisions\/362614"}],"wp:featuredmedia":[{"embeddable":true,"href":"https:\/\/www.elche.es\/va\/wp-json\/wp\/v2\/media\/336035"}],"wp:attachment":[{"href":"https:\/\/www.elche.es\/va\/wp-json\/wp\/v2\/media?parent=362612"}],"wp:term":[{"taxonomy":"category","embeddable":true,"href":"https:\/\/www.elche.es\/va\/wp-json\/wp\/v2\/categories?post=362612"},{"taxonomy":"post_tag","embeddable":true,"href":"https:\/\/www.elche.es\/va\/wp-json\/wp\/v2\/tags?post=362612"}],"curies":[{"name":"wp","href":"https:\/\/api.w.org\/{rel}","templated":true}]}}