{"id":362626,"date":"2026-09-02T09:32:58","date_gmt":"2026-09-02T07:32:58","guid":{"rendered":"https:\/\/www.elche.es\/2026\/09\/les-obres-de-reforma-integral-dels-mercats-de-la-placa-de-madrid-i-barcelona-continuen-amb-demolicions\/"},"modified":"2026-09-02T09:33:06","modified_gmt":"2026-09-02T07:33:06","slug":"les-obres-de-reforma-integral-dels-mercats-de-la-placa-de-madrid-i-barcelona-continuen-amb-demolicions","status":"publish","type":"post","link":"https:\/\/www.elche.es\/va\/2026\/09\/les-obres-de-reforma-integral-dels-mercats-de-la-placa-de-madrid-i-barcelona-continuen-amb-demolicions\/","title":{"rendered":"Les obres de reforma integral dels mercats de la pla\u00e7a de Madrid i Barcelona continuen amb demolicions"},"content":{"rendered":"<div class=\"wpb-content-wrapper\"><p>[vc_row el_id=&#8221;SUBTITULAR_NOTICIA&#8221;][vc_column][vc_column_text css=&#8221;&#8221;]<\/p>\n<hr \/>\n<h4 dir=\"auto\" data-pm-slice=\"1 1 []\">En el de <strong data-start=\"9\" data-end=\"34\">la pla\u00e7a Barcelona<\/strong> ha culminat la major part del buidatge de l\u2019edifici i ha comen\u00e7at l\u2019execuci\u00f3 de les plataformes de les noves parades<\/h4>\n<hr \/>\n<p>[\/vc_column_text][\/vc_column][\/vc_row][vc_row el_id=&#8221;TEXTO_NOTICIA&#8221;][vc_column][vc_column_text css=&#8221;&#8221;]Les obres de reforma integral dels mercats de <strong>pla\u00e7a Madrid<\/strong> i <strong>pla\u00e7a Barcelona<\/strong> continuen d\u2019acord amb la planificaci\u00f3 prevista des que es van iniciar el passat mes de juliol, amb l\u2019execuci\u00f3 de noves fases que permetran transformar els dos espais comercials i adaptar-los a les necessitats actuals del comer\u00e7 de proximitat del barri de <strong>Carr\u00fas<\/strong>.<\/p>\n<p>Concretament, en el <strong>Mercat de la pla\u00e7a de Barcelona<\/strong>, s\u2019ha concl\u00f2s la major part dels treballs de demolici\u00f3 i buidatge de l\u2019edifici. Durant aquesta fase s\u2019han retirat les particions existents entre les parades, aix\u00ed com les instal\u00b7lacions i els revestiments, d\u2019acord amb el projecte de reforma.<\/p>\n<p>Aix\u00ed mateix, en aquelles instal\u00b7lacions que est\u00e0 previst conservar, s\u2019han realitzat els assajos corresponents per a comprovar-ne l\u2019estat de conservaci\u00f3 i determinar-ne les possibilitats d\u2019aprofitament. Estes proves s\u2019han superat amb \u00e8xit.<\/p>\n<p>Actualment, els treballs se centren en l\u2019execuci\u00f3 de les plataformes de les parades, d\u2019acord amb la distribuci\u00f3 prevista en el projecte, i es dona aix\u00ed forma a la nova organitzaci\u00f3 de l\u2019espai comercial de la planta baixa.[\/vc_column_text][vc_single_image image=&#8221;362430&#8243; img_size=&#8221;full&#8221; onclick=&#8221;link_image&#8221; css=&#8221;&#8221; el_class=&#8221;fotounicanoticia&#8221;][\/vc_column][\/vc_row][vc_row el_id=&#8221;DESTACADO_NOTICIA&#8221;][vc_column][vc_column_text css=&#8221;&#8221; el_class=&#8221;cuadronoticia&#8221;]<\/p>\n<h5><span style=\"font-size: 16px;\">En el de <\/span><strong style=\"font-size: 16px;\" data-start=\"9\" data-end=\"28\">pla\u00e7a de Madrid<\/strong><span style=\"font-size: 16px;\"> es prepara la gran obertura de l\u2019espai central que connectar\u00e0 els dos nivells<\/span><\/h5>\n<p><\/p>\n<div class=\"z-0 flex min-h-[46px] justify-start\"><\/div>\n<p><\/p>\n<div class=\"pointer-events-none -mb-px h-px w-full opacity-0\" aria-hidden=\"true\"><\/div>\n<p>[\/vc_column_text][\/vc_column][\/vc_row][vc_row el_id=&#8221;TEXTO_FIN_NOTICIA&#8221;][vc_column][vc_column_text css=&#8221;&#8221;]Per la seua banda, les obres del <strong>mercat de la pla\u00e7a de Madrid<\/strong> es desenvolupen tamb\u00e9 d\u2019acord amb el pla d\u2019obra previst. Fins ara s\u2019ha completat el buidatge de l\u2019edifici, amb la retirada de les parades, les particions, les instal\u00b7lacions i els revestiments existents.<\/p>\n<p>En aquests moments s\u2019est\u00e0 duent a terme l\u2019avaluaci\u00f3 de l\u2019estructura de l\u2019edifici, al mateix temps que es conclou la retirada del revestiment de la fa\u00e7ana. Una vegada finalitzats aquests treballs, s\u2019iniciar\u00e0 la demolici\u00f3 de la part central del forjat superior, una actuaci\u00f3 que permetr\u00e0 dur a terme l\u2019obertura que connectar\u00e0 visualment i espacialment els dos nivells del mercat.<\/p>\n<p>A continuaci\u00f3, s\u2019executaran els refor\u00e7os estructurals necessaris, aix\u00ed com les cimentacions corresponents al nou ascensor i al nucli d\u2019escales, elements fonamentals per a millorar l\u2019accessibilitat i configurar el nou espai interior del mercat.<\/p>\n<p>La reforma integral dels dos mercats compta amb una inversi\u00f3 conjunta de m\u00e9s de <strong>4,45 milions d\u2019euros<\/strong>, amb 2,5 milions destinats al <strong>mercat de la pla\u00e7a Madrid<\/strong> i 1,9 milions al <strong>mercat de la pla\u00e7a Barcelona<\/strong>, i un termini d\u2019execuci\u00f3 previst de deu mesos.<\/p>\n<hr \/>\n<p>[\/vc_column_text][\/vc_column][\/vc_row]<\/p>\n<\/div>","protected":false},"excerpt":{"rendered":"<p>[vc_row el_id=&#8221;SUBTITULAR_NOTICIA&#8221;][vc_column][vc_column_text css=&#8221;&#8221;] En el de la pla\u00e7a Barcelona ha culminat la major part del buidatge de l\u2019edifici i ha comen\u00e7at l\u2019execuci\u00f3 de les plataformes de les noves parades [\/vc_column_text][\/vc_column][\/vc_row][vc_row [&hellip;]<\/p>\n","protected":false},"author":198,"featured_media":362433,"comment_status":"closed","ping_status":"closed","sticky":false,"template":"","format":"standard","meta":{"footnotes":""},"categories":[391,3013,1312],"tags":[],"class_list":["post-362626","post","type-post","status-publish","format-standard","has-post-thumbnail","hentry","category-home-va","category-mercats","category-noticias-va"],"_links":{"self":[{"href":"https:\/\/www.elche.es\/va\/wp-json\/wp\/v2\/posts\/362626","targetHints":{"allow":["GET"]}}],"collection":[{"href":"https:\/\/www.elche.es\/va\/wp-json\/wp\/v2\/posts"}],"about":[{"href":"https:\/\/www.elche.es\/va\/wp-json\/wp\/v2\/types\/post"}],"author":[{"embeddable":true,"href":"https:\/\/www.elche.es\/va\/wp-json\/wp\/v2\/users\/198"}],"replies":[{"embeddable":true,"href":"https:\/\/www.elche.es\/va\/wp-json\/wp\/v2\/comments?post=362626"}],"version-history":[{"count":2,"href":"https:\/\/www.elche.es\/va\/wp-json\/wp\/v2\/posts\/362626\/revisions"}],"predecessor-version":[{"id":362628,"href":"https:\/\/www.elche.es\/va\/wp-json\/wp\/v2\/posts\/362626\/revisions\/362628"}],"wp:featuredmedia":[{"embeddable":true,"href":"https:\/\/www.elche.es\/va\/wp-json\/wp\/v2\/media\/362433"}],"wp:attachment":[{"href":"https:\/\/www.elche.es\/va\/wp-json\/wp\/v2\/media?parent=362626"}],"wp:term":[{"taxonomy":"category","embeddable":true,"href":"https:\/\/www.elche.es\/va\/wp-json\/wp\/v2\/categories?post=362626"},{"taxonomy":"post_tag","embeddable":true,"href":"https:\/\/www.elche.es\/va\/wp-json\/wp\/v2\/tags?post=362626"}],"curies":[{"name":"wp","href":"https:\/\/api.w.org\/{rel}","templated":true}]}}