{"id":362629,"date":"2026-09-02T10:19:39","date_gmt":"2026-09-02T08:19:39","guid":{"rendered":"https:\/\/www.elche.es\/2026\/09\/el-tanc-de-tempestes-dels-arenals-ja-esta-operatiu-per-a-evitar-desbordaments-en-epoques-de-pluges-intenses\/"},"modified":"2026-09-02T10:19:49","modified_gmt":"2026-09-02T08:19:49","slug":"el-tanc-de-tempestes-dels-arenals-ja-esta-operatiu-per-a-evitar-desbordaments-en-epoques-de-pluges-intenses","status":"publish","type":"post","link":"https:\/\/www.elche.es\/va\/2026\/09\/el-tanc-de-tempestes-dels-arenals-ja-esta-operatiu-per-a-evitar-desbordaments-en-epoques-de-pluges-intenses\/","title":{"rendered":"El tanc de tempestes dels Arenals ja est\u00e0 operatiu per a evitar desbordaments en \u00e8poques de pluges intenses."},"content":{"rendered":"<div class=\"wpb-content-wrapper\"><p>[vc_row el_id=&#8221;SUBTITULAR_NOTICIA&#8221;][vc_column][vc_column_text css=&#8221;&#8221;]<\/p>\n<hr \/>\n<h4>Esta nova infraestructura t\u00e9 una capacitat d\u20191 mili\u00f3 de litres d\u2019aigua per a previndre desbordaments en la xarxa de sanejament, principalment a l\u2019avinguda de Sant Bartolom\u00e9 de Tirajana i a la zona de costa<\/h4>\n<hr \/>\n<p>[\/vc_column_text][\/vc_column][\/vc_row][vc_row el_id=&#8221;TEXTO_NOTICIA&#8221;][vc_column][vc_column_text css=&#8221;&#8221;]El nou tanc de tempestes dels <strong>Arenals del Sol<\/strong>, situat a l\u2019<strong>avinguda Sant Bartolom\u00e9 de Tirajana<\/strong>, ja est\u00e0 en funcionament, amb l\u2019objectiu de refor\u00e7ar i previndre desbordaments en la xarxa de sanejament en esta zona sensible durant els episodis de pluges m\u00e9s intenses.<\/p>\n<p>L\u2019actuaci\u00f3, duta a terme per l\u2019<strong>Ajuntament d\u2019Elx<\/strong>, a trav\u00e9s de l\u2019empresa mixta <strong>Aig\u00fces d\u2019Elx<\/strong>, ha suposat una inversi\u00f3 d\u20191,2 milions d\u2019euros, dins de les actuacions estrat\u00e8giques del <strong>Pla de Pluvials<\/strong> desenvolupat per l\u2019empresa mixta, i es tracta del primer tanc de tempestes d\u2019estes caracter\u00edstiques en tot el municipi.<\/p>\n<p>Este dep\u00f2sit de retenci\u00f3 d\u2019aig\u00fces pluvials t\u00e9 una <strong>capacitat d\u20191 mili\u00f3 de litres d\u2019aigua<\/strong> i permetr\u00e0 retenir l\u2019exc\u00e9s de cabal en per\u00edodes de pluges abundants i evitar aix\u00ed situacions de desbordament en el sistema de sanejament, especialment a l\u2019<strong>avinguda Sant Bartolom\u00e9 de Tirajana<\/strong> i a la zona de costa.[\/vc_column_text][\/vc_column][\/vc_row][vc_row el_id=&#8221;DESTACADO_NOTICIA&#8221;][vc_column][vc_column_text css=&#8221;&#8221; el_class=&#8221;cuadronoticia&#8221;]<\/p>\n<h5>L\u2019actuaci\u00f3, d\u20191,2 milions d\u2019euros, ha suposat, a m\u00e9s, la instal\u00b7laci\u00f3 d\u2019una zona de cal\u00b7list\u00e8nia a la part superior<\/h5>\n<p>[\/vc_column_text][\/vc_column][\/vc_row][vc_row el_id=&#8221;TEXTO_FIN_NOTICIA&#8221;][vc_column][vc_column_text css=&#8221;&#8221;]L\u2019objectiu \u00e9s donar soluci\u00f3 als problemes de car\u00e0cter pluviom\u00e8tric que hi ha als <strong>Arenals del Sol<\/strong>, al mateix temps que suposa una aposta per la reutilitzaci\u00f3 de l\u2019aigua regenerada. En este sentit, despr\u00e9s dels episodis de pluges, l\u2019aigua emmagatzemada s\u2019impulsar\u00e0 mitjan\u00e7ant l\u2019estaci\u00f3 de bombeig existent fins a l\u2019<strong>EDAR<\/strong> dels Arenals per al seu tractament. Posteriorment, l\u2019aigua regenerada es destinar\u00e0 al manteniment de les basses artificials del <strong>Clot de Galvany<\/strong> i per a \u00fas agr\u00edcola.<\/p>\n<p>A m\u00e9s de la millora hidr\u00e0ulica, l\u2019actuaci\u00f3 ha suposat tamb\u00e9 la instal\u00b7laci\u00f3 d\u2019una zona de cal\u00b7list\u00e8nia a l\u2019aire lliure, amb la qual cosa es crea un nou espai per a la pr\u00e0ctica esportiva a la pedania.<\/p>\n<hr \/>\n<p>[\/vc_column_text][\/vc_column][\/vc_row]<\/p>\n<\/div>","protected":false},"excerpt":{"rendered":"<p>[vc_row el_id=&#8221;SUBTITULAR_NOTICIA&#8221;][vc_column][vc_column_text css=&#8221;&#8221;] Esta nova infraestructura t\u00e9 una capacitat d\u20191 mili\u00f3 de litres d\u2019aigua per a previndre desbordaments en la xarxa de sanejament, principalment a l\u2019avinguda de Sant Bartolom\u00e9 de [&hellip;]<\/p>\n","protected":false},"author":198,"featured_media":362437,"comment_status":"closed","ping_status":"closed","sticky":false,"template":"","format":"standard","meta":{"footnotes":""},"categories":[1546,391,1312],"tags":[],"class_list":["post-362629","post","type-post","status-publish","format-standard","has-post-thumbnail","hentry","category-emergencias-va","category-home-va","category-noticias-va"],"_links":{"self":[{"href":"https:\/\/www.elche.es\/va\/wp-json\/wp\/v2\/posts\/362629","targetHints":{"allow":["GET"]}}],"collection":[{"href":"https:\/\/www.elche.es\/va\/wp-json\/wp\/v2\/posts"}],"about":[{"href":"https:\/\/www.elche.es\/va\/wp-json\/wp\/v2\/types\/post"}],"author":[{"embeddable":true,"href":"https:\/\/www.elche.es\/va\/wp-json\/wp\/v2\/users\/198"}],"replies":[{"embeddable":true,"href":"https:\/\/www.elche.es\/va\/wp-json\/wp\/v2\/comments?post=362629"}],"version-history":[{"count":2,"href":"https:\/\/www.elche.es\/va\/wp-json\/wp\/v2\/posts\/362629\/revisions"}],"predecessor-version":[{"id":362631,"href":"https:\/\/www.elche.es\/va\/wp-json\/wp\/v2\/posts\/362629\/revisions\/362631"}],"wp:featuredmedia":[{"embeddable":true,"href":"https:\/\/www.elche.es\/va\/wp-json\/wp\/v2\/media\/362437"}],"wp:attachment":[{"href":"https:\/\/www.elche.es\/va\/wp-json\/wp\/v2\/media?parent=362629"}],"wp:term":[{"taxonomy":"category","embeddable":true,"href":"https:\/\/www.elche.es\/va\/wp-json\/wp\/v2\/categories?post=362629"},{"taxonomy":"post_tag","embeddable":true,"href":"https:\/\/www.elche.es\/va\/wp-json\/wp\/v2\/tags?post=362629"}],"curies":[{"name":"wp","href":"https:\/\/api.w.org\/{rel}","templated":true}]}}