{"id":362632,"date":"2026-09-02T10:35:49","date_gmt":"2026-09-02T08:35:49","guid":{"rendered":"https:\/\/www.elche.es\/2026\/09\/elx-intensifica-les-fumigacions-contra-els-mosquits-en-tot-el-municipi\/"},"modified":"2026-09-02T10:35:59","modified_gmt":"2026-09-02T08:35:59","slug":"elx-intensifica-les-fumigacions-contra-els-mosquits-en-tot-el-municipi","status":"publish","type":"post","link":"https:\/\/www.elche.es\/va\/2026\/09\/elx-intensifica-les-fumigacions-contra-els-mosquits-en-tot-el-municipi\/","title":{"rendered":"Elx intensifica les fumigacions contra els mosquits en tot el municipi"},"content":{"rendered":"<div class=\"wpb-content-wrapper\"><p>[vc_row el_id=&#8221;SUBTITULAR_NOTICIA&#8221;][vc_column][vc_column_text css=&#8221;&#8221;]<\/p>\n<hr \/>\n<h4>Estos dies els treballs s\u2019han centrat <strong>a la Foia i Daim\u00e9s<\/strong>, juntament amb <strong>els Arenals del Sol<\/strong> i la zona del <strong>Clot de Galvany<\/strong><\/h4>\n<hr \/>\n<p>[\/vc_column_text][\/vc_column][\/vc_row][vc_row el_id=&#8221;TEXTO_NOTICIA&#8221;][vc_column][vc_column_text css=&#8221;&#8221;]<strong>L\u2019Ajuntament d\u2019Elx<\/strong> ha intensificat els treballs de fumigaci\u00f3 al llarg de tot el municipi per a combatre la proliferaci\u00f3 de mosquits a causa de les altes temperatures registrades durant este estiu, que han afavorit la proliferaci\u00f3 d\u2019estos insectes.<\/p>\n<p>Els treballs de fumigaci\u00f3 s\u2019han intensificat, amb especial atenci\u00f3 i refor\u00e7 en les diferents zones del <strong>camp d\u2019Elx<\/strong>. D\u2019esta manera, es duen a terme fumigacions a\u00e8ries i terrestres i tractaments larvicides en grans extensions d\u2019aigua i zones humides, especialment en saladars i s\u00e9quies.<\/p>\n<p>Estos dies les tasques de fumigaci\u00f3 s\u2019han centrat en tota la zona dels <strong>Arenals del Sol<\/strong> i el <strong>Clot de Galvany<\/strong>, a m\u00e9s de les pedanies de <strong>Daim\u00e9s<\/strong> i <strong>la Foia<\/strong>. Tamb\u00e9 es realitzen tractaments larvicides en focus existents en el nucli urb\u00e0, com \u00e9s el cas dels embornals.[\/vc_column_text][\/vc_column][\/vc_row][vc_row el_id=&#8221;DESTACADO_NOTICIA&#8221;][vc_column][vc_column_text css=&#8221;&#8221; el_class=&#8221;cuadronoticia&#8221;]<\/p>\n<h5>Des de l\u2019Ajuntament demanen la col\u00b7laboraci\u00f3 ve\u00efnal per a eliminar focus de mosquits en les parcel\u00b7les i evitar la cria de larves en propietats privades<\/h5>\n<p>[\/vc_column_text][\/vc_column][\/vc_row][vc_row el_id=&#8221;TEXTO_FIN_NOTICIA&#8221;][vc_column][vc_column_text css=&#8221;&#8221;]<strong>L\u2019Ajuntament d\u2019Elx<\/strong> ha intensificat els treballs de fumigaci\u00f3 al llarg de tot el municipi per a combatre la proliferaci\u00f3 de mosquits a causa de les altes temperatures registrades durant este estiu, que han afavorit la proliferaci\u00f3 d\u2019estos insectes.<\/p>\n<p>Els treballs de fumigaci\u00f3 s\u2019han intensificat, amb especial atenci\u00f3 i refor\u00e7 en les diferents zones del <strong>camp d\u2019Elx<\/strong>. D\u2019esta manera, es duen a terme fumigacions a\u00e8ries i terrestres i tractaments larvicides en grans extensions d\u2019aigua i zones humides, especialment en saladars i s\u00e9quies.<\/p>\n<p>Estos dies les tasques de fumigaci\u00f3 s\u2019han centrat en tota la zona dels <strong>Arenals del Sol<\/strong> i el <strong>Clot de Galvany<\/strong>, a m\u00e9s de les pedanies de <strong>Daim\u00e9s<\/strong> i <strong>la Foia<\/strong>. Tamb\u00e9 es realitzen tractaments larvicides en focus existents en el nucli urb\u00e0, com \u00e9s el cas dels embornals.<\/p>\n<p>Es tracta, en definitiva, de centrar els esfor\u00e7os en les zones on hi ha problemes de proliferaci\u00f3 d\u2019estos insectes, fins a reduir-ne la poblaci\u00f3, al mateix temps que es continuen fent revisions amb tractament all\u00e0 on \u00e9s necessari.<\/p>\n<p>Des de l\u2019<strong>Ajuntament d\u2019Elx<\/strong> es demana la col\u00b7laboraci\u00f3 ve\u00efnal per a eliminar focus de mosquits en les parcel\u00b7les i evitar la cria de larves en propietats privades on la fumigaci\u00f3 no pot arribar.<\/p>\n<hr \/>\n<p>[\/vc_column_text][\/vc_column][\/vc_row]<\/p>\n<\/div>","protected":false},"excerpt":{"rendered":"<p>[vc_row el_id=&#8221;SUBTITULAR_NOTICIA&#8221;][vc_column][vc_column_text css=&#8221;&#8221;] Estos dies els treballs s\u2019han centrat a la Foia i Daim\u00e9s, juntament amb els Arenals del Sol i la zona del Clot de Galvany [\/vc_column_text][\/vc_column][\/vc_row][vc_row el_id=&#8221;TEXTO_NOTICIA&#8221;][vc_column][vc_column_text css=&#8221;&#8221;]L\u2019Ajuntament [&hellip;]<\/p>\n","protected":false},"author":198,"featured_media":362441,"comment_status":"closed","ping_status":"closed","sticky":false,"template":"","format":"standard","meta":{"footnotes":""},"categories":[391,1312,893],"tags":[],"class_list":["post-362632","post","type-post","status-publish","format-standard","has-post-thumbnail","hentry","category-home-va","category-noticias-va","category-sanidad-va"],"_links":{"self":[{"href":"https:\/\/www.elche.es\/va\/wp-json\/wp\/v2\/posts\/362632","targetHints":{"allow":["GET"]}}],"collection":[{"href":"https:\/\/www.elche.es\/va\/wp-json\/wp\/v2\/posts"}],"about":[{"href":"https:\/\/www.elche.es\/va\/wp-json\/wp\/v2\/types\/post"}],"author":[{"embeddable":true,"href":"https:\/\/www.elche.es\/va\/wp-json\/wp\/v2\/users\/198"}],"replies":[{"embeddable":true,"href":"https:\/\/www.elche.es\/va\/wp-json\/wp\/v2\/comments?post=362632"}],"version-history":[{"count":2,"href":"https:\/\/www.elche.es\/va\/wp-json\/wp\/v2\/posts\/362632\/revisions"}],"predecessor-version":[{"id":362634,"href":"https:\/\/www.elche.es\/va\/wp-json\/wp\/v2\/posts\/362632\/revisions\/362634"}],"wp:featuredmedia":[{"embeddable":true,"href":"https:\/\/www.elche.es\/va\/wp-json\/wp\/v2\/media\/362441"}],"wp:attachment":[{"href":"https:\/\/www.elche.es\/va\/wp-json\/wp\/v2\/media?parent=362632"}],"wp:term":[{"taxonomy":"category","embeddable":true,"href":"https:\/\/www.elche.es\/va\/wp-json\/wp\/v2\/categories?post=362632"},{"taxonomy":"post_tag","embeddable":true,"href":"https:\/\/www.elche.es\/va\/wp-json\/wp\/v2\/tags?post=362632"}],"curies":[{"name":"wp","href":"https:\/\/api.w.org\/{rel}","templated":true}]}}