{"id":362654,"date":"2026-09-02T12:17:47","date_gmt":"2026-09-02T10:17:47","guid":{"rendered":"https:\/\/www.elche.es\/2026\/09\/elx-aprova-el-calendari-escolar-definitiu-per-al-curs-2026-2027-amb-un-dia-no-lectiu-mes-per-setmana-santa\/"},"modified":"2026-09-02T12:17:57","modified_gmt":"2026-09-02T10:17:57","slug":"elx-aprova-el-calendari-escolar-definitiu-per-al-curs-2026-2027-amb-un-dia-no-lectiu-mes-per-setmana-santa","status":"publish","type":"post","link":"https:\/\/www.elche.es\/va\/2026\/09\/elx-aprova-el-calendari-escolar-definitiu-per-al-curs-2026-2027-amb-un-dia-no-lectiu-mes-per-setmana-santa\/","title":{"rendered":"Elx aprova el calendari escolar definitiu per al curs 2026-2027 amb un dia no lectiu m\u00e9s per Setmana Santa"},"content":{"rendered":"<div class=\"wpb-content-wrapper\"><p>[vc_row el_id=&#8221;SUBTITULAR_NOTICIA&#8221;][vc_column][vc_column_text css=&#8221;&#8221;]<\/p>\n<hr \/>\n<div class=\"flex max-w-full flex-col gap-4 grow\">\n<div class=\"min-h-8 text-message relative flex w-full flex-col items-end gap-2 text-start break-words whitespace-normal outline-none keyboard-focused:focus-ring [.text-message+&amp;]:mt-1\" dir=\"auto\" tabindex=\"0\" data-message-author-role=\"assistant\" data-message-id=\"34ff7fbb-b6d7-4016-83c9-83824a54b923\" data-message-model-slug=\"gpt-5-6-mini\" data-turn-start-message=\"true\">\n<div class=\"flex w-full flex-col gap-1 empty:hidden\">\n<div class=\"fbskMG_root markdown prose dark:prose-invert wrap-break-word w-full light markdown-new-styling\">\n<h4 class=\"PDq2pG_selectionAnchorContainer\" data-start=\"0\" data-end=\"140\" data-is-last-node=\"\" data-is-only-node=\"\">El per\u00edode de vacances s\u2019estendr\u00e0 del 24 de mar\u00e7 al 5 d\u2019abril i comen\u00e7ar\u00e0 Dimecres Sant, en lloc de Dijous Sant com en anys anteriors<\/h4>\n<\/div>\n<p><\/div>\n<p><\/div>\n<p><\/div>\n<hr \/>\n<p>[\/vc_column_text][\/vc_column][\/vc_row][vc_row el_id=&#8221;TEXTO_NOTICIA&#8221;][vc_column][vc_column_text css=&#8221;&#8221;]La regidora d\u2019Educaci\u00f3, Mar\u00eda Bonmat\u00ed, ha donat a con\u00e9ixer el calendari escolar per a este curs 2026-2027 despr\u00e9s de la resoluci\u00f3 definitiva de la Direcci\u00f3 Territorial d\u2019Educaci\u00f3, que autoritza els dies no lectius i les modificacions de calendari proposades pel Consell Escolar Municipal.<\/p>\n<p>Finalment, el curs escolar comen\u00e7ar\u00e0 dimecres que ve, 9 de setembre, per a l\u2019alumnat d\u2019Educaci\u00f3 Infantil, Prim\u00e0ria, ESO, Batxillerat i Formaci\u00f3 Professional. El 14 de setembre comen\u00e7aran les classes de Formaci\u00f3 de Persones Adultes, ensenyaments art\u00edstics i determinats ensenyaments de Formaci\u00f3 Professional; el 21 de setembre ser\u00e0 el torn dels Ensenyaments Esportius de R\u00e8gim Especial, i el 28 de setembre s\u2019iniciaran els Ensenyaments d\u2019Idiomes.<\/p>\n<p>La regidora d\u2019Educaci\u00f3, Mar\u00eda Bonmat\u00ed, ha destacat que des de l\u2019Ajuntament \u00abhem treballat perqu\u00e8 el calendari responga de la millor manera possible a les necessitats de la nostra comunitat educativa i a les particularitats del nostre municipi\u00bb.[\/vc_column_text][\/vc_column][\/vc_row][vc_row el_id=&#8221;DESTACADO_NOTICIA&#8221;][vc_column][vc_column_text css=&#8221;&#8221; el_class=&#8221;cuadronoticia&#8221;]<\/p>\n<h5>Les classes comen\u00e7aran el pr\u00f2xim 9 de setembre i el calendari fixa com a dies no lectius locals el 7 de desembre, el 12 de febrer i el 3 de maig<\/h5>\n<p>[\/vc_column_text][\/vc_column][\/vc_row][vc_row el_id=&#8221;TEXTO_FIN_NOTICIA&#8221;][vc_column][vc_column_text css=&#8221;&#8221;]Pel que fa als per\u00edodes de vacances, les de Nadal s\u2019estendran del 23 de desembre al 6 de gener, ambd\u00f3s inclosos, mentre que les vacances de Setmana Santa seran del 24 de mar\u00e7 al 5 d\u2019abril i comen\u00e7aran Dimecres Sant, en lloc de Dijous Sant com en anys anteriors.<\/p>\n<p>Respecte dels dies no lectius de car\u00e0cter local, a Elx seran el 7 de desembre de 2026, el 12 de febrer de 2027 i el 3 de maig de 2027. A l\u2019Altet, els dies no lectius seran el 2 d\u2019octubre de 2026, amb motiu de les festes de la pedania, el 7 de desembre de 2026 i el 3 de maig de 2027.<\/p>\n<p>El calendari es completa amb els dies festius tant auton\u00f2mics com nacionals corresponents al 9 d\u2019octubre, Dia de la Comunitat Valenciana; 12 d\u2019octubre, Festa Nacional d\u2019Espanya; 8 de desembre, Dia de la Immaculada Concepci\u00f3, i 19 de mar\u00e7, Dia de Sant Josep.<\/p>\n<p>El curs finalitzar\u00e0 el 18 de juny per a l\u2019alumnat d\u2019Educaci\u00f3 Infantil, Prim\u00e0ria, ESO, Batxillerat, Formaci\u00f3 Professional i Ensenyaments Esportius de R\u00e8gim Especial, i l\u201911 de juny per a la Formaci\u00f3 de Persones Adultes, Ensenyaments Art\u00edstics i determinats cicles de Formaci\u00f3 Professional i Ensenyaments Esportius de R\u00e8gim Especial.<\/p>\n<hr \/>\n<p>[\/vc_column_text][\/vc_column][\/vc_row][vc_row][vc_column width=&#8221;1\/6&#8243;][\/vc_column][vc_column width=&#8221;2\/3&#8243;]<audio class=\"sc_audio\" src=\"https:\/\/soundcloud.com\/ayuntamiento-de-elche\/elche-aprueba-el-calendario\" width=\"\" height=\"\" style=\"````\"><\/audio>[\/vc_column][vc_column width=&#8221;1\/6&#8243;][\/vc_column][\/vc_row]<\/p>\n<\/div>","protected":false},"excerpt":{"rendered":"<p>[vc_row el_id=&#8221;SUBTITULAR_NOTICIA&#8221;][vc_column][vc_column_text css=&#8221;&#8221;] El per\u00edode de vacances s\u2019estendr\u00e0 del 24 de mar\u00e7 al 5 d\u2019abril i comen\u00e7ar\u00e0 Dimecres Sant, en lloc de Dijous Sant com en anys anteriors [\/vc_column_text][\/vc_column][\/vc_row][vc_row el_id=&#8221;TEXTO_NOTICIA&#8221;][vc_column][vc_column_text [&hellip;]<\/p>\n","protected":false},"author":203,"featured_media":362519,"comment_status":"closed","ping_status":"closed","sticky":false,"template":"","format":"standard","meta":{"footnotes":""},"categories":[194,391,215,1312],"tags":[],"class_list":["post-362654","post","type-post","status-publish","format-standard","has-post-thumbnail","hentry","category-educacio-va","category-home-va","category-joventut","category-noticias-va"],"_links":{"self":[{"href":"https:\/\/www.elche.es\/va\/wp-json\/wp\/v2\/posts\/362654","targetHints":{"allow":["GET"]}}],"collection":[{"href":"https:\/\/www.elche.es\/va\/wp-json\/wp\/v2\/posts"}],"about":[{"href":"https:\/\/www.elche.es\/va\/wp-json\/wp\/v2\/types\/post"}],"author":[{"embeddable":true,"href":"https:\/\/www.elche.es\/va\/wp-json\/wp\/v2\/users\/203"}],"replies":[{"embeddable":true,"href":"https:\/\/www.elche.es\/va\/wp-json\/wp\/v2\/comments?post=362654"}],"version-history":[{"count":2,"href":"https:\/\/www.elche.es\/va\/wp-json\/wp\/v2\/posts\/362654\/revisions"}],"predecessor-version":[{"id":362656,"href":"https:\/\/www.elche.es\/va\/wp-json\/wp\/v2\/posts\/362654\/revisions\/362656"}],"wp:featuredmedia":[{"embeddable":true,"href":"https:\/\/www.elche.es\/va\/wp-json\/wp\/v2\/media\/362519"}],"wp:attachment":[{"href":"https:\/\/www.elche.es\/va\/wp-json\/wp\/v2\/media?parent=362654"}],"wp:term":[{"taxonomy":"category","embeddable":true,"href":"https:\/\/www.elche.es\/va\/wp-json\/wp\/v2\/categories?post=362654"},{"taxonomy":"post_tag","embeddable":true,"href":"https:\/\/www.elche.es\/va\/wp-json\/wp\/v2\/tags?post=362654"}],"curies":[{"name":"wp","href":"https:\/\/api.w.org\/{rel}","templated":true}]}}