{"id":362668,"date":"2026-09-02T12:57:10","date_gmt":"2026-09-02T10:57:10","guid":{"rendered":"https:\/\/www.elche.es\/2026\/09\/este-dimarts-comenca-el-termini-de-preinscripcio-en-els-tallers-dels-centres-socials-i-civics\/"},"modified":"2026-09-03T08:34:30","modified_gmt":"2026-09-03T06:34:30","slug":"este-dimarts-comenca-el-termini-de-preinscripcio-en-els-tallers-dels-centres-socials-i-civics","status":"publish","type":"post","link":"https:\/\/www.elche.es\/va\/2026\/09\/este-dimarts-comenca-el-termini-de-preinscripcio-en-els-tallers-dels-centres-socials-i-civics\/","title":{"rendered":"Este dimarts comen\u00e7a el termini de preinscripci\u00f3 en els tallers dels centres socials i c\u00edvics"},"content":{"rendered":"<div class=\"wpb-content-wrapper\"><p>[vc_row el_id=&#8221;SUBTITULAR_NOTICIA&#8221;][vc_column][vc_column_text css=&#8221;&#8221;]<\/p>\n<hr \/>\n<h4>La Regidoria d&#8217;Acci\u00f3 Social oferix per al curs 2026-2027 un total de 284 tallers, dels quals 258 s\u00f3n de car\u00e0cter anual<\/h4>\n<hr \/>\n<h4><\/h4>\n<p>[\/vc_column_text][\/vc_column][\/vc_row][vc_row el_id=&#8221;TEXTO_NOTICIA&#8221;][vc_column][vc_column_text css=&#8221;&#8221;]Este dimarts, 1 de setembre, comen\u00e7a el termini de preinscripci\u00f3 de la nova edici\u00f3 dels tallers socials del Servici d&#8217;Acci\u00f3 Comunit\u00e0ria als diferents centres socials i c\u00edvics del nucli urb\u00e0 i les pedanies. La Regidoria d&#8217;Acci\u00f3 Social oferix per a este pr\u00f2xim curs 2026-2027 un total de 284 tallers, dels quals 258 seran de duraci\u00f3 anual i 26 de car\u00e0cter trimestral.<\/p>\n<p>El termini de preinscripci\u00f3 per als tallers anuals estar\u00e0 obert fins al 21 de setembre i podr\u00e0 realitzar-se a trav\u00e9s del web municipal <a href=\"https:\/\/www.elche.es\/animacion-sociocultural\">https:\/\/www.elche.es\/animacion-sociocultural<\/a>. Pel que fa als tallers trimestrals, el termini s&#8217;obrir\u00e0 abans de l&#8217;inici de cada trimestre els dies 5 d&#8217;octubre, 14 de desembre i 23 de mar\u00e7.<\/p>\n<p>La regidora d&#8217;Acci\u00f3 Social, Celia Lastra, ha assenyalat que, per a facilitar el proc\u00e9s de preinscripci\u00f3, entre el 7 i el 21 de setembre, en horari de 9:00 a 13:00 hores, s&#8217;habilitaran punts de suport informatiu en els seg\u00fcents centres: CS Pla\u00e7a Barcelona, CS Maria Teresa Sempere (antic polivalent de Carr\u00fas), la Llotja a Altabix, CS el Raval, CS Salvador Allende, CS la Foia, CS l&#8217;Altet, CS Paco el Panaer de la Baia, CS Torrellano, CS la Marina, CS Perleta, CS Vallverde, CS Estrella de les Mars dels Arenals del Sol.[\/vc_column_text][\/vc_column][\/vc_row][vc_row el_id=&#8221;DESTACADO_NOTICIA&#8221;][vc_column][vc_column_text css=&#8221;&#8221; el_class=&#8221;cuadronoticia&#8221;]<\/p>\n<h5>Enguany tornen a oferir-se punts de suport informatiu presencial per a la poblaci\u00f3 que ho necessite entre el 7 i 21 de setembre de 9:00 a 13:00 hores<\/h5>\n<p>[\/vc_column_text][\/vc_column][\/vc_row][vc_row el_id=&#8221;TEXTO_FIN_NOTICIA&#8221;][vc_column][vc_column_text css=&#8221;&#8221;]Segons Lastra, &#8220;una vegada finalitzat el termini de preinscripci\u00f3, es realitzar\u00e0 un sorteig entre totes les sol\u00b7licituds. A partir del 5 d&#8217;octubre, les llistes d&#8217;espera estaran disponibles als taulers d&#8217;anuncis dels centres socials i a la p\u00e0gina web municipal&#8221;.<\/p>\n<p>El programa compta amb una varietat d&#8217;activitats que inclou: ball individual i en parella, ioga, zumba, sevillanes, gimn\u00e0stica per a persones majors, habilitats personals, manualitats, costura, customitzaci\u00f3, boixets, espart, palma blanca, cer\u00e0mica, pintura, taitx\u00ed, estimulaci\u00f3 cognitiva, jardineria, guitarra, cant, dibuix o teatre.<\/p>\n<p>La programaci\u00f3 trimestral inclou 23 tallers d&#8217;iniciaci\u00f3 a l&#8217;\u00fas del m\u00f2bil i, com a principal novetat d&#8217;esta edici\u00f3, s&#8217;incorpora el taller trimestral de risoter\u00e0pia amb tres grups disponibles.<\/p>\n<p>L&#8217;inici dels tallers tindr\u00e0 lloc el 15 d&#8217;octubre de 2026 i finalitzaran el 18 de juny de 2027. Els fullets informatius amb tots els detalls estan disponibles als centres socials, a les oficines OMAC i al web municipal.<\/p>\n<p>Lastra ha destacat l&#8217;excel\u00b7lent acollida d&#8217;estos tallers i ha assenyalat que es tracta d&#8217;una &#8220;programaci\u00f3 d&#8217;activitats pensada per a fomentar la participaci\u00f3, l&#8217;aprenentatge, les relacions socials i el gaudi del temps lliure de tota la ciutadania&#8221;.<\/p>\n<p>En este sentit, ha recordat que durant el curs 2025-2026 va haver-hi un total de 5.149 places.<\/p>\n<hr \/>\n<p>&nbsp;<\/p>\n<p>[\/vc_column_text][\/vc_column][\/vc_row]<\/p>\n<\/div>","protected":false},"excerpt":{"rendered":"<p>[vc_row el_id=&#8221;SUBTITULAR_NOTICIA&#8221;][vc_column][vc_column_text css=&#8221;&#8221;] La Regidoria d&#8217;Acci\u00f3 Social oferix per al curs 2026-2027 un total de 284 tallers, dels quals 258 s\u00f3n de car\u00e0cter anual [\/vc_column_text][\/vc_column][\/vc_row][vc_row el_id=&#8221;TEXTO_NOTICIA&#8221;][vc_column][vc_column_text css=&#8221;&#8221;]Este dimarts, 1 de [&hellip;]<\/p>\n","protected":false},"author":139,"featured_media":362525,"comment_status":"closed","ping_status":"closed","sticky":false,"template":"","format":"standard","meta":{"footnotes":""},"categories":[2515,190,391,1312],"tags":[],"class_list":["post-362668","post","type-post","status-publish","format-standard","has-post-thumbnail","hentry","category-animacion-sociocultural-va","category-drets-socials","category-home-va","category-noticias-va"],"_links":{"self":[{"href":"https:\/\/www.elche.es\/va\/wp-json\/wp\/v2\/posts\/362668","targetHints":{"allow":["GET"]}}],"collection":[{"href":"https:\/\/www.elche.es\/va\/wp-json\/wp\/v2\/posts"}],"about":[{"href":"https:\/\/www.elche.es\/va\/wp-json\/wp\/v2\/types\/post"}],"author":[{"embeddable":true,"href":"https:\/\/www.elche.es\/va\/wp-json\/wp\/v2\/users\/139"}],"replies":[{"embeddable":true,"href":"https:\/\/www.elche.es\/va\/wp-json\/wp\/v2\/comments?post=362668"}],"version-history":[{"count":5,"href":"https:\/\/www.elche.es\/va\/wp-json\/wp\/v2\/posts\/362668\/revisions"}],"predecessor-version":[{"id":362682,"href":"https:\/\/www.elche.es\/va\/wp-json\/wp\/v2\/posts\/362668\/revisions\/362682"}],"wp:featuredmedia":[{"embeddable":true,"href":"https:\/\/www.elche.es\/va\/wp-json\/wp\/v2\/media\/362525"}],"wp:attachment":[{"href":"https:\/\/www.elche.es\/va\/wp-json\/wp\/v2\/media?parent=362668"}],"wp:term":[{"taxonomy":"category","embeddable":true,"href":"https:\/\/www.elche.es\/va\/wp-json\/wp\/v2\/categories?post=362668"},{"taxonomy":"post_tag","embeddable":true,"href":"https:\/\/www.elche.es\/va\/wp-json\/wp\/v2\/tags?post=362668"}],"curies":[{"name":"wp","href":"https:\/\/api.w.org\/{rel}","templated":true}]}}