{"id":362671,"date":"2026-09-02T13:08:34","date_gmt":"2026-09-02T11:08:34","guid":{"rendered":"https:\/\/www.elche.es\/2026\/09\/lajuntament-trau-a-concurs-les-obres-de-rehabilitacio-integral-de-les-clarisses\/"},"modified":"2026-09-03T08:52:45","modified_gmt":"2026-09-03T06:52:45","slug":"lajuntament-trau-a-concurs-les-obres-de-rehabilitacio-integral-de-les-clarisses","status":"publish","type":"post","link":"https:\/\/www.elche.es\/va\/2026\/09\/lajuntament-trau-a-concurs-les-obres-de-rehabilitacio-integral-de-les-clarisses\/","title":{"rendered":"L&#8217;Ajuntament trau a concurs les obres de rehabilitaci\u00f3 integral de Les Clarisses"},"content":{"rendered":"<div class=\"wpb-content-wrapper\"><p>[vc_row el_id=&#8221;SUBTITULAR_NOTICIA&#8221;][vc_column][vc_column_text css=&#8221;&#8221;]<\/p>\n<hr \/>\n<h4>L&#8217;alcalde, Pablo Ruz, ha anunciat que l&#8217;objectiu \u00e9s adjudicar les obres abans de final d&#8217;any i comen\u00e7ar com abans els primers treballs de demolici\u00f3<\/h4>\n<hr \/>\n<h4><\/h4>\n<p>[\/vc_column_text][\/vc_column][\/vc_row][vc_row el_id=&#8221;TEXTO_NOTICIA&#8221;][vc_column][vc_column_text css=&#8221;&#8221;]L&#8217;alcalde, Pablo Ruz, ha anunciat la publicaci\u00f3 en la plataforma de contractes de la licitaci\u00f3 de les obres de rehabilitaci\u00f3 integral del Convent de la Merc\u00e9, Les Clarisses.<\/p>\n<p>&#8220;El nostre objectiu \u00e9s que abans de final d&#8217;any, sobre el mes de novembre, estiga ja adjudicat i que amb la primera consignaci\u00f3 de la Generalitat Valenciana de 400.00 euros per a enguany puguem comen\u00e7ar amb la col\u00b7locaci\u00f3 de bastides i l&#8217;inici de les demolicions&#8221;, ha apuntat Ruz.<\/p>\n<p>A m\u00e9s, l&#8217;alcalde ha assegurat que es tracta d&#8217;una &#8220;fita hist\u00f2rica perqu\u00e8 per fi Les Clarisses, despr\u00e9s de 20 anys, veu com un projecte ambici\u00f3s de restauraci\u00f3 convertir\u00e0 este lloc en un espai clau per a la cultura, el patrimoni i per a la trobada de la ciutat d&#8217;Elx&#8221;.<\/p>\n<p>Les obres de rehabilitaci\u00f3 de l&#8217;antic convent ixen este dilluns a concurs p\u00fablic amb un pressupost base de licitaci\u00f3 de 10,1 milions d&#8217;euros i un termini d&#8217;execuci\u00f3 de 36 mesos. El termini de presentaci\u00f3 d&#8217;ofertes \u00e9s de 30 dies naturals des de la data d&#8217;enviament de licitaci\u00f3 a l&#8217;Oficina de Publicacions de la Uni\u00f3 Europea.[\/vc_column_text][\/vc_column][\/vc_row][vc_row el_id=&#8221;DESTACADO_NOTICIA&#8221;][vc_column][vc_column_text css=&#8221;&#8221; el_class=&#8221;cuadronoticia&#8221;]<\/p>\n<h5>L&#8217;actuaci\u00f3 recuperar\u00e0 els principals valors hist\u00f2rics de l&#8217;edifici i el convertir\u00e0 en un espai cultural i ciutad\u00e0 d&#8217;Elx<\/h5>\n<p>[\/vc_column_text][\/vc_column][\/vc_row][vc_row el_id=&#8221;TEXTO_FIN_NOTICIA&#8221;][vc_column][vc_column_text css=&#8221;&#8221;]L&#8217;actuaci\u00f3 recuperar\u00e0 els principals valors hist\u00f2rics i arquitect\u00f2nics de l&#8217;edifici, per la qual cosa s&#8217;inclou la millora dels Banys \u00c0rabs i la seua posada en valor mitjan\u00e7ant una intervenci\u00f3 que protegix les voltes i potencia la il\u00b7luminaci\u00f3 natural, aix\u00ed com el tram g\u00f2tic que en recuperar\u00e0 el presbiteri i se&#8217;l dotar\u00e0 d&#8217;una coberta lleugera que permetr\u00e0 llegir-ne el volum original.<\/p>\n<p>Segons Pablo Ruz, &#8220;un dels principals desafiaments \u00e9s la incorporaci\u00f3 completa de la volta de traceria de la capella original, la part m\u00e9s complicada perqu\u00e8 caldria desmuntar els forjats&#8221;.<\/p>\n<p>Els treballs tamb\u00e9 permetran restaurar el pati barroc i el claustre mitjan\u00e7ant l&#8217;actuaci\u00f3 en fa\u00e7anes, voltes i paviments, aix\u00ed com l&#8217;adequaci\u00f3 de les antigues depend\u00e8ncies conventuals per a nous usos culturals i ciutadans de cafeteria, biblioteca, espais expositius i oficines. Aix\u00ed mateix, est\u00e0 prevista la creaci\u00f3 d&#8217;un recorregut en la coberta en un espai convertit en passeig i terrassa i la reordenaci\u00f3 del pati interior i millora dels seus espais.<\/p>\n<p>L&#8217;alcalde ha recordat que el Convent de la Merc\u00e9 est\u00e0 protegit com a B\u00e9 de Rellev\u00e0ncia Local (BRL) amb protecci\u00f3 integral. L&#8217;actuaci\u00f3 se situa dins del Conjunt Hist\u00f2ric Art\u00edstic d&#8217;Elx i en l&#8217;entorn de protecci\u00f3 del Palmerar.<\/p>\n<p>&#8220;A\u00e7\u00f2 respon a la voluntat de tot el govern municipal, que volem fer del patrimoni, de la recuperaci\u00f3 del nostre patrimoni, un dels eixos essencials de la nostra tasca de govern perqu\u00e8 s&#8217;han de cuidar, en primer lloc, les persones, cal cuidar els espais p\u00fablics, per\u00f2 tamb\u00e9 cal cuidar el patrimoni, que \u00e9s la nostra identitat&#8221;, ha destacat Ruz.<\/p>\n<hr \/>\n<p>&nbsp;<\/p>\n<p>[\/vc_column_text][\/vc_column][\/vc_row][vc_row][vc_column width=&#8221;1\/6&#8243;][\/vc_column][vc_column width=&#8221;2\/3&#8243;]<audio class=\"sc_audio\" src=\"https:\/\/soundcloud.com\/ayuntamiento-de-elche\/el-ayuntamiento-saca-a\" width=\"\" height=\"\" style=\"````\"><\/audio>[\/vc_column][vc_column width=&#8221;1\/6&#8243;][\/vc_column][\/vc_row]<\/p>\n<\/div>","protected":false},"excerpt":{"rendered":"<p>[vc_row el_id=&#8221;SUBTITULAR_NOTICIA&#8221;][vc_column][vc_column_text css=&#8221;&#8221;] L&#8217;alcalde, Pablo Ruz, ha anunciat que l&#8217;objectiu \u00e9s adjudicar les obres abans de final d&#8217;any i comen\u00e7ar com abans els primers treballs de demolici\u00f3 [\/vc_column_text][\/vc_column][\/vc_row][vc_row el_id=&#8221;TEXTO_NOTICIA&#8221;][vc_column][vc_column_text css=&#8221;&#8221;]L&#8217;alcalde, [&hellip;]<\/p>\n","protected":false},"author":203,"featured_media":362528,"comment_status":"closed","ping_status":"closed","sticky":false,"template":"","format":"standard","meta":{"footnotes":""},"categories":[193,391,1312],"tags":[],"class_list":["post-362671","post","type-post","status-publish","format-standard","has-post-thumbnail","hentry","category-cultura-va","category-home-va","category-noticias-va"],"_links":{"self":[{"href":"https:\/\/www.elche.es\/va\/wp-json\/wp\/v2\/posts\/362671","targetHints":{"allow":["GET"]}}],"collection":[{"href":"https:\/\/www.elche.es\/va\/wp-json\/wp\/v2\/posts"}],"about":[{"href":"https:\/\/www.elche.es\/va\/wp-json\/wp\/v2\/types\/post"}],"author":[{"embeddable":true,"href":"https:\/\/www.elche.es\/va\/wp-json\/wp\/v2\/users\/203"}],"replies":[{"embeddable":true,"href":"https:\/\/www.elche.es\/va\/wp-json\/wp\/v2\/comments?post=362671"}],"version-history":[{"count":5,"href":"https:\/\/www.elche.es\/va\/wp-json\/wp\/v2\/posts\/362671\/revisions"}],"predecessor-version":[{"id":362685,"href":"https:\/\/www.elche.es\/va\/wp-json\/wp\/v2\/posts\/362671\/revisions\/362685"}],"wp:featuredmedia":[{"embeddable":true,"href":"https:\/\/www.elche.es\/va\/wp-json\/wp\/v2\/media\/362528"}],"wp:attachment":[{"href":"https:\/\/www.elche.es\/va\/wp-json\/wp\/v2\/media?parent=362671"}],"wp:term":[{"taxonomy":"category","embeddable":true,"href":"https:\/\/www.elche.es\/va\/wp-json\/wp\/v2\/categories?post=362671"},{"taxonomy":"post_tag","embeddable":true,"href":"https:\/\/www.elche.es\/va\/wp-json\/wp\/v2\/tags?post=362671"}],"curies":[{"name":"wp","href":"https:\/\/api.w.org\/{rel}","templated":true}]}}