{"id":362674,"date":"2026-09-02T13:34:36","date_gmt":"2026-09-02T11:34:36","guid":{"rendered":"https:\/\/www.elche.es\/2026\/09\/el-cinema-destiu-acomiada-la-temporada-estival-amb-noves-projeccions-en-barris-i-pedanies\/"},"modified":"2026-09-02T13:34:45","modified_gmt":"2026-09-02T11:34:45","slug":"el-cinema-destiu-acomiada-la-temporada-estival-amb-noves-projeccions-en-barris-i-pedanies","status":"publish","type":"post","link":"https:\/\/www.elche.es\/va\/2026\/09\/el-cinema-destiu-acomiada-la-temporada-estival-amb-noves-projeccions-en-barris-i-pedanies\/","title":{"rendered":"El cinema d&#8217;estiu acomiada la temporada estival amb noves projeccions en barris i pedanies"},"content":{"rendered":"<div class=\"wpb-content-wrapper\"><p>[vc_row el_id=&#8221;SUBTITULAR_NOTICIA&#8221;][vc_column][vc_column_text css=&#8221;&#8221;]<\/p>\n<hr \/>\n<h4>El Cinema Ode\u00f3n recupera la programaci\u00f3 de la Filmoteca amb Asesinato en la 3\u00aa planta i oferix una sessi\u00f3 especial de cinema en valenci\u00e0<\/h4>\n<hr \/>\n<h4><\/h4>\n<p>[\/vc_column_text][\/vc_column][\/vc_row][vc_row el_id=&#8221;TEXTO_NOTICIA&#8221;][vc_column][vc_column_text css=&#8221;&#8221;]La programaci\u00f3 cultural de la setmana mant\u00e9 el cinema com a un dels seus principals protagonistes amb noves sessions a l&#8217;aire lliure en barris i pedanies. Dijous 3 de setembre, a les 21:30 hores, al Parc d&#8217;Andalusia del Districte 3 acollir\u00e0\u00a0<em>El 47<\/em>, mentre que divendres 4 es projectaran\u00a0<em>Voy a pas\u00e1rmelo bien<\/em> al Parc Joan Fuster del Districte 2 i\u00a0<em>Padre no hay m\u00e1s que uno 5<\/em> al Centre C\u00edvic del Pla de Sant Josep. El cicle continuar\u00e0 dissabte 5 a Atzavares amb\u00a0<em>El casopl\u00f3n<\/em>. Totes les sessions seran gratu\u00eftes.<\/p>\n<p>El Cinema Ode\u00f3n repr\u00e9n la programaci\u00f3 de la Filmoteca Municipal de dimecres 2 al diumenge 6 de setembre amb\u00a0<em>Asesinato en la 3\u00aa planta<\/em>, una producci\u00f3 francesa que combina misteri i com\u00e8dia. L&#8217;entrada general t\u00e9 un preu de 3 euros i dimecres, Dia de l&#8217;Espectador, es redu\u00efx a 1,50 euros.<\/p>\n<p>A m\u00e9s, dijous 3 de setembre l&#8217;Ode\u00f3n oferir\u00e0 una nova sessi\u00f3 de cinema en valenci\u00e0 amb\u00a0<em>Balandrau, vent salvatge<\/em>, basada en els esdeveniments ocorreguts als Pirineus catalans en desembre de l&#8217;any 2000. Hi haur\u00e0 projeccions a les 17:30 i 20:00 hores, amb entrada lliure.<\/p>\n<p>La programaci\u00f3 a les pedanies es completa dissabte 5 amb una vetlada de poesia oral improvisada al Centre C\u00edvic de Derramador, a partir de les 21:30 hores i amb acc\u00e9s gratu\u00eft.<\/p>\n<p>L&#8217;agenda mant\u00e9 tamb\u00e9 la seua oferta expositiva amb la mostra pel 30 aniversari de la Associaci\u00f3 de Belles Arts d&#8217;Elx (ABAE) a les Clarisses,\u00a0<em>L&#8217;empremta de Dion\u00eds<\/em> al MAHE i\u00a0<em>La jogueteria del passat<\/em><em>. Construint somnis<\/em> al Museu Escolar de Pu\u00e7ol, entre altres propostes.[\/vc_column_text][\/vc_column][\/vc_row][vc_row el_id=&#8221;TEXTO_FIN_NOTICIA&#8221;][vc_column][vc_column_text css=&#8221;&#8221;]<\/p>\n<h2>BARRIS I PEDANIES<\/h2>\n<p><strong>CINEMA D\u2019ESTIU: El 47<\/strong><\/p>\n<p><strong>Districte 3. Parc d\u2019Andalusia<\/strong><\/p>\n<p><strong>Dijous 3 de setembre a les 21:30 h<\/strong><\/p>\n<p>Entrada lliure fins a completar aforament<\/p>\n<p>Sinopsi: &#8220;El 47&#8221; conta la hist\u00f2ria d&#8217;un acte de dissid\u00e8ncia pac\u00edfica i el moviment ve\u00efnal de base que en 1978 va transformar Barcelona i va canviar la imatge dels seus suburbis per sempre. Manolo Vital era un conductor d&#8217;autob\u00fas que es va ensenyorir del bus de la l\u00ednia 47 per a desmuntar una mentida que l&#8217;Ajuntament s&#8217;obstinava a repetir: els autobusos no podien pujar les costeres del districte de Torre Bar\u00f3. Un acte de rebel\u00b7lia que va demostrar ser un catalitzador per al canvi, que les persones s&#8217;enorgullixen de les seues arrels, d&#8217;una lluita del ve\u00efnat, de la classe treballadora que va ajudar a crear la Barcelona moderna dels anys 70.<\/p>\n<p><strong>CINEMA D\u2019ESTIU: Voy a pas\u00e1rmelo bien <\/strong><\/p>\n<p><strong>Districte 2. Parc Joan Fuster <\/strong><\/p>\n<p><strong>Divendres 4 de setembre a les 21:30 h<\/strong><\/p>\n<p>Entrada lliure fins a completar aforament<\/p>\n<p>Sinopsi: Valladolid, 1989. David i Layla acaben de comen\u00e7ar octau d\u2019EGB i els encanta \u201cHombres G\u201d. Tamb\u00e9 s&#8217;agraden molt entre ells, per\u00f2 a David no li funcionen totes les coses que fa per a conquistar-la. Malgrat tot, els dos es fan inseparables. M\u00e9s de trenta anys despr\u00e9s. tornen a trobar-se quan Layla torna a Valladolid per a rebre un homenatge, els dos passaran junts una setmana en la qual s&#8217;adonen que els xiquets que van ser no han desaparegut del tot.<\/p>\n<p><strong>CINEMA D\u2019ESTIU: Padre no hay m\u00e1s que uno 5 <\/strong><\/p>\n<p><strong>Pla de Sant Josep. Centre c\u00edvic <\/strong><\/p>\n<p><strong>Divendres 4 de setembre a les 21:30 h<\/strong><\/p>\n<p>Entrada lliure fins a completar aforament<\/p>\n<p>Sinopsi: En Padre no hay m\u00e1s que uno 5: Nido repleto, Javier patix el trauma del niu ple i la ca\u00f2tica conviv\u00e8ncia quan cap dels seus fills vol independitzar-se. Entre una filla que somia amb ser cantant sense tindre talent i un gendre que aspira a ser pare jove, la fam\u00edlia s&#8217;enfronta a un desastre ple d&#8217;humor.<\/p>\n<p><strong>CINE D\u2019ESTIU: El casopl\u00f3n <\/strong><\/p>\n<p><strong>Les Atzavares. <\/strong><strong>Centre c\u00edvic <\/strong><\/p>\n<p><strong>Dissabte 5 de setembre a les 21:30 h<\/strong><\/p>\n<p>Entrada lliure fins a completar aforament<\/p>\n<p>Sinopsi: To\u00f1i i Carlos passen per un estiu especialment dif\u00edcil al costat dels seus tres fills. Sense vacacions, compartint un xicotet pis i amb els dos pares bolcats en el treball, la fam\u00edlia a penes troba un respir. Quan l&#8217;aire condicionat s&#8217;avaria en plena onada de calor, sorgix una inesperada oportunitat: passar uns dies en la impressionant mansi\u00f3 on Carlos treballa com a jardiner. El que comen\u00e7a com una soluci\u00f3 temporal per a combatre la calor acaba convertint-se en una experi\u00e8ncia inoblidable. Entre luxoses vivendes, ve\u00efns singulars i situacions tan divertides com inesperades, la fam\u00edlia viur\u00e0 unes vacacions diferents que posaran a prova els seus somnis, enfortiran els seus lla\u00e7os i els faran descobrir que la verdadera felicitat no sempre dep\u00e9n de les coses materials.<\/p>\n<p><strong>POESIA ORAL IMPROVISADA: Trobadors <\/strong><\/p>\n<p><strong>Derramador. Centre c\u00edvic <\/strong><\/p>\n<p><strong>Dissabte 5 de setembre a les 21:30 h<\/strong><\/p>\n<p>Entrada lliure fins a completar aforament<\/p>\n<p>Informaci\u00f3: Dins de la nostra programaci\u00f3, la pedania del Derramador inclou sempre una vesprada amb excel\u00b7lents trobadors murcians i de la nostra prov\u00edncia. Una divertida jornada plena d&#8217;hist\u00f2ries i bon humor.<\/p>\n<h2>CINEMA ODE\u00d3N<\/h2>\n<p><strong>Carrer Juan Ram\u00f3n Jim\u00e9nez, 18, 03295 Elx, Alacant<\/strong><\/p>\n<p>FILMOTECA: <em>Asesinato en la 3\u00aa planta<\/em><\/p>\n<p>Del dimecres 2 al diumenge 6 de setembre<\/p>\n<p>Horari: 17:30, 20:00 i 20:30 h<\/p>\n<p>Diumenge: 17:30 i 20:00 h<\/p>\n<p>Nacionalitat: Fran\u00e7a<\/p>\n<p>Duraci\u00f3: 104 minuts<\/p>\n<p>Edat recomanada: +12 anys<\/p>\n<p>Sinopsi: El novel\u00b7lista misantrop Fran\u00e7ois escriu apassionants hist\u00f2ries de crims. La seua dona, Colette, professora de la Sorbona i experta mundialment coneguda en Alfred Hitchcock, est\u00e0 farta de veure Fran\u00e7ois assegut al seu apartament en pijama i enyora l&#8217;emoci\u00f3 de les pel\u00b7l\u00edcules cl\u00e0ssiques que veu amb els seus alumnes. Quan Colette comen\u00e7a a sospitar que el seu extravagant ve\u00ed ha assassinat la seua esposa, la tranquil\u00b7la vida de la parella fa un tomb i la seua relaci\u00f3, que estava estancada, ressorgix de colp.<\/p>\n<p>Informaci\u00f3 general de la filmoteca<\/p>\n<p>Entrada general: 3 \u20ac<\/p>\n<p>Dimecres (dia de l&#8217;espectador): 1,50 \u20ac (gratis amb la targeta daurada de l&#8217;Ajuntament)<\/p>\n<p>Dijous: gratis per a estudiants de secund\u00e0ria, batxillerat i de la Universitat d&#8217;Elx menors de 30 anys (acreditant-ho amb el carnet del centre educatiu).<\/p>\n<p>Filmoteca en VOSE: dijous, en les projeccions de les 20.00 i 22.30 h, la pel\u00b7l\u00edcula ser\u00e0 en versi\u00f3 original subtitulada.<\/p>\n<p>Informaci\u00f3 i venda d&#8217;entrades en www.instanticket.es i taquilla del cine Odeon, 45 minuts abans de cada sessi\u00f3.<\/p>\n<p>CINEMA EN VALENCI\u00c0: <em>Balandrau, vent salvatge<\/em><\/p>\n<p>Dijous 3 de setembre<\/p>\n<p>Horari: 17:30 i 20:00 h<\/p>\n<p>Nacionalitat: Espanya<\/p>\n<p>Duraci\u00f3: 116 minuts<\/p>\n<p>Entrada lliure<\/p>\n<p>Edat recomanada: +12 anys<\/p>\n<p>Sinopsi: El 30 de desembre del 2000, un grup d&#8217;amics es disposen a fer l&#8217;ascens al Balandrau, als Pirineus catalans. El sol acompanya els muntanyencs fins que, en q\u00fcesti\u00f3 de minuts, tot canvia de manera imprevisible. Un vent salvatge conegut com \u201ctorb\u201d desencadena la pitjor de les tempestes de la hist\u00f2ria dels Pirineus.<\/p>\n<h2>MAHE. MUSEU ARQUEOL\u00d2GIC I D&#8217;HIST\u00d2RIA D&#8217;ELX<\/h2>\n<p><strong>Carrer Diagonal del Palau 1, 03202, Elx<\/strong><\/p>\n<p>EXPOSICI\u00d3: <em>L\u2019empremta de Dion\u00eds<\/em><\/p>\n<p>Del divendres 10 d\u2019abril al diumenge 11 d\u2019octubre<\/p>\n<p>Sala d\u2019exposicions temporals<\/p>\n<p>Informaci\u00f3: Al llarg dels \u00faltims huit mil anys, el vi ha acompanyat el desenrotllament de la humanitat com a aliment, s\u00edmbol i element cultural. Des de les primeres civilitzacions agr\u00edcoles, cultivar la vinya va significar assentar-se en un territori, cuidar la terra i esperar el pas de les estacions. Aix\u00ed, el treball agr\u00edcola es va convertir en cultura.<\/p>\n<p>L&#8217;exposici\u00f3 <em>L\u2019empremta de Dion\u00eds<\/em> brinda una excepcional ocasi\u00f3 d&#8217;aproximar-se a la cultura del vi des d&#8217;un punt de vista hist\u00f2ric, arqueol\u00f2gic i art\u00edstic, gr\u00e0cies a una de les millors col\u00b7leccions que existixen en el m\u00f3n relacionades amb esta tem\u00e0tica, la col\u00b7lecci\u00f3 del Museu Vivanco de la Cultura del Vi. Considerat per la UNESCO com un dels millors museus, posse\u00efx una valuosa col\u00b7lecci\u00f3 d&#8217;elevada qualitat cient\u00edfica i patrimonial que combina objectes arqueol\u00f2gics, etnol\u00f2gics i art\u00edstics que es relacionen d&#8217;un mode o un altre amb el vi.<\/p>\n<p>La selecci\u00f3 d&#8217;objectes i obres d&#8217;art realitzada pels comissaris de l&#8217;exposici\u00f3, Santiago Vivanco S\u00e1enz i Miguel F. P\u00e9rez Blasco, permet rec\u00f3rrer aspectes econ\u00f2mics, religiosos, art\u00edstics i culturals, amb peces mesopot\u00e0miques, eg\u00edpcies, gregues i romanes, i en les quals tamb\u00e9 s&#8217;han inserit algunes peces arqueol\u00f2giques destacades de la pr\u00f2pia col\u00b7lecci\u00f3 del Museu Arqueol\u00f2gic i d&#8217;Hist\u00f2ria d&#8217;Elx (MAHE). Des del punt de vista art\u00edstic, obres d\u2019An\u00edbal Carraci, Andrea Mantegna, Giulio Romano, Josep de Ribera, Manuel Benedito, Eduardo Rosales, Picasso o Dal\u00ed permeten aproximar el visitant a l&#8217;evoluci\u00f3 de la imatge mitol\u00f2gica del d\u00e9u de vi, Dion\u00eds \/ Bacus a trav\u00e9s de la Hist\u00f2ria.<\/p>\n<h2>MACE<\/h2>\n<p>Exposici\u00f3: <em>Evoluci\u00f3 i S\u00edntesi: 1989-2026,<\/em> de Cristina Navarro<\/p>\n<p>Del divendres 15 de maig al diumenge 27 de setembre de 2026<\/p>\n<p>Horari: de dimarts a dissabte de 10:00 a 14:00 h i de 15:00 a 18:00 h. Diumenges i festius de 10:00 a 14:00 h<\/p>\n<h2>LLOTJA MEDIEVAL<\/h2>\n<p><strong>Pla\u00e7a de Baix 1, 03202 Elx, Alacant<\/strong><\/p>\n<p>EXPOSICI\u00d3: Escola de pintura Hort del Xocolater, de la Fundaci\u00f3 Mediterrani<\/p>\n<p>Del dissabte 30 de maig al dijous 3 de setembre<\/p>\n<p>Horari: de dimarts a dissabte de 10:00 a 14:00 h i de 15:00 a 18:00 h. Diumenges i festius de 10:00 a 14:00 h<\/p>\n<p>Informaci\u00f3: Exposici\u00f3 d&#8217;una selecci\u00f3 de treballs que els alumnes de l&#8217;escola de pintura han realitzat durant el curs 25-26.<\/p>\n<p>Durant mig segle, l&#8217;escola de pintura Hort del Xocolater ha sigut un actor fonamental de l&#8217;educaci\u00f3 art\u00edstica a la ciutat d&#8217;Elx que ha format milers d&#8217;alumnes i s\u2019ha consolidat com un referent cultural i pedag\u00f2gic. La nostra proposta educativa es basa en un enfocament integral que combina l&#8217;aprenentatge de diverses t\u00e8cniques pict\u00f2riques amb el desenrotllament de la creativitat i la capacitat d&#8217;observar i interpretar la naturalesa. A trav\u00e9s d&#8217;esta experi\u00e8ncia formativa, els estudiants no sols adquirixen habilitats art\u00edstiques, sin\u00f3 que tamb\u00e9 interioritzen valors fonamentals com el respecte i la conservaci\u00f3 del patrimoni cultural i mediambiental d&#8217;Elx.<\/p>\n<p>L&#8217;escola de pintura convertix el palmerar il\u00b7licit\u00e0 en una aula oberta i inspiradora que integra el paisatge natural en la identitat col\u00b7lectiva dels seus alumnes. Aix\u00ed, cultura, ciutat, patrimoni i mem\u00f2ria s&#8217;entrellacen en un espai de creaci\u00f3 que fomenta la connexi\u00f3 entre l&#8217;art i l&#8217;entorn. Aprofitant la inauguraci\u00f3 de l&#8217;exposici\u00f3, a partir del mateix dia 30 de maig, s&#8217;obrir\u00e0 el termini d&#8217;inscripci\u00f3 per al nou curs 26-27, que comen\u00e7ar\u00e0 el dissabte dia 3 d&#8217;octubre de 2026. M\u00e9s informaci\u00f3 en: <a href=\"https:\/\/fundacionmediterraneo.es\/\">https:\/\/fundacionmediterraneo.es\/<\/a> i <a href=\"mailto:fundacion@fundacionmediterraneo.es\">fundacion@fundacionmediterraneo.es<\/a><\/p>\n<h2>LES CLARISSES<\/h2>\n<p><strong>Passeig Eres de Santa Ll\u00facia, 03202 Elx, Alacant<\/strong><\/p>\n<p>EXPOSICI\u00d3 COL\u00b7LECTIVA: 30 Aniversari de l\u2019Associaci\u00f3 de Belles Arts d\u2019Elx (ABAE)<\/p>\n<p>Del dissabte 29 d\u2019agost al diumenge 27 de setembre<\/p>\n<p>Inauguraci\u00f3: dissabte 29 d\u2019agost a les 12:00 h<\/p>\n<p>Horari: de dimarts a dissabte de 10:00 a 14:00 h i de 15:00 a 18:00 h. Diumenges i festius de 10:00 a 14:00 h<\/p>\n<p>Informaci\u00f3: Amb motiu del 30 aniversari, l&#8217;Associaci\u00f3 de Belles Arts d&#8217;Elx presenta una exposici\u00f3 col\u00b7lectiva que reunix prop de huitanta obres realitzades per nombrosos membres de l&#8217;entitat. La mostra, principalment pict\u00f2rica, incorpora tamb\u00e9 peces de fotografia i escultura, i oferix un recorregut per la diversitat de t\u00e8cniques, estils i sensibilitats creatives que conviuen en l&#8217;associaci\u00f3. Una celebraci\u00f3 de tres d\u00e8cades dedicades a la promoci\u00f3 de les belles arts i al foment de la creaci\u00f3 art\u00edstica a la ciutat d&#8217;Elx.<\/p>\n<h2>MUSEU DE LA VINGUDA DE LA MARE DE D\u00c9U<\/h2>\n<p><strong>Hort de les Portes Encarnades<\/strong><\/p>\n<p>Horari: dijous i divendres de 10:00 a 13:00 h i de 17:00 a 19:00 h<\/p>\n<p>Dissabtes i diumenges de 10:00 a 13:00 h<\/p>\n<p>Acc\u00e9s gratu\u00eft<\/p>\n<p>Informaci\u00f3: El museu oferix un recorregut per la hist\u00f2ria de la Vinguda de la Mare de D\u00e9u, vinculada a l&#8217;arribada de la Mare de D\u00e9u de l&#8217;Assumpci\u00f3 a les costes il\u00b7licitanes l&#8217;any 1370. L&#8217;espai expositiu permet con\u00e9ixer el context hist\u00f2ric i religi\u00f3s en el qual sorgix esta tradici\u00f3, aix\u00ed com l&#8217;evoluci\u00f3 fins a convertir-se en una de les celebracions m\u00e9s multitudin\u00e0ries del municipi. El nou espai expositiu reunix documents hist\u00f2rics, recreacions, peces originals i indument\u00e0ria vinculada a la festivitat, i oferix una visi\u00f3 completa tant del seu origen medieval com del seu desenrotllament contemporani. A trav\u00e9s de diferents recursos interpretatius, els visitants podran comprendre el valor patrimonial d&#8217;esta celebraci\u00f3 i l&#8217;estreta relaci\u00f3 que t\u00e9 amb el Misteri d\u2019Elx. El museu es distribu\u00efx en diverses sales expositives organitzades entorn d&#8217;una escala central, on s&#8217;aborden aspectes com els gegants i capgrossos, la m\u00fasica tradicional, la romeria del 28 de desembre, la figura de Francesc Cant\u00f3 o l&#8217;evoluci\u00f3 de l&#8217;antic Ajuntament. A m\u00e9s, l&#8217;edifici compta amb despatxos, arxiu documental i terrasses exteriors, on tamb\u00e9 se situar\u00e0 la seu de la Societat Vinguda de la Mare de D\u00e9u.<\/p>\n<h2>MUSEU ESCOLAR DE PU\u00c7OL<\/h2>\n<p><strong>Partida de Pu\u00e7ol 8, 03296 Elx<\/strong><\/p>\n<p>EXPOSICI\u00d3: La botiga de joguets del passat. Construint somnis<\/p>\n<p>Del dimecres 10 de juny de 2026 al diumenge 10 de gener de 2027<\/p>\n<p>Horari: de dilluns a divendres de 9:00 a 17:00 h.<\/p>\n<p>Dissabtes i diumenges d\u201911:00 a 14:00 h<\/p>\n<p>Informaci\u00f3: dins de la programaci\u00f3 anual d&#8217;activitats del Museu Escolar de Pu\u00e7ol, destaca l&#8217;exposici\u00f3 escolar, una iniciativa en la qual l&#8217;alumnat del col\u00b7legi de Pu\u00e7ol entra en contacte directe amb el patrimoni que salvaguarda el museu. En eixe sentit, exercix com a comissari de la mostra, seleccionant peces i la manera d&#8217;exposar-les. Enguany, el tema central ha sigut el joguet, per la qual cosa s&#8217;ha realitzat un recorregut per la prov\u00edncia d&#8217;Alacant per a con\u00e9ixer les ind\u00fastries del sector, les primeres marques comercials i els punts de venda a la ciutat d&#8217;Elx. L&#8217;alumnat i l&#8217;equip del museu col\u00b7laboren en este projecte sobre el joguet, element universal que ha evolucionat radicalment des del segle passat. Resulta ineludible esmentar la gran tradici\u00f3 joguetera de la Comunitat Valenciana, amb focus principals a Ibi, Onil, Castalla o D\u00e9nia, on van sorgir especialistes en nines i joguets de llanda, que van tindre, fins i tot, projecci\u00f3 internacional. Este treball ret homenatge tant als artesans humils com a empreses ic\u00f2niques -FAMOSA, PAY\u00c1 o JYESA- que van consolidar un teixit industrial fonamental per a la regi\u00f3<\/p>\n<p>[\/vc_column_text][\/vc_column][\/vc_row][vc_row][vc_column width=&#8221;1\/6&#8243;][\/vc_column][vc_column width=&#8221;2\/3&#8243;]<audio class=\"sc_audio\" src=\"\" width=\"\" height=\"\"><\/audio>[\/vc_column][vc_column width=&#8221;1\/6&#8243;][\/vc_column][\/vc_row]<\/p>\n<\/div>","protected":false},"excerpt":{"rendered":"<p>[vc_row el_id=&#8221;SUBTITULAR_NOTICIA&#8221;][vc_column][vc_column_text css=&#8221;&#8221;] El Cinema Ode\u00f3n recupera la programaci\u00f3 de la Filmoteca amb Asesinato en la 3\u00aa planta i oferix una sessi\u00f3 especial de cinema en valenci\u00e0 [\/vc_column_text][\/vc_column][\/vc_row][vc_row el_id=&#8221;TEXTO_NOTICIA&#8221;][vc_column][vc_column_text css=&#8221;&#8221;]La [&hellip;]<\/p>\n","protected":false},"author":203,"featured_media":362546,"comment_status":"closed","ping_status":"closed","sticky":false,"template":"","format":"standard","meta":{"footnotes":""},"categories":[193,391,1312],"tags":[],"class_list":["post-362674","post","type-post","status-publish","format-standard","has-post-thumbnail","hentry","category-cultura-va","category-home-va","category-noticias-va"],"_links":{"self":[{"href":"https:\/\/www.elche.es\/va\/wp-json\/wp\/v2\/posts\/362674","targetHints":{"allow":["GET"]}}],"collection":[{"href":"https:\/\/www.elche.es\/va\/wp-json\/wp\/v2\/posts"}],"about":[{"href":"https:\/\/www.elche.es\/va\/wp-json\/wp\/v2\/types\/post"}],"author":[{"embeddable":true,"href":"https:\/\/www.elche.es\/va\/wp-json\/wp\/v2\/users\/203"}],"replies":[{"embeddable":true,"href":"https:\/\/www.elche.es\/va\/wp-json\/wp\/v2\/comments?post=362674"}],"version-history":[{"count":2,"href":"https:\/\/www.elche.es\/va\/wp-json\/wp\/v2\/posts\/362674\/revisions"}],"predecessor-version":[{"id":362676,"href":"https:\/\/www.elche.es\/va\/wp-json\/wp\/v2\/posts\/362674\/revisions\/362676"}],"wp:featuredmedia":[{"embeddable":true,"href":"https:\/\/www.elche.es\/va\/wp-json\/wp\/v2\/media\/362546"}],"wp:attachment":[{"href":"https:\/\/www.elche.es\/va\/wp-json\/wp\/v2\/media?parent=362674"}],"wp:term":[{"taxonomy":"category","embeddable":true,"href":"https:\/\/www.elche.es\/va\/wp-json\/wp\/v2\/categories?post=362674"},{"taxonomy":"post_tag","embeddable":true,"href":"https:\/\/www.elche.es\/va\/wp-json\/wp\/v2\/tags?post=362674"}],"curies":[{"name":"wp","href":"https:\/\/api.w.org\/{rel}","templated":true}]}}