{"id":362677,"date":"2026-09-02T13:47:33","date_gmt":"2026-09-02T11:47:33","guid":{"rendered":"https:\/\/www.elche.es\/2026\/09\/elx-celebra-noves-sessions-del-i-cicle-de-col%c2%b7loquis-per-la-cooperacio-internacional-al-desenrotllament\/"},"modified":"2026-09-02T13:47:42","modified_gmt":"2026-09-02T11:47:42","slug":"elx-celebra-noves-sessions-del-i-cicle-de-col%c2%b7loquis-per-la-cooperacio-internacional-al-desenrotllament","status":"publish","type":"post","link":"https:\/\/www.elche.es\/va\/2026\/09\/elx-celebra-noves-sessions-del-i-cicle-de-col%c2%b7loquis-per-la-cooperacio-internacional-al-desenrotllament\/","title":{"rendered":"Elx celebra noves sessions del I Cicle de Col\u00b7loquis per la Cooperaci\u00f3 Internacional al Desenrotllament"},"content":{"rendered":"<div class=\"wpb-content-wrapper\"><p>[vc_row el_id=&#8221;SUBTITULAR_NOTICIA&#8221;][vc_column][vc_column_text css=&#8221;&#8221;]<\/p>\n<hr \/>\n<h4>L&#8217;entitat Creu Roja \u00e9s l&#8217;encarregada de posar-la en marxa centrada en el Dret Internacional Humanitari i en l&#8217;Educaci\u00f3 per a la Pau<\/h4>\n<hr \/>\n<h4><\/h4>\n<p>[\/vc_column_text][\/vc_column][\/vc_row][vc_row el_id=&#8221;TEXTO_NOTICIA&#8221;][vc_column][vc_column_text css=&#8221;&#8221;]La regidoria de Cooperaci\u00f3 repr\u00e8n este mes de setembre el I Cicle de Col\u00b7loquis per a la Cooperaci\u00f3 Internacional al Desenvolupament amb la celebraci\u00f3 d&#8217;una nova sessi\u00f3, esta vegada en col\u00b7laboraci\u00f3 amb Creu Roja, centrada en el Dret Internacional Humanitari i l&#8217;Educaci\u00f3 per a la Pau.<\/p>\n<p>La regidora de l&#8217;\u00e0rea, Celia Lastra, ha destacat que del 3 al 10 de setembre el Centre de Congressos acollir\u00e0 l&#8217;exposici\u00f3\u00a0<em>Els l\u00edmits de la guerra. Pau, Dret Internacional Humanitari i Conflictes<\/em>, mentre que el dia 10 mateix tindr\u00e0 lloc a partir de les 18:00 hores una xarrada-col\u00b7loqui a l&#8217;auditori del centre mateix en la qual ponents especialitzats d&#8217;aquesta tem\u00e0tica compartiran els seus coneixements i experi\u00e8ncies amb les persones assistents.<\/p>\n<p>En este sentit, el president l&#8217;Assemblea Local de Creu Roja Elx, Antonio Ram\u00f3n Guilabert, ha assenyalat que esta exposici\u00f3 dona a con\u00e9ixer a trav\u00e9s de 21 panells els 15 conflictes armats que existixen al m\u00f3n. &#8220;Volem mostrar les causes i els efectes, els despla\u00e7aments for\u00e7ats que s&#8217;hi produ\u00efxen, la privaci\u00f3 dels servicis b\u00e0sics, les crisis aliment\u00e0ries, el dret humanitari de guerra, la protecci\u00f3 de la infantesa i dones o els grups minoritaris&#8221;.[\/vc_column_text][\/vc_column][\/vc_row][vc_row el_id=&#8221;DESTACADO_NOTICIA&#8221;][vc_column][vc_column_text css=&#8221;&#8221; el_class=&#8221;cuadronoticia&#8221;]<\/p>\n<h5>Esta iniciativa pret\u00e9n acostar a la ciutadania la important tasca que duen a terme les entitats socials del municipi en els pa\u00efsos en vies de desenvolupament<\/h5>\n<p>[\/vc_column_text][\/vc_column][\/vc_row][vc_row el_id=&#8221;TEXTO_FIN_NOTICIA&#8221;][vc_column][vc_column_text css=&#8221;&#8221;]Entre els ponents ha destacat la pres\u00e8ncia de l&#8217;advocada i membre de la xarxa de promotors del dret internacional humanitari de Creu Roja Espa\u00f1ola, Alicia Bernab\u00e9; Ana Dols Garc\u00eda, advocada amb experi\u00e8ncia en missions amb les Nacions Unides i el Comit\u00e9 Internacional de Creu Roja; Roberto Llopis i Nuria D\u00edaz, membres de l&#8217;Equip de Resposta en Emerg\u00e8ncies Internacionals (ERUS) o Adelaida Plaza, expresidenta de Creu Roja de Guardamar i matrona, que acaba d&#8217;arribar de Vene\u00e7uela de treballar a l&#8217;hospital de campanya que hi ha muntat Creu Roja Espanyola.<\/p>\n<p>Lastra ha recordat que el Dret Internacional Humanitari establix uns principis fonamentals per a protegir les persones en situacions de conflicte armat i fins i tot en els contextos m\u00e9s dif\u00edcils, la dignitat humana i els drets de les persones han de ser respectats i protegits.<\/p>\n<p>Aix\u00ed mateix, l&#8217;educaci\u00f3 per a la pau promou valors essencials com el respecte, el di\u00e0leg, la conviv\u00e8ncia, l&#8217;empatia i la resoluci\u00f3 pac\u00edfica dels conflictes. Uns valors que, ha dit, &#8220;hem de fomentar des dels \u00e0mbits de la societat i, especialment, des de les administracions p\u00fabliques&#8221;.<\/p>\n<p>D&#8217;esta forma, ha assegurat que \u00e9s &#8220;important generar espais de trobada i reflexi\u00f3 com el que hui presentem. Iniciatives que ens ajuden a comprendre millor la realitat internacional i refor\u00e7ar el nostre comprom\u00eds amb la solidaritat, la cooperaci\u00f3 i la pau&#8221;.<\/p>\n<p>Ha agra\u00eft a Creu Roja la seua implicaci\u00f3 en esta iniciativa, aix\u00ed com la participaci\u00f3 dels professionals i especialistes que contribuiran a enriquir este cicle de col\u00b7loquis i ha deixat clar que des de la regidoria de Cooperaci\u00f3 &#8220;seguirem impulsant iniciatives destinades a acostar a la ciutadania els valors de la cooperaci\u00f3, la solidaritat, la defensa dels drets humans i la construcci\u00f3 d&#8217;una cultura de pau&#8221;.<\/p>\n<hr \/>\n<p>&nbsp;<\/p>\n<p>[\/vc_column_text][\/vc_column][\/vc_row][vc_row][vc_column width=&#8221;1\/6&#8243;][\/vc_column][vc_column width=&#8221;2\/3&#8243;]<audio class=\"sc_audio\" src=\"https:\/\/soundcloud.com\/ayuntamiento-de-elche\/elche-celebra-nuevas-sesiones\" width=\"\" height=\"\" style=\"````\"><\/audio>[\/vc_column][vc_column width=&#8221;1\/6&#8243;][\/vc_column][\/vc_row]<\/p>\n<\/div>","protected":false},"excerpt":{"rendered":"<p>[vc_row el_id=&#8221;SUBTITULAR_NOTICIA&#8221;][vc_column][vc_column_text css=&#8221;&#8221;] L&#8217;entitat Creu Roja \u00e9s l&#8217;encarregada de posar-la en marxa centrada en el Dret Internacional Humanitari i en l&#8217;Educaci\u00f3 per a la Pau [\/vc_column_text][\/vc_column][\/vc_row][vc_row el_id=&#8221;TEXTO_NOTICIA&#8221;][vc_column][vc_column_text css=&#8221;&#8221;]La regidoria de [&hellip;]<\/p>\n","protected":false},"author":203,"featured_media":362577,"comment_status":"closed","ping_status":"closed","sticky":false,"template":"","format":"standard","meta":{"footnotes":""},"categories":[3412,391,1312],"tags":[],"class_list":["post-362677","post","type-post","status-publish","format-standard","has-post-thumbnail","hentry","category-cooperacio-internacional","category-home-va","category-noticias-va"],"_links":{"self":[{"href":"https:\/\/www.elche.es\/va\/wp-json\/wp\/v2\/posts\/362677","targetHints":{"allow":["GET"]}}],"collection":[{"href":"https:\/\/www.elche.es\/va\/wp-json\/wp\/v2\/posts"}],"about":[{"href":"https:\/\/www.elche.es\/va\/wp-json\/wp\/v2\/types\/post"}],"author":[{"embeddable":true,"href":"https:\/\/www.elche.es\/va\/wp-json\/wp\/v2\/users\/203"}],"replies":[{"embeddable":true,"href":"https:\/\/www.elche.es\/va\/wp-json\/wp\/v2\/comments?post=362677"}],"version-history":[{"count":2,"href":"https:\/\/www.elche.es\/va\/wp-json\/wp\/v2\/posts\/362677\/revisions"}],"predecessor-version":[{"id":362679,"href":"https:\/\/www.elche.es\/va\/wp-json\/wp\/v2\/posts\/362677\/revisions\/362679"}],"wp:featuredmedia":[{"embeddable":true,"href":"https:\/\/www.elche.es\/va\/wp-json\/wp\/v2\/media\/362577"}],"wp:attachment":[{"href":"https:\/\/www.elche.es\/va\/wp-json\/wp\/v2\/media?parent=362677"}],"wp:term":[{"taxonomy":"category","embeddable":true,"href":"https:\/\/www.elche.es\/va\/wp-json\/wp\/v2\/categories?post=362677"},{"taxonomy":"post_tag","embeddable":true,"href":"https:\/\/www.elche.es\/va\/wp-json\/wp\/v2\/tags?post=362677"}],"curies":[{"name":"wp","href":"https:\/\/api.w.org\/{rel}","templated":true}]}}