{"id":362686,"date":"2026-09-03T09:04:39","date_gmt":"2026-09-03T07:04:39","guid":{"rendered":"https:\/\/www.elche.es\/2026\/09\/la-xxxi-mostra-de-teatre-dama-delx-se-celebra-del-13-al-26-de-setembre\/"},"modified":"2026-09-03T09:04:51","modified_gmt":"2026-09-03T07:04:51","slug":"la-xxxi-mostra-de-teatre-dama-delx-se-celebra-del-13-al-26-de-setembre","status":"publish","type":"post","link":"https:\/\/www.elche.es\/va\/2026\/09\/la-xxxi-mostra-de-teatre-dama-delx-se-celebra-del-13-al-26-de-setembre\/","title":{"rendered":"La XXXI Mostra de Teatre Dama d&#8217;Elx se celebra del 13 al 26 de setembre"},"content":{"rendered":"<div class=\"wpb-content-wrapper\"><p>[vc_row el_id=&#8221;SUBTITULAR_NOTICIA&#8221;][vc_column][vc_column_text css=&#8221;&#8221;]<\/p>\n<hr>\n<h4>Un total d&#8217;11 companyies de teatre amateur il\u00b7licitanes se citaran tots els dies en l&#8217;escenari del Gran Teatre a les 20:00 hores<\/h4>\n<hr>\n<h4><br data-mce-bogus=\"1\"><\/h4>\n<p>[\/vc_column_text][\/vc_column][\/vc_row][vc_row el_id=&#8221;TEXTO_NOTICIA&#8221;][vc_column][vc_column_text css=&#8221;&#8221;]La XXXI Mostra de Teatre Dama d&#8217;Elx torna a l&#8217;escenari del Gran Teatre del 13 al 26 de setembre. Esta nova edici\u00f3 acollir\u00e0 11 propostes de companyies teatrals de la ciutat, que se citaran tots els dies a partir de les 20:00 hores, incl\u00f2s l&#8217;acte de clausura amb la companyia convidada Carpe Diem Teatro de Tomelloso (Ciudad Real) i la seua multipremiada obra\u00a0<em>La habitaci\u00f3n del ni\u00f1o<\/em> de Josep Maria Benet i Jornet.<\/p>\n<p>Esta mostra de teatre local es un dels esdeveniment del teatre amateur il\u00b7licit\u00e0, organitzat per la Regidoria de Cultura en col\u00b7laboraci\u00f3 amb La plataforma de teatre amateur\u00a0d&#8217;Elx, amb l&#8217;objectiu de donar oportunitat a totes les companyies il\u00b7licitanes d&#8217;actuar al Gran Teatre, visibilitzar la diversitat d&#8217;estil i tem\u00e0tiques de les companyies locals.<\/p>\n<p>La regidora de l&#8217;\u00e0rea, Irene Ruiz, s&#8217;ha referit a la Mostra de Teatre Dama d&#8217;Elx com a &#8220;referent auton\u00f2mic de teatre amateur i un dels pocs festivals que es programen \u00edntegrament per companyies locals&#8221;. Aix\u00ed, ha assegurat que &#8220;iniciem curs cultural amb esta Mostra, una de les manifestacions que m\u00e9s ens definixen, com \u00e9s el teatre amateur&#8221; i ha agra\u00eft el treball i l&#8217;esfor\u00e7 de la Plataforma al llarg de tot l&#8217;any per a fer-la possible i que facen disfrutar el p\u00fablic&#8221;.[\/vc_column_text]<a href=\"https:\/\/www.elche.es\/wp-content\/uploads\/2026\/09\/Programa-de-mano-Mostra-de-Teatre-Dama-dElx-2026-1.pdf\" target=\"_blank\" class=\"sc_button sc_button_square sc_button_style_filled style_original sc_button_size_large aligncenter btndentronoticia margin_top_small margin_right_huge margin_bottom_small margin_left_huge\" style=\"````\">DESCARGA AQU\u00cd LA PROGRAMACI\u00d3N<\/a>[\/vc_column][\/vc_row][vc_row el_id=&#8221;DESTACADO_NOTICIA&#8221;][vc_column][vc_column_text css=&#8221;&#8221; el_class=&#8221;cuadronoticia&#8221;]<\/p>\n<h5>Este esdeveniment cultural aposta per &#8220;visibilitzar la diversitat d&#8217;estil i tem\u00e0tiques de les companyies locals&#8221;<\/h5>\n<p>[\/vc_column_text][\/vc_column][\/vc_row][vc_row el_id=&#8221;TEXTO_FIN_NOTICIA&#8221;][vc_column][vc_column_text css=&#8221;&#8221;]El tret d\u2019eixida el donar\u00e0 Pr\u00edapa Teatro amb la tragicom\u00e8dia musical <strong>\u2018Los reyes mendigos\u2019<\/strong>, de l\u2019il\u00b7licit\u00e0 Juan A. Valdivia. La com\u00e8dia torna a ser la gran protagonista d\u2019esta edici\u00f3 de la m\u00e0 de companyies com La Tar\u00e1ntula, Teatro de las Naciones, la Joven Trupe, Cadillac Teatro, Calandraca i Soy Artista. A m\u00e9s, la companyia Bomba Teatro participa per primera vegada en la Mostra amb una versi\u00f3 del musical <strong>\u2018Cabaret\u2019<\/strong>.<\/p>\n<p>El drama far\u00e0 acte de pres\u00e8ncia amb les escoles de teatre Somnis Teatro i Siete Glorias-Espai Esc\u00e8nic, o l\u2019associaci\u00f3 Noktumbra Teatro amb un text de l\u2019il\u00b7licit\u00e0 Jos\u00e9 Juan P\u00e9rez Maci\u00e0.<\/p>\n<p>La clausura tindr\u00e0 lloc el dissabte 26, amb l\u2019actuaci\u00f3 del grup Carpe Diem Teatro amb el drama-suspens <strong>\u2018La Habitaci\u00f3n del ni\u00f1o\u2019<\/strong>, que ha rebut nombrosos premis a escala nacional per les interpretacions dels actors. A m\u00e9s, eixe dissabte es far\u00e0 l\u2019acte de lliurament de reconeixements als grups participants a c\u00e0rrec de La Plataforma.<\/p>\n<p>El president de la Plataforma de Teatre Amateur, Fernando Blaya, ha destacat la variada programaci\u00f3 de la Mostra, \u00abamb gran talent sobre l\u2019escenari per\u00f2 tamb\u00e9 a trav\u00e9s dels textos\u00bb, i ha destacat l\u2019estrena enguany de la companyia Bomba Teatro.<\/p>\n<p>Les entrades ja es poden adquirir a la plataforma <a href=\"http:\/\/www.vivaticket.es\/\">www.vivaticket.es<\/a> o a la taquilla del Gran Teatre, a un preu de 2 euros. Tota la informaci\u00f3 est\u00e0 disponible al web elche.es i al blog de La Plataforma (laplataformaelx.wordpress.com).<\/p>\n<p>De manera paral\u00b7lela, s\u2019ha organitzat el curs <strong>\u00abTarot Dansat\u00bb<\/strong>, impartit per la ballarina i docent Alba Cerdeiri\u00f1a. El taller s\u2019impartir\u00e0 els dies 3 i 4 d\u2019octubre a la Sala Esc\u00e8niques 2 del CCCE L\u2019Escorxador. Les inscripcions s\u00f3n gratu\u00eftes i es podran fer del 13 al 27 de setembre, a trav\u00e9s del correu <a href=\"mailto:laplataformatalleres@gmail.com\">laplataformatalleres@gmail.com<\/a>.<\/p>\n<p>&nbsp;<\/p>\n<p>[\/vc_column_text][\/vc_column][\/vc_row][vc_row][vc_column width=&#8221;1\/6&#8243;][\/vc_column][vc_column width=&#8221;2\/3&#8243;]<audio class=\"sc_audio\" src=\"https:\/\/soundcloud.com\/ayuntamiento-de-elche\/la-xxxi-mostra-de-teatre-dama\" width=\"\" height=\"\" style=\"````\"><\/audio>[\/vc_column][vc_column width=&#8221;1\/6&#8243;][\/vc_column][\/vc_row]<\/p>\n<\/div>","protected":false},"excerpt":{"rendered":"<p>[vc_row el_id=&#8221;SUBTITULAR_NOTICIA&#8221;][vc_column][vc_column_text css=&#8221;&#8221;] Un total d&#8217;11 companyies de teatre amateur il\u00b7licitanes se citaran tots els dies en l&#8217;escenari del Gran Teatre a les 20:00 hores [\/vc_column_text][\/vc_column][\/vc_row][vc_row el_id=&#8221;TEXTO_NOTICIA&#8221;][vc_column][vc_column_text css=&#8221;&#8221;]La XXXI Mostra [&hellip;]<\/p>\n","protected":false},"author":203,"featured_media":362585,"comment_status":"closed","ping_status":"closed","sticky":false,"template":"","format":"standard","meta":{"footnotes":""},"categories":[193,391,1312],"tags":[],"class_list":["post-362686","post","type-post","status-publish","format-standard","has-post-thumbnail","hentry","category-cultura-va","category-home-va","category-noticias-va"],"_links":{"self":[{"href":"https:\/\/www.elche.es\/va\/wp-json\/wp\/v2\/posts\/362686","targetHints":{"allow":["GET"]}}],"collection":[{"href":"https:\/\/www.elche.es\/va\/wp-json\/wp\/v2\/posts"}],"about":[{"href":"https:\/\/www.elche.es\/va\/wp-json\/wp\/v2\/types\/post"}],"author":[{"embeddable":true,"href":"https:\/\/www.elche.es\/va\/wp-json\/wp\/v2\/users\/203"}],"replies":[{"embeddable":true,"href":"https:\/\/www.elche.es\/va\/wp-json\/wp\/v2\/comments?post=362686"}],"version-history":[{"count":2,"href":"https:\/\/www.elche.es\/va\/wp-json\/wp\/v2\/posts\/362686\/revisions"}],"predecessor-version":[{"id":362688,"href":"https:\/\/www.elche.es\/va\/wp-json\/wp\/v2\/posts\/362686\/revisions\/362688"}],"wp:featuredmedia":[{"embeddable":true,"href":"https:\/\/www.elche.es\/va\/wp-json\/wp\/v2\/media\/362585"}],"wp:attachment":[{"href":"https:\/\/www.elche.es\/va\/wp-json\/wp\/v2\/media?parent=362686"}],"wp:term":[{"taxonomy":"category","embeddable":true,"href":"https:\/\/www.elche.es\/va\/wp-json\/wp\/v2\/categories?post=362686"},{"taxonomy":"post_tag","embeddable":true,"href":"https:\/\/www.elche.es\/va\/wp-json\/wp\/v2\/tags?post=362686"}],"curies":[{"name":"wp","href":"https:\/\/api.w.org\/{rel}","templated":true}]}}