{"id":362692,"date":"2026-09-03T09:21:09","date_gmt":"2026-09-03T07:21:09","guid":{"rendered":"https:\/\/www.elche.es\/2026\/09\/continuen-les-obres-de-reforma-de-les-jardineres-de-bisbe-barrachina\/"},"modified":"2026-09-03T09:21:18","modified_gmt":"2026-09-03T07:21:18","slug":"continuen-les-obres-de-reforma-de-les-jardineres-de-bisbe-barrachina","status":"publish","type":"post","link":"https:\/\/www.elche.es\/va\/2026\/09\/continuen-les-obres-de-reforma-de-les-jardineres-de-bisbe-barrachina\/","title":{"rendered":"Continuen les obres de reforma de les jardineres de Bisbe Barrachina"},"content":{"rendered":"<div class=\"wpb-content-wrapper\"><p>[vc_row el_id=&#8221;SUBTITULAR_NOTICIA&#8221;][vc_column][vc_column_text css=&#8221;&#8221;]<\/p>\n<h4>L\u2019actuaci\u00f3 se centra ara en la demolici\u00f3 de les estructures que falten i, a m\u00e9s, contempla la millora de l\u2019espai central, el mobiliari urb\u00e0, la xarxa de reg i l\u2019arbrat<\/h4>\n<hr \/>\n<p>[\/vc_column_text][\/vc_column][\/vc_row][vc_row el_id=&#8221;TEXTO_NOTICIA&#8221;][vc_column][vc_column_text css=&#8221;&#8221;]El regidor de Serveis P\u00fablics, Claudio Guilabert, ha visitat este dimarts les obres de reforma de les jardineres del jard\u00ed Nieves Berenguer, al carrer Bisbe Barrachina, uns treballs que es van reprendre fa unes setmanes despr\u00e9s de la resoluci\u00f3 i liquidaci\u00f3 de l\u2019anterior contracte a causa de les defici\u00e8ncies i els retards continuats que presentava l&#8217;execuci\u00f3.<\/p>\n<p>Tal com ha explicat Guilabert, els treballs avancen d\u2019acord amb els terminis previstos. Ja s\u2019ha executat el remat superior de les jardineres de les places 1a i 2a amb morter drenant, s\u2019ha substitu\u00eft la xarxa de reg i s\u2019ha plantat nou arbrat en els buits existents.<\/p>\n<p>Actualment, les obres se centren en la pla\u00e7a 3a, on s\u2019estan demolint les jardineres existents per a construir-ne les noves, que seran de formig\u00f3 armat vist. A m\u00e9s, l\u2019acabat superior es realitzar\u00e0 amb llosa de formig\u00f3 drenant i grava, en lloc de gespa artificial, atenent la petici\u00f3 dels ve\u00efns.[\/vc_column_text][\/vc_column][\/vc_row][vc_row el_id=&#8221;DESTACADO_NOTICIA&#8221;][vc_column][vc_column_text css=&#8221;&#8221; el_class=&#8221;cuadronoticia&#8221;]<\/p>\n<h5>Els treballs tenen un termini d\u2019execuci\u00f3 de tres mesos i avancen d\u2019acord amb els terminis previstos<\/h5>\n<p>[\/vc_column_text][\/vc_column][\/vc_row][vc_row el_id=&#8221;TEXTO_FIN_NOTICIA&#8221;][vc_column][vc_column_text css=&#8221;&#8221;]El regidor ha destacat que \u00abels treballs van a molt bon ritme; en este cas ja han realitzat les demolicions i, posteriorment, passaran a l\u2019encofrat perqu\u00e8 quede un parc totalment reformat i modern, que \u00e9s el que mereixen els ve\u00efns d\u2019esta zona\u00bb.<\/p>\n<p>L\u2019actuaci\u00f3 contempla la renovaci\u00f3 de 26 jardineres que ocupen una longitud total de 440 metres, a m\u00e9s de la millora de l\u2019espai central i la renovaci\u00f3 del mobiliari urb\u00e0. Les obres es van adjudicar al juliol a Obras y Servicios P. Selva, SL, per 160.325 euros i tenen un termini d\u2019execuci\u00f3 de tres mesos.<\/p>\n<p>Les antigues jardineres presentaven esquerdes i despreniments provocats per l\u2019empenta de les arrels de l\u2019arbrat, per la qual cosa l\u2019actuaci\u00f3 permetr\u00e0 resoldre estos problemes i millorar de manera integral este espai p\u00fablic.<\/p>\n<p>Segons ha assenyalat Claudio Guilabert, \u00abestem complint des del pavell\u00f3 inclusiu, passant pel carrer Jos\u00e9 Garc\u00eda Fern\u00e1ndez, els dos mercats de pla\u00e7a Madrid i pla\u00e7a Barcelona, l\u2019avinguda Ausi\u00e0s March, el barri de Porfiri Pasqual o Jayton. \u00c9s la legislatura que m\u00e9s ha invertit a Carr\u00fas perqu\u00e8 este barri mereix la inversi\u00f3 de l\u2019Ajuntament\u00bb.<\/p>\n<hr \/>\n<p>[\/vc_column_text][\/vc_column][\/vc_row][vc_row][vc_column width=&#8221;1\/6&#8243;][\/vc_column][vc_column width=&#8221;2\/3&#8243;]<audio class=\"sc_audio\" src=\"https:\/\/soundcloud.com\/ayuntamiento-de-elche\/continuan-las-obras-de-reforma\" width=\"\" height=\"\" style=\"````\"><\/audio>[\/vc_column][vc_column width=&#8221;1\/6&#8243;][\/vc_column][\/vc_row]<\/p>\n<\/div>","protected":false},"excerpt":{"rendered":"<p>[vc_row el_id=&#8221;SUBTITULAR_NOTICIA&#8221;][vc_column][vc_column_text css=&#8221;&#8221;] L\u2019actuaci\u00f3 se centra ara en la demolici\u00f3 de les estructures que falten i, a m\u00e9s, contempla la millora de l\u2019espai central, el mobiliari urb\u00e0, la xarxa de [&hellip;]<\/p>\n","protected":false},"author":203,"featured_media":362591,"comment_status":"closed","ping_status":"closed","sticky":false,"template":"","format":"standard","meta":{"footnotes":""},"categories":[391,1312,1277],"tags":[],"class_list":["post-362692","post","type-post","status-publish","format-standard","has-post-thumbnail","hentry","category-home-va","category-noticias-va","category-via-publica-va"],"_links":{"self":[{"href":"https:\/\/www.elche.es\/va\/wp-json\/wp\/v2\/posts\/362692","targetHints":{"allow":["GET"]}}],"collection":[{"href":"https:\/\/www.elche.es\/va\/wp-json\/wp\/v2\/posts"}],"about":[{"href":"https:\/\/www.elche.es\/va\/wp-json\/wp\/v2\/types\/post"}],"author":[{"embeddable":true,"href":"https:\/\/www.elche.es\/va\/wp-json\/wp\/v2\/users\/203"}],"replies":[{"embeddable":true,"href":"https:\/\/www.elche.es\/va\/wp-json\/wp\/v2\/comments?post=362692"}],"version-history":[{"count":2,"href":"https:\/\/www.elche.es\/va\/wp-json\/wp\/v2\/posts\/362692\/revisions"}],"predecessor-version":[{"id":362694,"href":"https:\/\/www.elche.es\/va\/wp-json\/wp\/v2\/posts\/362692\/revisions\/362694"}],"wp:featuredmedia":[{"embeddable":true,"href":"https:\/\/www.elche.es\/va\/wp-json\/wp\/v2\/media\/362591"}],"wp:attachment":[{"href":"https:\/\/www.elche.es\/va\/wp-json\/wp\/v2\/media?parent=362692"}],"wp:term":[{"taxonomy":"category","embeddable":true,"href":"https:\/\/www.elche.es\/va\/wp-json\/wp\/v2\/categories?post=362692"},{"taxonomy":"post_tag","embeddable":true,"href":"https:\/\/www.elche.es\/va\/wp-json\/wp\/v2\/tags?post=362692"}],"curies":[{"name":"wp","href":"https:\/\/api.w.org\/{rel}","templated":true}]}}