{"id":362695,"date":"2026-09-03T09:38:56","date_gmt":"2026-09-03T07:38:56","guid":{"rendered":"https:\/\/www.elche.es\/2026\/09\/el-ple-delx-mostra-la-seua-solidaritat-i-suport-al-poble-de-ceuta\/"},"modified":"2026-09-03T09:39:06","modified_gmt":"2026-09-03T07:39:06","slug":"el-ple-delx-mostra-la-seua-solidaritat-i-suport-al-poble-de-ceuta","status":"publish","type":"post","link":"https:\/\/www.elche.es\/va\/2026\/09\/el-ple-delx-mostra-la-seua-solidaritat-i-suport-al-poble-de-ceuta\/","title":{"rendered":"El Ple d\u2019Elx mostra la seua solidaritat i suport al poble de Ceuta"},"content":{"rendered":"<div class=\"wpb-content-wrapper\"><p>[vc_row el_id=&#8221;SUBTITULAR_NOTICIA&#8221;][vc_column][vc_column_text css=&#8221;&#8221;]<\/p>\n<hr \/>\n<h4>La proposta d\u2019Alcaldia ha sigut aprovada pels grups municipals de PP i Vox i ha sigut rebutjada pels grups de Comprom\u00eds i PSOE<\/h4>\n<hr \/>\n<p>[\/vc_column_text][\/vc_column][\/vc_row][vc_row el_id=&#8221;TEXTO_NOTICIA&#8221;][vc_column][vc_column_text css=&#8221;&#8221;]El Sal\u00f3 de Plens de l\u2019Ajuntament d\u2019Elx ha acollit la celebraci\u00f3 d\u2019un Ple extraordinari per a abordar la situaci\u00f3 de crisi que est\u00e0 vivint la ciutat aut\u00f2noma de Ceuta des del passat 30 de juliol.<\/p>\n<p>La proposici\u00f3 d\u2019Alcaldia, aprovada amb els vots a favor de PP i Vox i els vots en contra del PSOE i Comprom\u00eds, s\u2019ha centrat a reclamar al Govern d\u2019Espanya una actuaci\u00f3 ferma en la defensa de les fronteres, aix\u00ed com a expressar la solidaritat d\u2019Elx amb Ceuta, que dona suport a la convocat\u00f2ria de la Federaci\u00f3 Espanyola de Municipis i Prov\u00edncies per a la concentraci\u00f3 d\u2019este 2 de setembre, a les 20.00 h, a la pla\u00e7a de Baix.[\/vc_column_text][\/vc_column][\/vc_row][vc_row el_id=&#8221;DESTACADO_NOTICIA&#8221;][vc_column][vc_column_text css=&#8221;&#8221; el_class=&#8221;cuadronoticia&#8221;]<\/p>\n<h5>A les 20.00 h, tindr\u00e0 lloc la concentraci\u00f3 en suport dels ceutins a la pla\u00e7a de Baix<\/h5>\n<p>[\/vc_column_text][\/vc_column][\/vc_row][vc_row el_id=&#8221;TEXTO_FIN_NOTICIA&#8221;][vc_column][vc_column_text css=&#8221;&#8221;]L\u2019alcalde, Pablo Ruz, ha assenyalat que \u00abel poble d\u2019Elx ha de manifestar el seu comprom\u00eds, solidaritat i fermesa amb els ceutins, als quals han llevat la llibertat de gaudir dels seus carrers, de les seues platges, d\u2019una ciutat a la qual contribueixen amb els seus impostos\u00bb. Ruz ha destacat que \u00abCeuta \u00e9s Espanya, estem amb ells i Elx els defensa\u00bb.<\/p>\n<p>Per la seua banda, la tercera tinenta d\u2019alcalde, Aurora Rodil, ha posat de manifest \u00abl\u2019aband\u00f3 al qual s\u2019ha sotm\u00e9s els ceutins durant este mes\u00bb i ha animat la ciutadania a acudir a la concentraci\u00f3 d\u2019esta vesprada per a \u00abmostrar el nostre comprom\u00eds i solidaritat amb Ceuta, per a dir-los que no els deixarem sols\u00bb.<\/p>\n<hr \/>\n<p>[\/vc_column_text][\/vc_column][\/vc_row][vc_row][vc_column width=&#8221;1\/6&#8243;][\/vc_column][vc_column width=&#8221;1\/6&#8243;][\/vc_column][\/vc_row][vc_row][vc_column width=&#8221;1\/6&#8243;][\/vc_column][vc_column width=&#8221;1\/6&#8243;][\/vc_column][\/vc_row]<\/p>\n<\/div>","protected":false},"excerpt":{"rendered":"<p>[vc_row el_id=&#8221;SUBTITULAR_NOTICIA&#8221;][vc_column][vc_column_text css=&#8221;&#8221;] La proposta d\u2019Alcaldia ha sigut aprovada pels grups municipals de PP i Vox i ha sigut rebutjada pels grups de Comprom\u00eds i PSOE [\/vc_column_text][\/vc_column][\/vc_row][vc_row el_id=&#8221;TEXTO_NOTICIA&#8221;][vc_column][vc_column_text css=&#8221;&#8221;]El Sal\u00f3 [&hellip;]<\/p>\n","protected":false},"author":203,"featured_media":362666,"comment_status":"closed","ping_status":"closed","sticky":false,"template":"","format":"standard","meta":{"footnotes":""},"categories":[391,1312],"tags":[],"class_list":["post-362695","post","type-post","status-publish","format-standard","has-post-thumbnail","hentry","category-home-va","category-noticias-va"],"_links":{"self":[{"href":"https:\/\/www.elche.es\/va\/wp-json\/wp\/v2\/posts\/362695","targetHints":{"allow":["GET"]}}],"collection":[{"href":"https:\/\/www.elche.es\/va\/wp-json\/wp\/v2\/posts"}],"about":[{"href":"https:\/\/www.elche.es\/va\/wp-json\/wp\/v2\/types\/post"}],"author":[{"embeddable":true,"href":"https:\/\/www.elche.es\/va\/wp-json\/wp\/v2\/users\/203"}],"replies":[{"embeddable":true,"href":"https:\/\/www.elche.es\/va\/wp-json\/wp\/v2\/comments?post=362695"}],"version-history":[{"count":2,"href":"https:\/\/www.elche.es\/va\/wp-json\/wp\/v2\/posts\/362695\/revisions"}],"predecessor-version":[{"id":362697,"href":"https:\/\/www.elche.es\/va\/wp-json\/wp\/v2\/posts\/362695\/revisions\/362697"}],"wp:featuredmedia":[{"embeddable":true,"href":"https:\/\/www.elche.es\/va\/wp-json\/wp\/v2\/media\/362666"}],"wp:attachment":[{"href":"https:\/\/www.elche.es\/va\/wp-json\/wp\/v2\/media?parent=362695"}],"wp:term":[{"taxonomy":"category","embeddable":true,"href":"https:\/\/www.elche.es\/va\/wp-json\/wp\/v2\/categories?post=362695"},{"taxonomy":"post_tag","embeddable":true,"href":"https:\/\/www.elche.es\/va\/wp-json\/wp\/v2\/tags?post=362695"}],"curies":[{"name":"wp","href":"https:\/\/api.w.org\/{rel}","templated":true}]}}