{"id":362739,"date":"2026-09-04T08:40:24","date_gmt":"2026-09-04T06:40:24","guid":{"rendered":"https:\/\/www.elche.es\/2026\/09\/elx-continua-el-pla-darbrat-en-tot-el-municipi\/"},"modified":"2026-09-04T08:40:40","modified_gmt":"2026-09-04T06:40:40","slug":"elx-continua-el-pla-darbrat-en-tot-el-municipi","status":"publish","type":"post","link":"https:\/\/www.elche.es\/va\/2026\/09\/elx-continua-el-pla-darbrat-en-tot-el-municipi\/","title":{"rendered":"Elx continua el pla d\u2019arbrat en tot el municipi"},"content":{"rendered":"<div class=\"wpb-content-wrapper\"><p>[vc_row el_id=&#8221;SUBTITULAR_NOTICIA&#8221;][vc_column][vc_column_text css=&#8221;&#8221;]<\/p>\n<h4>La Junta de Govern Local aprova l\u2019inici d\u2019un nou contracte per a la plantaci\u00f3 d\u2019exemplars en diferents zones<\/h4>\n<p>&nbsp;<\/p>\n<hr \/>\n<p>[\/vc_column_text][\/vc_column][\/vc_row][vc_row el_id=&#8221;TEXTO_NOTICIA&#8221;][vc_column][vc_column_text css=&#8221;&#8221;]La Junta de Govern Local ha aprovat l\u2019inici de l\u2019expedient de licitaci\u00f3 d\u2019un nou contracte de subministrament d\u2019arbrat per a la plantaci\u00f3 d\u2019exemplars en diferents zones verdes de tot el municipi, aix\u00ed com en vies p\u00fabliques, voreres i mitjanes, amb un pressupost base de licitaci\u00f3 de 217.000 euros.<\/p>\n<p>La portaveu de la Junta de Govern Local, Inma Mora, ha destacat l\u2019aposta d\u2019este govern municipal per contribuir a la millora de la qualitat de vida dels ciutadans amb noves zones d\u2019ombra que redu\u00efsquen la temperatura en determinades \u00e8poques de l\u2019any.<\/p>\n<p>Mora ha recordat que des de l\u2019inici d\u2019esta legislatura s\u2019han plantat m\u00e9s de 3.000 arbres i pr\u00f2ximament comen\u00e7ar\u00e0 una nova actuaci\u00f3 als carrers Doctor Ferr\u00e1n i Crist\u00f2fol Sanz.<\/p>\n<p>En la reuni\u00f3 d\u2019este dijous tamb\u00e9 s\u2019han aprovat les bases de la convocat\u00f2ria del \u00abII Certamen Literari Regidoria Dona 2026\u00bb, amb l\u2019objectiu d\u2019estimular la creaci\u00f3 liter\u00e0ria per a ressaltar els valors d\u2019igualtat a trav\u00e9s de relats curts i sensibilitzar la societat sobre la igualtat, la no-discriminaci\u00f3 i la just\u00edcia social mitjan\u00e7ant relats breus relacionats amb la promoci\u00f3 de la igualtat entre dones i homes.<\/p>\n<p>L\u2019edil de l\u2019\u00e0rea, Caridad Mart\u00ednez, ha explicat que la tem\u00e0tica girar\u00e0 entorn de les desigualtats existents entre homes i dones en els diferents \u00e0mbits de la vida (laboral, familiar, social i pol\u00edtic). S\u2019establixen tres categories: Infantil (fins a 12 anys), Juvenil (de 13 a 17 anys) i Adults (a partir de 18 anys), en les modalitats de castell\u00e0 o valenci\u00e0, i hi poden participar homes i dones.<\/p>\n<p>La totalitat dels premis ascendix a 1.800 euros i el millor relat de cadascuna de les categories en les modalitats de castell\u00e0 i valenci\u00e0 rebr\u00e0 un premi en met\u00e0l\u00b7lic de 300 euros, a excepci\u00f3 de la categoria Infantil, amb un premi valorat en esta quantitat que estar\u00e0 compost per un llibre electr\u00f2nic i funda, una mem\u00f2ria USB i un lot de llibres amb tem\u00e0tica d\u2019igualtat entre dones i homes. [\/vc_column_text][\/vc_column][\/vc_row][vc_row el_id=&#8221;DESTACADO_NOTICIA&#8221;][vc_column][vc_column_text css=&#8221;&#8221; el_class=&#8221;cuadronoticia&#8221;]<\/p>\n<h5>Llum verda a una nova convocat\u00f2ria de la concessi\u00f3 del Segell Distintiu Local \u00abEmpresa Conciliadora\u00bb<\/h5>\n<p>[\/vc_column_text][\/vc_column][\/vc_row][vc_row el_id=&#8221;TEXTO_FIN_NOTICIA&#8221;][vc_column][vc_column_text css=&#8221;&#8221;]Tamb\u00e9 s\u2019ha aprovat la convocat\u00f2ria de la concessi\u00f3 del Segell Distintiu Local \u00abEmpresa Conciliadora\u00bb de l\u2019Ajuntament d\u2019Elx per a l\u2019edici\u00f3 de 2026, amb la finalitat de recon\u00e9ixer, estimular i fomentar activitats encaminades a millorar la conciliaci\u00f3 de la vida laboral, familiar i personal dins del teixit empresarial del municipi.<\/p>\n<p>La concessi\u00f3 d\u2019este segell pret\u00e9n recon\u00e9ixer les empreses que tenen establides mesures per a la conciliaci\u00f3 de la vida laboral, familiar i personal dins de la seua organitzaci\u00f3; incentivar la posada en marxa d\u2019estes mesures en la gesti\u00f3 dels recursos humans de les empreses i, al mateix temps, difondre les bones pr\u00e0ctiques en mat\u00e8ria de conciliaci\u00f3 entre el m\u00f3n empresarial i la poblaci\u00f3 en general.<\/p>\n<p>A trav\u00e9s d\u2019esta convocat\u00f2ria es preveuen dos tipus de reconeixement diferents. D\u2019una banda, organitzacions de car\u00e0cter privat en les categories de Microempresa, Xicoteta empresa, Mitjana empresa i Gran empresa; i, d\u2019altra banda, organitzacions de car\u00e0cter mixt.<\/p>\n<p>Actualment ja s\u00f3n m\u00e9s d\u2019una vintena les empreses que disposen d\u2019este segell distintiu, que t\u00e9 una vig\u00e8ncia de dos anys, amb possibilitat de pr\u00f2rroga.<\/p>\n<hr \/>\n<p>[\/vc_column_text][\/vc_column][\/vc_row]<\/p>\n<\/div>","protected":false},"excerpt":{"rendered":"<p>[vc_row el_id=&#8221;SUBTITULAR_NOTICIA&#8221;][vc_column][vc_column_text css=&#8221;&#8221;] La Junta de Govern Local aprova l\u2019inici d\u2019un nou contracte per a la plantaci\u00f3 d\u2019exemplars en diferents zones &nbsp; [\/vc_column_text][\/vc_column][\/vc_row][vc_row el_id=&#8221;TEXTO_NOTICIA&#8221;][vc_column][vc_column_text css=&#8221;&#8221;]La Junta de Govern Local ha [&hellip;]<\/p>\n","protected":false},"author":139,"featured_media":362722,"comment_status":"closed","ping_status":"closed","sticky":false,"template":"","format":"standard","meta":{"footnotes":""},"categories":[391,3085,1312],"tags":[],"class_list":["post-362739","post","type-post","status-publish","format-standard","has-post-thumbnail","hentry","category-home-va","category-junta-de-govern-local","category-noticias-va"],"_links":{"self":[{"href":"https:\/\/www.elche.es\/va\/wp-json\/wp\/v2\/posts\/362739","targetHints":{"allow":["GET"]}}],"collection":[{"href":"https:\/\/www.elche.es\/va\/wp-json\/wp\/v2\/posts"}],"about":[{"href":"https:\/\/www.elche.es\/va\/wp-json\/wp\/v2\/types\/post"}],"author":[{"embeddable":true,"href":"https:\/\/www.elche.es\/va\/wp-json\/wp\/v2\/users\/139"}],"replies":[{"embeddable":true,"href":"https:\/\/www.elche.es\/va\/wp-json\/wp\/v2\/comments?post=362739"}],"version-history":[{"count":2,"href":"https:\/\/www.elche.es\/va\/wp-json\/wp\/v2\/posts\/362739\/revisions"}],"predecessor-version":[{"id":362741,"href":"https:\/\/www.elche.es\/va\/wp-json\/wp\/v2\/posts\/362739\/revisions\/362741"}],"wp:featuredmedia":[{"embeddable":true,"href":"https:\/\/www.elche.es\/va\/wp-json\/wp\/v2\/media\/362722"}],"wp:attachment":[{"href":"https:\/\/www.elche.es\/va\/wp-json\/wp\/v2\/media?parent=362739"}],"wp:term":[{"taxonomy":"category","embeddable":true,"href":"https:\/\/www.elche.es\/va\/wp-json\/wp\/v2\/categories?post=362739"},{"taxonomy":"post_tag","embeddable":true,"href":"https:\/\/www.elche.es\/va\/wp-json\/wp\/v2\/tags?post=362739"}],"curies":[{"name":"wp","href":"https:\/\/api.w.org\/{rel}","templated":true}]}}