{"id":362743,"date":"2026-09-04T08:58:53","date_gmt":"2026-09-04T06:58:53","guid":{"rendered":"https:\/\/www.elche.es\/2026\/09\/elx-acull-lexposicio-els-limits-de-la-guerra-de-creu-roja-sobre-conflictes-armats\/"},"modified":"2026-09-04T08:59:01","modified_gmt":"2026-09-04T06:59:01","slug":"elx-acull-lexposicio-els-limits-de-la-guerra-de-creu-roja-sobre-conflictes-armats","status":"publish","type":"post","link":"https:\/\/www.elche.es\/va\/2026\/09\/elx-acull-lexposicio-els-limits-de-la-guerra-de-creu-roja-sobre-conflictes-armats\/","title":{"rendered":"Elx acull l\u2019exposici\u00f3 \u00abEls l\u00edmits de la guerra\u00bb de Creu Roja sobre conflictes armats"},"content":{"rendered":"<div class=\"wpb-content-wrapper\"><p>[vc_row el_id=&#8221;SUBTITULAR_NOTICIA&#8221;][vc_column][vc_column_text css=&#8221;&#8221;]<\/p>\n<hr \/>\n<h4>La mostra es pot visitar al Centre de Congressos del 3 al 10 de setembre i aborda, a trav\u00e9s de 21 panells, les causes i les conseq\u00fc\u00e8ncies de les guerres al m\u00f3n<\/h4>\n<hr \/>\n<p>[\/vc_column_text][\/vc_column][\/vc_row][vc_row el_id=&#8221;TEXTO_NOTICIA&#8221;][vc_column][vc_column_text css=&#8221;&#8221;]La regidora de Cooperaci\u00f3, Celia Lastra, ha assistit a la inauguraci\u00f3 de l\u2019exposici\u00f3 \u00abEls l\u00edmits de la guerra. Pau, Dret Internacional Humanitari i Conflictes\u00bb, organitzada per Creu Roja Elx i que estar\u00e0 disponible al Centre de Congressos des d\u2019este 3 de setembre fins al pr\u00f2xim dia 10, aniversari de l\u2019entitat il\u00b7licitana.<\/p>\n<p>\u00ab\u00c9s una exposici\u00f3 molt interessant sobre temes b\u00e8l\u00b7lics, conflictes armats i, el m\u00e9s important, el dret internacional i la seua import\u00e0ncia\u00bb, ha assenyalat Lastra, que, a m\u00e9s, ha recordat que esta mostra es du a terme per part de Creu Roja amb motiu del Cicle de Col\u00b7loquis per la Cooperaci\u00f3 Internacional al Desenvolupament, centrat en el Dret Internacional Humanitari i l\u2019Educaci\u00f3 per a la Pau.<\/p>\n<p>En este sentit, el pr\u00f2xim 10 de setembre, l\u2019auditori del Centre de Congressos acollir\u00e0 una xarrada-col\u00b7loqui a partir de les 18.00 hores amb ponents especialitzats en esta tem\u00e0tica, que compartiran els seus coneixements i experi\u00e8ncies amb les persones assistents. [\/vc_column_text][\/vc_column][\/vc_row][vc_row el_id=&#8221;DESTACADO_NOTICIA&#8221;][vc_column][vc_column_text css=&#8221;&#8221; el_class=&#8221;cuadronoticia&#8221;]<\/p>\n<h5>L\u2019exposici\u00f3 forma part del Cicle de Col\u00b7loquis per la Cooperaci\u00f3 Internacional al Desenvolupament, que culminar\u00e0 amb una xarrada sobre Dret Internacional Humanitari i Educaci\u00f3 per a la Pau<\/h5>\n<p>[\/vc_column_text][\/vc_column][\/vc_row][vc_row el_id=&#8221;TEXTO_FIN_NOTICIA&#8221;][vc_column][vc_column_text css=&#8221;&#8221;]L\u2019exposici\u00f3 dona a con\u00e9ixer, a trav\u00e9s de 21 panells, els 15 conflictes armats que hi ha actualment al m\u00f3n i mostra les causes i els efectes, els despla\u00e7aments for\u00e7ats que es produeixen, la privaci\u00f3 dels serveis b\u00e0sics, les crisis aliment\u00e0ries, el dret humanitari de guerra, la protecci\u00f3 de la inf\u00e0ncia i les dones o els grups minoritaris.<\/p>\n<p>Per la seua banda, el president de l\u2019Assemblea Local de Creu Roja Elx, Antonio Ram\u00f3n Guilabert, ha assenyalat que es tracta d\u2019\u00abuna exposici\u00f3 molt important perqu\u00e8 la gent siga conscient de com funciona el m\u00f3n en realitat. Ac\u00ed veureu que en este moment hi ha al voltant de 35 guerres actives al m\u00f3n, on milers de persones patixen, i \u00e9s molt important que vegem com hi ha molta gent que col\u00b7labora lluitant contra estos problemes\u00bb.<\/p>\n<hr \/>\n<p>[\/vc_column_text][\/vc_column][\/vc_row]<\/p>\n<\/div>","protected":false},"excerpt":{"rendered":"<p>[vc_row el_id=&#8221;SUBTITULAR_NOTICIA&#8221;][vc_column][vc_column_text css=&#8221;&#8221;] La mostra es pot visitar al Centre de Congressos del 3 al 10 de setembre i aborda, a trav\u00e9s de 21 panells, les causes i les conseq\u00fc\u00e8ncies [&hellip;]<\/p>\n","protected":false},"author":139,"featured_media":362726,"comment_status":"closed","ping_status":"closed","sticky":false,"template":"","format":"standard","meta":{"footnotes":""},"categories":[3412,391,1312],"tags":[],"class_list":["post-362743","post","type-post","status-publish","format-standard","has-post-thumbnail","hentry","category-cooperacio-internacional","category-home-va","category-noticias-va"],"_links":{"self":[{"href":"https:\/\/www.elche.es\/va\/wp-json\/wp\/v2\/posts\/362743","targetHints":{"allow":["GET"]}}],"collection":[{"href":"https:\/\/www.elche.es\/va\/wp-json\/wp\/v2\/posts"}],"about":[{"href":"https:\/\/www.elche.es\/va\/wp-json\/wp\/v2\/types\/post"}],"author":[{"embeddable":true,"href":"https:\/\/www.elche.es\/va\/wp-json\/wp\/v2\/users\/139"}],"replies":[{"embeddable":true,"href":"https:\/\/www.elche.es\/va\/wp-json\/wp\/v2\/comments?post=362743"}],"version-history":[{"count":2,"href":"https:\/\/www.elche.es\/va\/wp-json\/wp\/v2\/posts\/362743\/revisions"}],"predecessor-version":[{"id":362745,"href":"https:\/\/www.elche.es\/va\/wp-json\/wp\/v2\/posts\/362743\/revisions\/362745"}],"wp:featuredmedia":[{"embeddable":true,"href":"https:\/\/www.elche.es\/va\/wp-json\/wp\/v2\/media\/362726"}],"wp:attachment":[{"href":"https:\/\/www.elche.es\/va\/wp-json\/wp\/v2\/media?parent=362743"}],"wp:term":[{"taxonomy":"category","embeddable":true,"href":"https:\/\/www.elche.es\/va\/wp-json\/wp\/v2\/categories?post=362743"},{"taxonomy":"post_tag","embeddable":true,"href":"https:\/\/www.elche.es\/va\/wp-json\/wp\/v2\/tags?post=362743"}],"curies":[{"name":"wp","href":"https:\/\/api.w.org\/{rel}","templated":true}]}}